{"id":159,"date":"2018-04-05T12:38:15","date_gmt":"2018-04-05T17:38:15","guid":{"rendered":"https:\/\/www.cargox.com\/noticias\/?p=159"},"modified":"2018-04-06T12:53:47","modified_gmt":"2018-04-06T17:53:47","slug":"pirateria-en-oceano-indico-regreso","status":"publish","type":"post","link":"https:\/\/www.cargox.com\/noticias\/2018\/04\/05\/pirateria-en-oceano-indico-regreso\/","title":{"rendered":"Pirater\u00eda en Oc\u00e9ano \u00cdndico: regresando!"},"content":{"rendered":"<h2>Riesgo Latente: Piratas vuelven a Golfo de Ad\u00e9n<\/h2>\n<p><iframe loading=\"lazy\" title=\"Somali Pirates VS Ship&#039;s Private Security Guards\" width=\"500\" height=\"281\" src=\"https:\/\/www.youtube.com\/embed\/tpNpDM-enLw?feature=oembed\" frameborder=\"0\" allow=\"accelerometer; autoplay; clipboard-write; encrypted-media; gyroscope; picture-in-picture; web-share\" referrerpolicy=\"strict-origin-when-cross-origin\" allowfullscreen><\/iframe><\/p>\n<p>Gracias a las intervenciones de la Uni\u00f3n Europea, as\u00ed como a las medidas de seguridad adoptadas por las Lineas Mar\u00edtimas que transitan la zona, han disminuido la cantidad de ataques, al m\u00ednimo, con respecto a los \u00faltimos 22 a\u00f1os.<\/p>\n<div id=\"attachment_161\" style=\"width: 910px\" class=\"wp-caption alignleft\"><img loading=\"lazy\" decoding=\"async\" aria-describedby=\"caption-attachment-161\" class=\"wp-image-161 size-full\" src=\"https:\/\/www.cargox.com\/noticias\/wp-content\/uploads\/2018\/04\/piratasSomalia.jpg\" alt=\"Captura_de_Piratas\" width=\"900\" height=\"599\" srcset=\"https:\/\/www.cargox.com\/noticias\/wp-content\/uploads\/2018\/04\/piratasSomalia.jpg 900w, https:\/\/www.cargox.com\/noticias\/wp-content\/uploads\/2018\/04\/piratasSomalia-300x200.jpg 300w, https:\/\/www.cargox.com\/noticias\/wp-content\/uploads\/2018\/04\/piratasSomalia-768x511.jpg 768w, https:\/\/www.cargox.com\/noticias\/wp-content\/uploads\/2018\/04\/piratasSomalia-150x100.jpg 150w\" sizes=\"auto, (max-width: 900px) 100vw, 900px\" \/><p id=\"caption-attachment-161\" class=\"wp-caption-text\">Captura de Piratas<\/p><\/div>\n<div id=\"attachment_160\" style=\"width: 350px\" class=\"wp-caption alignleft\"><img loading=\"lazy\" decoding=\"async\" aria-describedby=\"caption-attachment-160\" class=\"wp-image-160\" src=\"https:\/\/www.cargox.com\/noticias\/wp-content\/uploads\/2018\/04\/Suez-Canal.png\" alt=\"Rutas Asia - Europa\" width=\"340\" height=\"374\" srcset=\"https:\/\/www.cargox.com\/noticias\/wp-content\/uploads\/2018\/04\/Suez-Canal.png 345w, https:\/\/www.cargox.com\/noticias\/wp-content\/uploads\/2018\/04\/Suez-Canal-272x300.png 272w, https:\/\/www.cargox.com\/noticias\/wp-content\/uploads\/2018\/04\/Suez-Canal-136x150.png 136w\" sizes=\"auto, (max-width: 340px) 100vw, 340px\" \/><p id=\"caption-attachment-160\" class=\"wp-caption-text\">Rutas mar\u00edtimas entre Europa y Asia. El paso m\u00e1s eficiente es pasando por el Canal de Suez y el Golfo de Ad\u00e9n.<\/p><\/div>\n<p>Los barcos que transitan la zona, llevan fuerzas privadas de seguridad, armadas, a fin de poder responder y as\u00ed disuadir a los atacantes. A\u00fan as\u00ed <strong>se reportan intentos constantemente<\/strong>, que t\u00edpicamente, tras un intercambio de disparos, son abortados.<\/p>\n<p>De esta forma, el riesgo persiste, sin embargo las medidas adoptadas han resultado eficaces hasta el momento para prevenir el secuestro de barcos y tripulantes. El \u00faltimo secuestro se d\u00edo en\u00a0Marzo de 2017, cuando el ARIS XIII fu\u00e9 asaltado y liberado poco despu\u00e9s por autoridades somal\u00edes en colaboraci\u00f3n con el buque Galicia, de la Armada Espa\u00f1ola.<\/p>\n<p>&nbsp;<\/p>\n<p>&nbsp;<\/p>\n<h2>2008: M\u00e1ximo Dominio Pirata en el Golfo de Ad\u00e9n<\/h2>\n<div id=\"attachment_171\" style=\"width: 310px\" class=\"wp-caption alignleft\"><img loading=\"lazy\" decoding=\"async\" aria-describedby=\"caption-attachment-171\" class=\"size-medium wp-image-171\" src=\"https:\/\/www.cargox.com\/noticias\/wp-content\/uploads\/2018\/04\/Somali_Pirates-300x208.jpg\" alt=\"Piratas_Somalies\" width=\"300\" height=\"208\" srcset=\"https:\/\/www.cargox.com\/noticias\/wp-content\/uploads\/2018\/04\/Somali_Pirates-300x208.jpg 300w, https:\/\/www.cargox.com\/noticias\/wp-content\/uploads\/2018\/04\/Somali_Pirates-150x104.jpg 150w, https:\/\/www.cargox.com\/noticias\/wp-content\/uploads\/2018\/04\/Somali_Pirates.jpg 705w\" sizes=\"auto, (max-width: 300px) 100vw, 300px\" \/><p id=\"caption-attachment-171\" class=\"wp-caption-text\">Piratas Somalies a bordo de barco capturado.<\/p><\/div>\n<p>El 2008 marc\u00f3 una \u00e9poca de incertidumbre m\u00e1xima en el Oc\u00e9ano \u00cdndico. Hubo 134 ataques y 40 secuestros de pesqueros y barcos mercantes en principalmente en el Golfo de Ad\u00e9n, cuyos autores fueron piratas somal\u00edes, equipados con lanchas r\u00e1pidas, fusiles de asalto tipo AK-47, M-16 y Lanza Granadas, adem\u00e1s de escaleras de abordaje. Buena parte de los blancos, eran buques en<\/p>\n<p>Rutas Asia &#8211; Europaruta entre Europa y Asia.<\/p>\n<p>Si no conoce del tema, le recomendamos ver la pel\u00edcula <a href=\"https:\/\/youtu.be\/_3ASoBrFGlc\">&#8220;Capit\u00e1n Phillips&#8221;<\/a>, la cual ilustra muy bien el ataque de los piratas al MAERSK ALABAMA, el 8 de Abril de 2009 (<a href=\"https:\/\/youtu.be\/tpNpDM-enLw\">Ver trailer en YouTube<\/a>).<\/p>\n<p>El paso por aguas Somal\u00edes se hace obligatorio al usar el Canal de Suez. Pues esto permite ahorrar unas 5000 millas n\u00e1uticas, adem\u00e1s de la exposici\u00f3n adiconal a mal tiempo y mayor duraci\u00f3n de la traves\u00eda, que se tendr\u00eda si se navegara rodeando el continente africano.<\/p>\n<h2>Intervenci\u00f3n Europea: 2008 al 2018<\/h2>\n<h3>Centinela \u00cdndico<\/h3>\n<p>El gobierno espa\u00f1ol decide en 2008, entrar a la zona, destacando en Setiembre, un avi\u00f3n P-3 de su Ej\u00e9rcito del Aire, para realizar labores de vigilancia, informaci\u00f3n y prevenci\u00f3n de pirater\u00eda, adem\u00e1s de proteger a barcos espa\u00f1oles que transitaran por la zona.<\/p>\n<p>Esta misi\u00f3n realiz\u00f3 un total de 600 horas de vuelo. Finaliz\u00f3 una vez que la Uni\u00f3n Europea decide entrar en conjunto, lanzando la operaci\u00f3n Atalanta.<\/p>\n<h3>Operaci\u00f3n Atalanta<\/h3>\n<p>En 2008, la Uni\u00f3n Europea decide intervenir en la zona para recuperar la seguridad para el transporte mar\u00edtimo, el cual es crucial en el intercambio comercial con Asia. En Enero 2009, inicia la operaci\u00f3n, con la misi\u00f3n de proteger los nav\u00edos del Programa Mundial de Alimentos de la ONU con destino a Somalia, as\u00ed como para garantizar la seguridad del tr\u00e1nsito mar\u00edtimo en el Golfo de Ad\u00e9n y monitorear la pesca en las costas somal\u00edes. Inicialmente la misi\u00f3n era por dos a\u00f1os, sin embargo fu\u00e9 extendida hasta 2016 y luego hasta diciembre de 2018.<\/p>\n<p>Cuenta constantemente con entre cuatro y siete barcos de guerra, adem\u00e1s de entre 2 y 4 aviones patrulla. Durante los 9 a\u00f1os de operaci\u00f3n, ha neutralizado a m\u00e1s de 261 grupos de piratas armados y procesado a m\u00e1s de 154 sospechosos de haber participado en actos de pirater\u00eda.<\/p>\n<h3>Otros Actores<\/h3>\n<p>Adem\u00e1s de la Uni\u00f3n Europea y las fuerzas privadas de seguridad, existen otros actores de peso en el Oc\u00e9ano \u00cdndico: Los miembros de la OTAN, establecieron la operaci\u00f3n Ocean Shield, en alianza con 17 paises m\u00e1s, incluyendo a China, Australia, India, Jap\u00f3n, Malasia, Nueva Zelanda, Oman, Pakist\u00e1n, Arabia Saudita, Corea del Sur, Ukrania y otros. Esta operaci\u00f3n finaliz\u00f3 el 16 de Diciembre de 2016.<\/p>\n<p>Estados Unidos por su parte, establecia la operaci\u00f3n Task Force 150, la cual incluye una fuerza<\/p>\n<p>Autor: Georg von K\u00f6ller (DirectorComercial de Cargox)<\/p>\n<p>(Fuentes: Libertad Digital, Debate, Wikipedia, ICC, Esglobal)<\/p>\n<p><a href=\"https:\/\/www.cargox.com\/contacto.php\"><img loading=\"lazy\" decoding=\"async\" class=\"size-full wp-image-136 aligncenter\" src=\"https:\/\/www.cargox.com\/noticias\/wp-content\/uploads\/2018\/04\/button.png\" alt=\"Contactenos\" width=\"209\" height=\"49\" srcset=\"https:\/\/www.cargox.com\/noticias\/wp-content\/uploads\/2018\/04\/button.png 209w, https:\/\/www.cargox.com\/noticias\/wp-content\/uploads\/2018\/04\/button-150x35.png 150w\" sizes=\"auto, (max-width: 209px) 100vw, 209px\" \/><\/a><\/p>\n<p style=\"text-align: center;\">Seguros de Transporte de Carga.<br \/>\nSeguros de Stock-Throughput.<br \/>\nSeguro de Responsabilidad Civil.<br \/>\nAsesor\u00eda en Gesti\u00f3n de Reclamos.<\/p>\n","protected":false},"excerpt":{"rendered":"<p>Riesgo Latente: Piratas vuelven a Golfo de Ad\u00e9n Gracias a las intervenciones de la Uni\u00f3n Europea, as\u00ed como a las medidas de seguridad adoptadas por las Lineas Mar\u00edtimas que transitan la zona, han disminuido la cantidad de ataques, al m\u00ednimo, con respecto a los \u00faltimos 22 a\u00f1os. Los barcos que transitan la zona, llevan fuerzas&#8230;<\/p>\n","protected":false},"author":1,"featured_media":0,"comment_status":"open","ping_status":"open","sticky":false,"template":"","format":"standard","meta":{"footnotes":""},"categories":[2],"tags":[53,56,52,55,50,51,49,54,9,47,46],"class_list":["post-159","post","type-post","status-publish","format-standard","hentry","category-articulos-seguros","tag-asalto","tag-atalanta","tag-ataque","tag-golfo-de-aden","tag-oceano-indico","tag-piratas","tag-pirateria","tag-secuestro","tag-seguro-de-carga","tag-seguro-de-responsabilidad-civil","tag-seguro-de-transporte-de-carga"],"yoast_head":"<!-- This site is optimized with the Yoast SEO plugin v27.2 - https:\/\/yoast.com\/product\/yoast-seo-wordpress\/ -->\n<title>Pirater\u00eda en Oc\u00e9ano \u00cdndico: regresando! - Noticias y Art\u00edculos de Cargox<\/title>\n<meta name=\"robots\" content=\"index, follow, max-snippet:-1, max-image-preview:large, max-video-preview:-1\" \/>\n<link rel=\"canonical\" href=\"https:\/\/www.cargox.com\/noticias\/2018\/04\/05\/pirateria-en-oceano-indico-regreso\/\" \/>\n<meta property=\"og:locale\" content=\"es_ES\" \/>\n<meta property=\"og:type\" content=\"article\" \/>\n<meta property=\"og:title\" content=\"Pirater\u00eda en Oc\u00e9ano \u00cdndico: regresando! - Noticias y Art\u00edculos de Cargox\" \/>\n<meta property=\"og:description\" content=\"Riesgo Latente: Piratas vuelven a Golfo de Ad\u00e9n Gracias a las intervenciones de la Uni\u00f3n Europea, as\u00ed como a las medidas de seguridad adoptadas por las Lineas Mar\u00edtimas que transitan la zona, han disminuido la cantidad de ataques, al m\u00ednimo, con respecto a los \u00faltimos 22 a\u00f1os. Los barcos que transitan la zona, llevan fuerzas...\" \/>\n<meta property=\"og:url\" content=\"https:\/\/www.cargox.com\/noticias\/2018\/04\/05\/pirateria-en-oceano-indico-regreso\/\" \/>\n<meta property=\"og:site_name\" content=\"Noticias y Art\u00edculos de Cargox\" \/>\n<meta property=\"article:published_time\" content=\"2018-04-05T17:38:15+00:00\" \/>\n<meta property=\"article:modified_time\" content=\"2018-04-06T17:53:47+00:00\" \/>\n<meta property=\"og:image\" content=\"https:\/\/www.cargox.com\/noticias\/wp-content\/uploads\/2018\/04\/piratasSomalia.jpg\" \/>\n<meta name=\"author\" content=\"gvkadmin\" \/>\n<meta name=\"twitter:card\" content=\"summary_large_image\" \/>\n<meta name=\"twitter:label1\" content=\"Written by\" \/>\n\t<meta name=\"twitter:data1\" content=\"gvkadmin\" \/>\n\t<meta name=\"twitter:label2\" content=\"Est. reading time\" \/>\n\t<meta name=\"twitter:data2\" content=\"4 minutos\" \/>\n<script type=\"application\/ld+json\" class=\"yoast-schema-graph\">{\"@context\":\"https:\/\/schema.org\",\"@graph\":[{\"@type\":\"Article\",\"@id\":\"https:\/\/www.cargox.com\/noticias\/2018\/04\/05\/pirateria-en-oceano-indico-regreso\/#article\",\"isPartOf\":{\"@id\":\"https:\/\/www.cargox.com\/noticias\/2018\/04\/05\/pirateria-en-oceano-indico-regreso\/\"},\"author\":{\"name\":\"gvkadmin\",\"@id\":\"https:\/\/www.cargox.com\/noticias\/#\/schema\/person\/c432f1d41544d9b7e0d0befcf9005056\"},\"headline\":\"Pirater\u00eda en Oc\u00e9ano \u00cdndico: regresando!\",\"datePublished\":\"2018-04-05T17:38:15+00:00\",\"dateModified\":\"2018-04-06T17:53:47+00:00\",\"mainEntityOfPage\":{\"@id\":\"https:\/\/www.cargox.com\/noticias\/2018\/04\/05\/pirateria-en-oceano-indico-regreso\/\"},\"wordCount\":746,\"commentCount\":0,\"image\":{\"@id\":\"https:\/\/www.cargox.com\/noticias\/2018\/04\/05\/pirateria-en-oceano-indico-regreso\/#primaryimage\"},\"thumbnailUrl\":\"https:\/\/www.cargox.com\/noticias\/wp-content\/uploads\/2018\/04\/piratasSomalia.jpg\",\"keywords\":[\"asalto\",\"atalanta\",\"ataque\",\"Golfo de Ad\u00e9n\",\"Oc\u00e9ano \u00cdndico\",\"piratas\",\"pirater\u00eda\",\"secuestro\",\"seguro de carga\",\"seguro de responsabilidad civil\",\"seguro de transporte de carga\"],\"articleSection\":[\"Art\u00edculos Seguros\"],\"inLanguage\":\"es-CR\",\"potentialAction\":[{\"@type\":\"CommentAction\",\"name\":\"Comment\",\"target\":[\"https:\/\/www.cargox.com\/noticias\/2018\/04\/05\/pirateria-en-oceano-indico-regreso\/#respond\"]}]},{\"@type\":\"WebPage\",\"@id\":\"https:\/\/www.cargox.com\/noticias\/2018\/04\/05\/pirateria-en-oceano-indico-regreso\/\",\"url\":\"https:\/\/www.cargox.com\/noticias\/2018\/04\/05\/pirateria-en-oceano-indico-regreso\/\",\"name\":\"Pirater\u00eda en Oc\u00e9ano \u00cdndico: regresando! - Noticias y Art\u00edculos de Cargox\",\"isPartOf\":{\"@id\":\"https:\/\/www.cargox.com\/noticias\/#website\"},\"primaryImageOfPage\":{\"@id\":\"https:\/\/www.cargox.com\/noticias\/2018\/04\/05\/pirateria-en-oceano-indico-regreso\/#primaryimage\"},\"image\":{\"@id\":\"https:\/\/www.cargox.com\/noticias\/2018\/04\/05\/pirateria-en-oceano-indico-regreso\/#primaryimage\"},\"thumbnailUrl\":\"https:\/\/www.cargox.com\/noticias\/wp-content\/uploads\/2018\/04\/piratasSomalia.jpg\",\"datePublished\":\"2018-04-05T17:38:15+00:00\",\"dateModified\":\"2018-04-06T17:53:47+00:00\",\"author\":{\"@id\":\"https:\/\/www.cargox.com\/noticias\/#\/schema\/person\/c432f1d41544d9b7e0d0befcf9005056\"},\"breadcrumb\":{\"@id\":\"https:\/\/www.cargox.com\/noticias\/2018\/04\/05\/pirateria-en-oceano-indico-regreso\/#breadcrumb\"},\"inLanguage\":\"es-CR\",\"potentialAction\":[{\"@type\":\"ReadAction\",\"target\":[\"https:\/\/www.cargox.com\/noticias\/2018\/04\/05\/pirateria-en-oceano-indico-regreso\/\"]}]},{\"@type\":\"ImageObject\",\"inLanguage\":\"es-CR\",\"@id\":\"https:\/\/www.cargox.com\/noticias\/2018\/04\/05\/pirateria-en-oceano-indico-regreso\/#primaryimage\",\"url\":\"https:\/\/www.cargox.com\/noticias\/wp-content\/uploads\/2018\/04\/piratasSomalia.jpg\",\"contentUrl\":\"https:\/\/www.cargox.com\/noticias\/wp-content\/uploads\/2018\/04\/piratasSomalia.jpg\"},{\"@type\":\"BreadcrumbList\",\"@id\":\"https:\/\/www.cargox.com\/noticias\/2018\/04\/05\/pirateria-en-oceano-indico-regreso\/#breadcrumb\",\"itemListElement\":[{\"@type\":\"ListItem\",\"position\":1,\"name\":\"Home\",\"item\":\"https:\/\/www.cargox.com\/noticias\/\"},{\"@type\":\"ListItem\",\"position\":2,\"name\":\"Pirater\u00eda en Oc\u00e9ano \u00cdndico: regresando!\"}]},{\"@type\":\"WebSite\",\"@id\":\"https:\/\/www.cargox.com\/noticias\/#website\",\"url\":\"https:\/\/www.cargox.com\/noticias\/\",\"name\":\"Noticias y Art\u00edculos de Cargox\",\"description\":\"Blog de Cargox, para profesionales en log\u00edstica y transporte internacional de carga.\",\"potentialAction\":[{\"@type\":\"SearchAction\",\"target\":{\"@type\":\"EntryPoint\",\"urlTemplate\":\"https:\/\/www.cargox.com\/noticias\/?s={search_term_string}\"},\"query-input\":{\"@type\":\"PropertyValueSpecification\",\"valueRequired\":true,\"valueName\":\"search_term_string\"}}],\"inLanguage\":\"es-CR\"},{\"@type\":\"Person\",\"@id\":\"https:\/\/www.cargox.com\/noticias\/#\/schema\/person\/c432f1d41544d9b7e0d0befcf9005056\",\"name\":\"gvkadmin\",\"image\":{\"@type\":\"ImageObject\",\"inLanguage\":\"es-CR\",\"@id\":\"https:\/\/secure.gravatar.com\/avatar\/eb8b9c8fca0ed0dd4bd390a6ef3ed5a3f61d978f75a18e8b9416c09f85088c6d?s=96&d=mm&r=g\",\"url\":\"https:\/\/secure.gravatar.com\/avatar\/eb8b9c8fca0ed0dd4bd390a6ef3ed5a3f61d978f75a18e8b9416c09f85088c6d?s=96&d=mm&r=g\",\"contentUrl\":\"https:\/\/secure.gravatar.com\/avatar\/eb8b9c8fca0ed0dd4bd390a6ef3ed5a3f61d978f75a18e8b9416c09f85088c6d?s=96&d=mm&r=g\",\"caption\":\"gvkadmin\"},\"description\":\"Experto en comercio Internacional, Log\u00edstica y Seguros de Transporte de Carga. CEO de Cargox PTY s.a. (www.cargox.com) Experiencia de m\u00e1s de 30 a\u00f1os en Freight Forwarding y Log\u00edstica (www.multitrans-sjo.net). Experto en Inform\u00e1tica y Socio en ComGlobal IT (www.comglobalit.com)\",\"sameAs\":[\"http:\/\/www.cargox.com\"],\"url\":\"https:\/\/www.cargox.com\/noticias\/author\/gvkadmin\/\"}]}<\/script>\n<!-- \/ Yoast SEO plugin. -->","yoast_head_json":{"title":"Pirater\u00eda en Oc\u00e9ano \u00cdndico: regresando! - Noticias y Art\u00edculos de Cargox","robots":{"index":"index","follow":"follow","max-snippet":"max-snippet:-1","max-image-preview":"max-image-preview:large","max-video-preview":"max-video-preview:-1"},"canonical":"https:\/\/www.cargox.com\/noticias\/2018\/04\/05\/pirateria-en-oceano-indico-regreso\/","og_locale":"es_ES","og_type":"article","og_title":"Pirater\u00eda en Oc\u00e9ano \u00cdndico: regresando! - Noticias y Art\u00edculos de Cargox","og_description":"Riesgo Latente: Piratas vuelven a Golfo de Ad\u00e9n Gracias a las intervenciones de la Uni\u00f3n Europea, as\u00ed como a las medidas de seguridad adoptadas por las Lineas Mar\u00edtimas que transitan la zona, han disminuido la cantidad de ataques, al m\u00ednimo, con respecto a los \u00faltimos 22 a\u00f1os. Los barcos que transitan la zona, llevan fuerzas...","og_url":"https:\/\/www.cargox.com\/noticias\/2018\/04\/05\/pirateria-en-oceano-indico-regreso\/","og_site_name":"Noticias y Art\u00edculos de Cargox","article_published_time":"2018-04-05T17:38:15+00:00","article_modified_time":"2018-04-06T17:53:47+00:00","og_image":[{"url":"https:\/\/www.cargox.com\/noticias\/wp-content\/uploads\/2018\/04\/piratasSomalia.jpg","type":"","width":"","height":""}],"author":"gvkadmin","twitter_card":"summary_large_image","twitter_misc":{"Written by":"gvkadmin","Est. reading time":"4 minutos"},"schema":{"@context":"https:\/\/schema.org","@graph":[{"@type":"Article","@id":"https:\/\/www.cargox.com\/noticias\/2018\/04\/05\/pirateria-en-oceano-indico-regreso\/#article","isPartOf":{"@id":"https:\/\/www.cargox.com\/noticias\/2018\/04\/05\/pirateria-en-oceano-indico-regreso\/"},"author":{"name":"gvkadmin","@id":"https:\/\/www.cargox.com\/noticias\/#\/schema\/person\/c432f1d41544d9b7e0d0befcf9005056"},"headline":"Pirater\u00eda en Oc\u00e9ano \u00cdndico: regresando!","datePublished":"2018-04-05T17:38:15+00:00","dateModified":"2018-04-06T17:53:47+00:00","mainEntityOfPage":{"@id":"https:\/\/www.cargox.com\/noticias\/2018\/04\/05\/pirateria-en-oceano-indico-regreso\/"},"wordCount":746,"commentCount":0,"image":{"@id":"https:\/\/www.cargox.com\/noticias\/2018\/04\/05\/pirateria-en-oceano-indico-regreso\/#primaryimage"},"thumbnailUrl":"https:\/\/www.cargox.com\/noticias\/wp-content\/uploads\/2018\/04\/piratasSomalia.jpg","keywords":["asalto","atalanta","ataque","Golfo de Ad\u00e9n","Oc\u00e9ano \u00cdndico","piratas","pirater\u00eda","secuestro","seguro de carga","seguro de responsabilidad civil","seguro de transporte de carga"],"articleSection":["Art\u00edculos Seguros"],"inLanguage":"es-CR","potentialAction":[{"@type":"CommentAction","name":"Comment","target":["https:\/\/www.cargox.com\/noticias\/2018\/04\/05\/pirateria-en-oceano-indico-regreso\/#respond"]}]},{"@type":"WebPage","@id":"https:\/\/www.cargox.com\/noticias\/2018\/04\/05\/pirateria-en-oceano-indico-regreso\/","url":"https:\/\/www.cargox.com\/noticias\/2018\/04\/05\/pirateria-en-oceano-indico-regreso\/","name":"Pirater\u00eda en Oc\u00e9ano \u00cdndico: regresando! - Noticias y Art\u00edculos de Cargox","isPartOf":{"@id":"https:\/\/www.cargox.com\/noticias\/#website"},"primaryImageOfPage":{"@id":"https:\/\/www.cargox.com\/noticias\/2018\/04\/05\/pirateria-en-oceano-indico-regreso\/#primaryimage"},"image":{"@id":"https:\/\/www.cargox.com\/noticias\/2018\/04\/05\/pirateria-en-oceano-indico-regreso\/#primaryimage"},"thumbnailUrl":"https:\/\/www.cargox.com\/noticias\/wp-content\/uploads\/2018\/04\/piratasSomalia.jpg","datePublished":"2018-04-05T17:38:15+00:00","dateModified":"2018-04-06T17:53:47+00:00","author":{"@id":"https:\/\/www.cargox.com\/noticias\/#\/schema\/person\/c432f1d41544d9b7e0d0befcf9005056"},"breadcrumb":{"@id":"https:\/\/www.cargox.com\/noticias\/2018\/04\/05\/pirateria-en-oceano-indico-regreso\/#breadcrumb"},"inLanguage":"es-CR","potentialAction":[{"@type":"ReadAction","target":["https:\/\/www.cargox.com\/noticias\/2018\/04\/05\/pirateria-en-oceano-indico-regreso\/"]}]},{"@type":"ImageObject","inLanguage":"es-CR","@id":"https:\/\/www.cargox.com\/noticias\/2018\/04\/05\/pirateria-en-oceano-indico-regreso\/#primaryimage","url":"https:\/\/www.cargox.com\/noticias\/wp-content\/uploads\/2018\/04\/piratasSomalia.jpg","contentUrl":"https:\/\/www.cargox.com\/noticias\/wp-content\/uploads\/2018\/04\/piratasSomalia.jpg"},{"@type":"BreadcrumbList","@id":"https:\/\/www.cargox.com\/noticias\/2018\/04\/05\/pirateria-en-oceano-indico-regreso\/#breadcrumb","itemListElement":[{"@type":"ListItem","position":1,"name":"Home","item":"https:\/\/www.cargox.com\/noticias\/"},{"@type":"ListItem","position":2,"name":"Pirater\u00eda en Oc\u00e9ano \u00cdndico: regresando!"}]},{"@type":"WebSite","@id":"https:\/\/www.cargox.com\/noticias\/#website","url":"https:\/\/www.cargox.com\/noticias\/","name":"Noticias y Art\u00edculos de Cargox","description":"Blog de Cargox, para profesionales en log\u00edstica y transporte internacional de carga.","potentialAction":[{"@type":"SearchAction","target":{"@type":"EntryPoint","urlTemplate":"https:\/\/www.cargox.com\/noticias\/?s={search_term_string}"},"query-input":{"@type":"PropertyValueSpecification","valueRequired":true,"valueName":"search_term_string"}}],"inLanguage":"es-CR"},{"@type":"Person","@id":"https:\/\/www.cargox.com\/noticias\/#\/schema\/person\/c432f1d41544d9b7e0d0befcf9005056","name":"gvkadmin","image":{"@type":"ImageObject","inLanguage":"es-CR","@id":"https:\/\/secure.gravatar.com\/avatar\/eb8b9c8fca0ed0dd4bd390a6ef3ed5a3f61d978f75a18e8b9416c09f85088c6d?s=96&d=mm&r=g","url":"https:\/\/secure.gravatar.com\/avatar\/eb8b9c8fca0ed0dd4bd390a6ef3ed5a3f61d978f75a18e8b9416c09f85088c6d?s=96&d=mm&r=g","contentUrl":"https:\/\/secure.gravatar.com\/avatar\/eb8b9c8fca0ed0dd4bd390a6ef3ed5a3f61d978f75a18e8b9416c09f85088c6d?s=96&d=mm&r=g","caption":"gvkadmin"},"description":"Experto en comercio Internacional, Log\u00edstica y Seguros de Transporte de Carga. CEO de Cargox PTY s.a. (www.cargox.com) Experiencia de m\u00e1s de 30 a\u00f1os en Freight Forwarding y Log\u00edstica (www.multitrans-sjo.net). Experto en Inform\u00e1tica y Socio en ComGlobal IT (www.comglobalit.com)","sameAs":["http:\/\/www.cargox.com"],"url":"https:\/\/www.cargox.com\/noticias\/author\/gvkadmin\/"}]}},"_links":{"self":[{"href":"https:\/\/www.cargox.com\/noticias\/wp-json\/wp\/v2\/posts\/159","targetHints":{"allow":["GET"]}}],"collection":[{"href":"https:\/\/www.cargox.com\/noticias\/wp-json\/wp\/v2\/posts"}],"about":[{"href":"https:\/\/www.cargox.com\/noticias\/wp-json\/wp\/v2\/types\/post"}],"author":[{"embeddable":true,"href":"https:\/\/www.cargox.com\/noticias\/wp-json\/wp\/v2\/users\/1"}],"replies":[{"embeddable":true,"href":"https:\/\/www.cargox.com\/noticias\/wp-json\/wp\/v2\/comments?post=159"}],"version-history":[{"count":11,"href":"https:\/\/www.cargox.com\/noticias\/wp-json\/wp\/v2\/posts\/159\/revisions"}],"predecessor-version":[{"id":175,"href":"https:\/\/www.cargox.com\/noticias\/wp-json\/wp\/v2\/posts\/159\/revisions\/175"}],"wp:attachment":[{"href":"https:\/\/www.cargox.com\/noticias\/wp-json\/wp\/v2\/media?parent=159"}],"wp:term":[{"taxonomy":"category","embeddable":true,"href":"https:\/\/www.cargox.com\/noticias\/wp-json\/wp\/v2\/categories?post=159"},{"taxonomy":"post_tag","embeddable":true,"href":"https:\/\/www.cargox.com\/noticias\/wp-json\/wp\/v2\/tags?post=159"}],"curies":[{"name":"wp","href":"https:\/\/api.w.org\/{rel}","templated":true}]}}