{"id":179,"date":"2018-04-09T23:09:08","date_gmt":"2018-04-10T04:09:08","guid":{"rendered":"https:\/\/www.cargox.com\/noticias\/?p=179"},"modified":"2018-05-04T13:10:18","modified_gmt":"2018-05-04T18:10:18","slug":"maersk-honan-mas-de-un-mes-ardiendo","status":"publish","type":"post","link":"https:\/\/www.cargox.com\/noticias\/2018\/04\/09\/maersk-honan-mas-de-un-mes-ardiendo\/","title":{"rendered":"Maersk Honam: M\u00e1s de un mes ardiendo!"},"content":{"rendered":"<p><img loading=\"lazy\" decoding=\"async\" class=\"wp-image-180 size-full aligncenter\" src=\"https:\/\/www.cargox.com\/noticias\/wp-content\/uploads\/2018\/04\/maersk-honam-1-749x500.jpg\" alt=\"\" width=\"749\" height=\"500\" srcset=\"https:\/\/www.cargox.com\/noticias\/wp-content\/uploads\/2018\/04\/maersk-honam-1-749x500.jpg 749w, https:\/\/www.cargox.com\/noticias\/wp-content\/uploads\/2018\/04\/maersk-honam-1-749x500-300x200.jpg 300w, https:\/\/www.cargox.com\/noticias\/wp-content\/uploads\/2018\/04\/maersk-honam-1-749x500-150x100.jpg 150w\" sizes=\"auto, (max-width: 749px) 100vw, 749px\" \/>El incendio del MAERSK HONAM, inici\u00f3 el 6 de marzo, frente a las costa de la India. A la fecha no ha podido ser extinto. Cobr\u00f3 hasta el momento cinco vidas de sus veintisiete tripulantes. Se ha podido localizar el fuego en una de sus bodegas principales, mas no se ha logrado extinguir.<\/p>\n<p>El inmenso porta-contenedores con capacidad de 15.262 TEU, ha venido siendo remolcado y se busca atracarlo a lo largo de un muelle con capacidad e infraestructura suficiente, para descargar los contenedores lo antes posible. Se estima que los contenedores de la parte trasera del barco, son p\u00e9rdida total. Los ubicados entre la proa y el puente deber\u00edan estar intactos.<\/p>\n<h2>AVER\u00cdA GRUESA:<\/h2>\n<p>Se calcula que los reclamos por los da\u00f1os del fuego alcanzar\u00e1n varios cientos de millones de euros. El costo de atracar el barco a un muelle con la capacidad para descargar el barco y controlar el incendio, es calculado por Maersk como extraordinariamente alto.<\/p>\n<p><strong>Debido a los inmensos da\u00f1os y elevados costos, la naviera danesa ha optado por declarar Aver\u00eda Gruesa. De esta forma, todas las partes que tengan un inter\u00e9s financiero en el viaje (lease carga), deber\u00e1n responder proporcionalmente por las p\u00e9rdidas del incidente.<\/strong><\/p>\n<p>Una investigaci\u00f3n completa deber\u00e1 determinar las causas del fuego, as\u00ed como su impacto en el barco y la carga.<\/p>\n<p>(Fuente: World Maritime News)<\/p>\n<p>\u00a1En situaciones como esta, es donde los due\u00f1os de la carga desear\u00edan haber tomado un seguro! Si tiene carga en tr\u00e1nsito, o pr\u00f3xima a salir&#8230; cont\u00e1ctenos!<br \/>\n\u00a1Reduzca el riesgo en su negocio!<\/p>\n<p>&nbsp;<\/p>\n<p><a href=\"https:\/\/www.cargox.com\/contacto.php\"><img loading=\"lazy\" decoding=\"async\" class=\"size-full wp-image-136 aligncenter\" src=\"https:\/\/www.cargox.com\/noticias\/wp-content\/uploads\/2018\/04\/button.png\" alt=\"Contactenos\" width=\"209\" height=\"49\" srcset=\"https:\/\/www.cargox.com\/noticias\/wp-content\/uploads\/2018\/04\/button.png 209w, https:\/\/www.cargox.com\/noticias\/wp-content\/uploads\/2018\/04\/button-150x35.png 150w\" sizes=\"auto, (max-width: 209px) 100vw, 209px\" \/><\/a><\/p>\n<p style=\"text-align: center;\">Seguros de Transporte de Carga.<br \/>\nSeguros de Stock-Throughput.<br \/>\nSeguro de Responsabilidad Civil.<br \/>\nAsesor\u00eda en Gesti\u00f3n de Reclamos.<\/p>\n","protected":false},"excerpt":{"rendered":"<p>El incendio del MAERSK HONAM, inici\u00f3 el 6 de marzo, frente a las costa de la India. A la fecha no ha podido ser extinto. Cobr\u00f3 hasta el momento cinco vidas de sus veintisiete tripulantes. Se ha podido localizar el fuego en una de sus bodegas principales, mas no se ha logrado extinguir. El inmenso&#8230;<\/p>\n","protected":false},"author":1,"featured_media":0,"comment_status":"open","ping_status":"open","sticky":false,"template":"","format":"standard","meta":{"footnotes":""},"categories":[3],"tags":[41,15,13,64,14,9,47,46],"class_list":["post-179","post","type-post","status-publish","format-standard","hentry","category-noticias","tag-averia-gruesa","tag-linea-maritima","tag-logistica","tag-maersk-honan","tag-naviera","tag-seguro-de-carga","tag-seguro-de-responsabilidad-civil","tag-seguro-de-transporte-de-carga"],"yoast_head":"<!-- This site is optimized with the Yoast SEO plugin v27.2 - https:\/\/yoast.com\/product\/yoast-seo-wordpress\/ -->\n<title>Maersk Honam: M\u00e1s de un mes ardiendo! - Noticias y Art\u00edculos de Cargox<\/title>\n<meta name=\"robots\" content=\"index, follow, max-snippet:-1, max-image-preview:large, max-video-preview:-1\" \/>\n<link rel=\"canonical\" href=\"https:\/\/www.cargox.com\/noticias\/2018\/04\/09\/maersk-honan-mas-de-un-mes-ardiendo\/\" \/>\n<meta property=\"og:locale\" content=\"es_ES\" \/>\n<meta property=\"og:type\" content=\"article\" \/>\n<meta property=\"og:title\" content=\"Maersk Honam: M\u00e1s de un mes ardiendo! - Noticias y Art\u00edculos de Cargox\" \/>\n<meta property=\"og:description\" content=\"El incendio del MAERSK HONAM, inici\u00f3 el 6 de marzo, frente a las costa de la India. A la fecha no ha podido ser extinto. Cobr\u00f3 hasta el momento cinco vidas de sus veintisiete tripulantes. Se ha podido localizar el fuego en una de sus bodegas principales, mas no se ha logrado extinguir. El inmenso...\" \/>\n<meta property=\"og:url\" content=\"https:\/\/www.cargox.com\/noticias\/2018\/04\/09\/maersk-honan-mas-de-un-mes-ardiendo\/\" \/>\n<meta property=\"og:site_name\" content=\"Noticias y Art\u00edculos de Cargox\" \/>\n<meta property=\"article:published_time\" content=\"2018-04-10T04:09:08+00:00\" \/>\n<meta property=\"article:modified_time\" content=\"2018-05-04T18:10:18+00:00\" \/>\n<meta property=\"og:image\" content=\"https:\/\/www.cargox.com\/noticias\/wp-content\/uploads\/2018\/04\/maersk-honam-1-749x500.jpg\" \/>\n<meta name=\"author\" content=\"gvkadmin\" \/>\n<meta name=\"twitter:card\" content=\"summary_large_image\" \/>\n<meta name=\"twitter:label1\" content=\"Written by\" \/>\n\t<meta name=\"twitter:data1\" content=\"gvkadmin\" \/>\n\t<meta name=\"twitter:label2\" content=\"Est. reading time\" \/>\n\t<meta name=\"twitter:data2\" content=\"1 minuto\" \/>\n<script type=\"application\/ld+json\" class=\"yoast-schema-graph\">{\"@context\":\"https:\/\/schema.org\",\"@graph\":[{\"@type\":\"Article\",\"@id\":\"https:\/\/www.cargox.com\/noticias\/2018\/04\/09\/maersk-honan-mas-de-un-mes-ardiendo\/#article\",\"isPartOf\":{\"@id\":\"https:\/\/www.cargox.com\/noticias\/2018\/04\/09\/maersk-honan-mas-de-un-mes-ardiendo\/\"},\"author\":{\"name\":\"gvkadmin\",\"@id\":\"https:\/\/www.cargox.com\/noticias\/#\/schema\/person\/c432f1d41544d9b7e0d0befcf9005056\"},\"headline\":\"Maersk Honam: M\u00e1s de un mes ardiendo!\",\"datePublished\":\"2018-04-10T04:09:08+00:00\",\"dateModified\":\"2018-05-04T18:10:18+00:00\",\"mainEntityOfPage\":{\"@id\":\"https:\/\/www.cargox.com\/noticias\/2018\/04\/09\/maersk-honan-mas-de-un-mes-ardiendo\/\"},\"wordCount\":296,\"commentCount\":0,\"image\":{\"@id\":\"https:\/\/www.cargox.com\/noticias\/2018\/04\/09\/maersk-honan-mas-de-un-mes-ardiendo\/#primaryimage\"},\"thumbnailUrl\":\"https:\/\/www.cargox.com\/noticias\/wp-content\/uploads\/2018\/04\/maersk-honam-1-749x500.jpg\",\"keywords\":[\"aver\u00eda gruesa\",\"linea mar\u00edtima\",\"logistica\",\"maersk honan\",\"naviera\",\"seguro de carga\",\"seguro de responsabilidad civil\",\"seguro de transporte de carga\"],\"articleSection\":[\"Noticias\"],\"inLanguage\":\"es-CR\",\"potentialAction\":[{\"@type\":\"CommentAction\",\"name\":\"Comment\",\"target\":[\"https:\/\/www.cargox.com\/noticias\/2018\/04\/09\/maersk-honan-mas-de-un-mes-ardiendo\/#respond\"]}]},{\"@type\":\"WebPage\",\"@id\":\"https:\/\/www.cargox.com\/noticias\/2018\/04\/09\/maersk-honan-mas-de-un-mes-ardiendo\/\",\"url\":\"https:\/\/www.cargox.com\/noticias\/2018\/04\/09\/maersk-honan-mas-de-un-mes-ardiendo\/\",\"name\":\"Maersk Honam: M\u00e1s de un mes ardiendo! - Noticias y Art\u00edculos de Cargox\",\"isPartOf\":{\"@id\":\"https:\/\/www.cargox.com\/noticias\/#website\"},\"primaryImageOfPage\":{\"@id\":\"https:\/\/www.cargox.com\/noticias\/2018\/04\/09\/maersk-honan-mas-de-un-mes-ardiendo\/#primaryimage\"},\"image\":{\"@id\":\"https:\/\/www.cargox.com\/noticias\/2018\/04\/09\/maersk-honan-mas-de-un-mes-ardiendo\/#primaryimage\"},\"thumbnailUrl\":\"https:\/\/www.cargox.com\/noticias\/wp-content\/uploads\/2018\/04\/maersk-honam-1-749x500.jpg\",\"datePublished\":\"2018-04-10T04:09:08+00:00\",\"dateModified\":\"2018-05-04T18:10:18+00:00\",\"author\":{\"@id\":\"https:\/\/www.cargox.com\/noticias\/#\/schema\/person\/c432f1d41544d9b7e0d0befcf9005056\"},\"breadcrumb\":{\"@id\":\"https:\/\/www.cargox.com\/noticias\/2018\/04\/09\/maersk-honan-mas-de-un-mes-ardiendo\/#breadcrumb\"},\"inLanguage\":\"es-CR\",\"potentialAction\":[{\"@type\":\"ReadAction\",\"target\":[\"https:\/\/www.cargox.com\/noticias\/2018\/04\/09\/maersk-honan-mas-de-un-mes-ardiendo\/\"]}]},{\"@type\":\"ImageObject\",\"inLanguage\":\"es-CR\",\"@id\":\"https:\/\/www.cargox.com\/noticias\/2018\/04\/09\/maersk-honan-mas-de-un-mes-ardiendo\/#primaryimage\",\"url\":\"https:\/\/www.cargox.com\/noticias\/wp-content\/uploads\/2018\/04\/maersk-honam-1-749x500.jpg\",\"contentUrl\":\"https:\/\/www.cargox.com\/noticias\/wp-content\/uploads\/2018\/04\/maersk-honam-1-749x500.jpg\"},{\"@type\":\"BreadcrumbList\",\"@id\":\"https:\/\/www.cargox.com\/noticias\/2018\/04\/09\/maersk-honan-mas-de-un-mes-ardiendo\/#breadcrumb\",\"itemListElement\":[{\"@type\":\"ListItem\",\"position\":1,\"name\":\"Home\",\"item\":\"https:\/\/www.cargox.com\/noticias\/\"},{\"@type\":\"ListItem\",\"position\":2,\"name\":\"Maersk Honam: M\u00e1s de un mes ardiendo!\"}]},{\"@type\":\"WebSite\",\"@id\":\"https:\/\/www.cargox.com\/noticias\/#website\",\"url\":\"https:\/\/www.cargox.com\/noticias\/\",\"name\":\"Noticias y Art\u00edculos de Cargox\",\"description\":\"Blog de Cargox, para profesionales en log\u00edstica y transporte internacional de carga.\",\"potentialAction\":[{\"@type\":\"SearchAction\",\"target\":{\"@type\":\"EntryPoint\",\"urlTemplate\":\"https:\/\/www.cargox.com\/noticias\/?s={search_term_string}\"},\"query-input\":{\"@type\":\"PropertyValueSpecification\",\"valueRequired\":true,\"valueName\":\"search_term_string\"}}],\"inLanguage\":\"es-CR\"},{\"@type\":\"Person\",\"@id\":\"https:\/\/www.cargox.com\/noticias\/#\/schema\/person\/c432f1d41544d9b7e0d0befcf9005056\",\"name\":\"gvkadmin\",\"image\":{\"@type\":\"ImageObject\",\"inLanguage\":\"es-CR\",\"@id\":\"https:\/\/secure.gravatar.com\/avatar\/eb8b9c8fca0ed0dd4bd390a6ef3ed5a3f61d978f75a18e8b9416c09f85088c6d?s=96&d=mm&r=g\",\"url\":\"https:\/\/secure.gravatar.com\/avatar\/eb8b9c8fca0ed0dd4bd390a6ef3ed5a3f61d978f75a18e8b9416c09f85088c6d?s=96&d=mm&r=g\",\"contentUrl\":\"https:\/\/secure.gravatar.com\/avatar\/eb8b9c8fca0ed0dd4bd390a6ef3ed5a3f61d978f75a18e8b9416c09f85088c6d?s=96&d=mm&r=g\",\"caption\":\"gvkadmin\"},\"description\":\"Experto en comercio Internacional, Log\u00edstica y Seguros de Transporte de Carga. CEO de Cargox PTY s.a. (www.cargox.com) Experiencia de m\u00e1s de 30 a\u00f1os en Freight Forwarding y Log\u00edstica (www.multitrans-sjo.net). Experto en Inform\u00e1tica y Socio en ComGlobal IT (www.comglobalit.com)\",\"sameAs\":[\"http:\/\/www.cargox.com\"],\"url\":\"https:\/\/www.cargox.com\/noticias\/author\/gvkadmin\/\"}]}<\/script>\n<!-- \/ Yoast SEO plugin. -->","yoast_head_json":{"title":"Maersk Honam: M\u00e1s de un mes ardiendo! - Noticias y Art\u00edculos de Cargox","robots":{"index":"index","follow":"follow","max-snippet":"max-snippet:-1","max-image-preview":"max-image-preview:large","max-video-preview":"max-video-preview:-1"},"canonical":"https:\/\/www.cargox.com\/noticias\/2018\/04\/09\/maersk-honan-mas-de-un-mes-ardiendo\/","og_locale":"es_ES","og_type":"article","og_title":"Maersk Honam: M\u00e1s de un mes ardiendo! - Noticias y Art\u00edculos de Cargox","og_description":"El incendio del MAERSK HONAM, inici\u00f3 el 6 de marzo, frente a las costa de la India. A la fecha no ha podido ser extinto. Cobr\u00f3 hasta el momento cinco vidas de sus veintisiete tripulantes. Se ha podido localizar el fuego en una de sus bodegas principales, mas no se ha logrado extinguir. El inmenso...","og_url":"https:\/\/www.cargox.com\/noticias\/2018\/04\/09\/maersk-honan-mas-de-un-mes-ardiendo\/","og_site_name":"Noticias y Art\u00edculos de Cargox","article_published_time":"2018-04-10T04:09:08+00:00","article_modified_time":"2018-05-04T18:10:18+00:00","og_image":[{"url":"https:\/\/www.cargox.com\/noticias\/wp-content\/uploads\/2018\/04\/maersk-honam-1-749x500.jpg","type":"","width":"","height":""}],"author":"gvkadmin","twitter_card":"summary_large_image","twitter_misc":{"Written by":"gvkadmin","Est. reading time":"1 minuto"},"schema":{"@context":"https:\/\/schema.org","@graph":[{"@type":"Article","@id":"https:\/\/www.cargox.com\/noticias\/2018\/04\/09\/maersk-honan-mas-de-un-mes-ardiendo\/#article","isPartOf":{"@id":"https:\/\/www.cargox.com\/noticias\/2018\/04\/09\/maersk-honan-mas-de-un-mes-ardiendo\/"},"author":{"name":"gvkadmin","@id":"https:\/\/www.cargox.com\/noticias\/#\/schema\/person\/c432f1d41544d9b7e0d0befcf9005056"},"headline":"Maersk Honam: M\u00e1s de un mes ardiendo!","datePublished":"2018-04-10T04:09:08+00:00","dateModified":"2018-05-04T18:10:18+00:00","mainEntityOfPage":{"@id":"https:\/\/www.cargox.com\/noticias\/2018\/04\/09\/maersk-honan-mas-de-un-mes-ardiendo\/"},"wordCount":296,"commentCount":0,"image":{"@id":"https:\/\/www.cargox.com\/noticias\/2018\/04\/09\/maersk-honan-mas-de-un-mes-ardiendo\/#primaryimage"},"thumbnailUrl":"https:\/\/www.cargox.com\/noticias\/wp-content\/uploads\/2018\/04\/maersk-honam-1-749x500.jpg","keywords":["aver\u00eda gruesa","linea mar\u00edtima","logistica","maersk honan","naviera","seguro de carga","seguro de responsabilidad civil","seguro de transporte de carga"],"articleSection":["Noticias"],"inLanguage":"es-CR","potentialAction":[{"@type":"CommentAction","name":"Comment","target":["https:\/\/www.cargox.com\/noticias\/2018\/04\/09\/maersk-honan-mas-de-un-mes-ardiendo\/#respond"]}]},{"@type":"WebPage","@id":"https:\/\/www.cargox.com\/noticias\/2018\/04\/09\/maersk-honan-mas-de-un-mes-ardiendo\/","url":"https:\/\/www.cargox.com\/noticias\/2018\/04\/09\/maersk-honan-mas-de-un-mes-ardiendo\/","name":"Maersk Honam: M\u00e1s de un mes ardiendo! - Noticias y Art\u00edculos de Cargox","isPartOf":{"@id":"https:\/\/www.cargox.com\/noticias\/#website"},"primaryImageOfPage":{"@id":"https:\/\/www.cargox.com\/noticias\/2018\/04\/09\/maersk-honan-mas-de-un-mes-ardiendo\/#primaryimage"},"image":{"@id":"https:\/\/www.cargox.com\/noticias\/2018\/04\/09\/maersk-honan-mas-de-un-mes-ardiendo\/#primaryimage"},"thumbnailUrl":"https:\/\/www.cargox.com\/noticias\/wp-content\/uploads\/2018\/04\/maersk-honam-1-749x500.jpg","datePublished":"2018-04-10T04:09:08+00:00","dateModified":"2018-05-04T18:10:18+00:00","author":{"@id":"https:\/\/www.cargox.com\/noticias\/#\/schema\/person\/c432f1d41544d9b7e0d0befcf9005056"},"breadcrumb":{"@id":"https:\/\/www.cargox.com\/noticias\/2018\/04\/09\/maersk-honan-mas-de-un-mes-ardiendo\/#breadcrumb"},"inLanguage":"es-CR","potentialAction":[{"@type":"ReadAction","target":["https:\/\/www.cargox.com\/noticias\/2018\/04\/09\/maersk-honan-mas-de-un-mes-ardiendo\/"]}]},{"@type":"ImageObject","inLanguage":"es-CR","@id":"https:\/\/www.cargox.com\/noticias\/2018\/04\/09\/maersk-honan-mas-de-un-mes-ardiendo\/#primaryimage","url":"https:\/\/www.cargox.com\/noticias\/wp-content\/uploads\/2018\/04\/maersk-honam-1-749x500.jpg","contentUrl":"https:\/\/www.cargox.com\/noticias\/wp-content\/uploads\/2018\/04\/maersk-honam-1-749x500.jpg"},{"@type":"BreadcrumbList","@id":"https:\/\/www.cargox.com\/noticias\/2018\/04\/09\/maersk-honan-mas-de-un-mes-ardiendo\/#breadcrumb","itemListElement":[{"@type":"ListItem","position":1,"name":"Home","item":"https:\/\/www.cargox.com\/noticias\/"},{"@type":"ListItem","position":2,"name":"Maersk Honam: M\u00e1s de un mes ardiendo!"}]},{"@type":"WebSite","@id":"https:\/\/www.cargox.com\/noticias\/#website","url":"https:\/\/www.cargox.com\/noticias\/","name":"Noticias y Art\u00edculos de Cargox","description":"Blog de Cargox, para profesionales en log\u00edstica y transporte internacional de carga.","potentialAction":[{"@type":"SearchAction","target":{"@type":"EntryPoint","urlTemplate":"https:\/\/www.cargox.com\/noticias\/?s={search_term_string}"},"query-input":{"@type":"PropertyValueSpecification","valueRequired":true,"valueName":"search_term_string"}}],"inLanguage":"es-CR"},{"@type":"Person","@id":"https:\/\/www.cargox.com\/noticias\/#\/schema\/person\/c432f1d41544d9b7e0d0befcf9005056","name":"gvkadmin","image":{"@type":"ImageObject","inLanguage":"es-CR","@id":"https:\/\/secure.gravatar.com\/avatar\/eb8b9c8fca0ed0dd4bd390a6ef3ed5a3f61d978f75a18e8b9416c09f85088c6d?s=96&d=mm&r=g","url":"https:\/\/secure.gravatar.com\/avatar\/eb8b9c8fca0ed0dd4bd390a6ef3ed5a3f61d978f75a18e8b9416c09f85088c6d?s=96&d=mm&r=g","contentUrl":"https:\/\/secure.gravatar.com\/avatar\/eb8b9c8fca0ed0dd4bd390a6ef3ed5a3f61d978f75a18e8b9416c09f85088c6d?s=96&d=mm&r=g","caption":"gvkadmin"},"description":"Experto en comercio Internacional, Log\u00edstica y Seguros de Transporte de Carga. CEO de Cargox PTY s.a. (www.cargox.com) Experiencia de m\u00e1s de 30 a\u00f1os en Freight Forwarding y Log\u00edstica (www.multitrans-sjo.net). Experto en Inform\u00e1tica y Socio en ComGlobal IT (www.comglobalit.com)","sameAs":["http:\/\/www.cargox.com"],"url":"https:\/\/www.cargox.com\/noticias\/author\/gvkadmin\/"}]}},"_links":{"self":[{"href":"https:\/\/www.cargox.com\/noticias\/wp-json\/wp\/v2\/posts\/179","targetHints":{"allow":["GET"]}}],"collection":[{"href":"https:\/\/www.cargox.com\/noticias\/wp-json\/wp\/v2\/posts"}],"about":[{"href":"https:\/\/www.cargox.com\/noticias\/wp-json\/wp\/v2\/types\/post"}],"author":[{"embeddable":true,"href":"https:\/\/www.cargox.com\/noticias\/wp-json\/wp\/v2\/users\/1"}],"replies":[{"embeddable":true,"href":"https:\/\/www.cargox.com\/noticias\/wp-json\/wp\/v2\/comments?post=179"}],"version-history":[{"count":3,"href":"https:\/\/www.cargox.com\/noticias\/wp-json\/wp\/v2\/posts\/179\/revisions"}],"predecessor-version":[{"id":230,"href":"https:\/\/www.cargox.com\/noticias\/wp-json\/wp\/v2\/posts\/179\/revisions\/230"}],"wp:attachment":[{"href":"https:\/\/www.cargox.com\/noticias\/wp-json\/wp\/v2\/media?parent=179"}],"wp:term":[{"taxonomy":"category","embeddable":true,"href":"https:\/\/www.cargox.com\/noticias\/wp-json\/wp\/v2\/categories?post=179"},{"taxonomy":"post_tag","embeddable":true,"href":"https:\/\/www.cargox.com\/noticias\/wp-json\/wp\/v2\/tags?post=179"}],"curies":[{"name":"wp","href":"https:\/\/api.w.org\/{rel}","templated":true}]}}