{"id":226,"date":"2018-05-04T13:03:07","date_gmt":"2018-05-04T18:03:07","guid":{"rendered":"https:\/\/www.cargox.com\/noticias\/?p=226"},"modified":"2018-05-04T13:14:55","modified_gmt":"2018-05-04T18:14:55","slug":"riesgo-de-incendio-lecciones-del-maersk-honam","status":"publish","type":"post","link":"https:\/\/www.cargox.com\/noticias\/2018\/05\/04\/riesgo-de-incendio-lecciones-del-maersk-honam\/","title":{"rendered":"Riesgo de Incendio: Lecciones del Maersk Honam"},"content":{"rendered":"<div id=\"attachment_227\" style=\"width: 933px\" class=\"wp-caption aligncenter\"><img loading=\"lazy\" decoding=\"async\" aria-describedby=\"caption-attachment-227\" class=\"wp-image-227 size-full\" src=\"https:\/\/www.cargox.com\/noticias\/wp-content\/uploads\/2018\/05\/maerskHonam180401.jpg\" alt=\"Maersk_Honam\" width=\"923\" height=\"600\" srcset=\"https:\/\/www.cargox.com\/noticias\/wp-content\/uploads\/2018\/05\/maerskHonam180401.jpg 923w, https:\/\/www.cargox.com\/noticias\/wp-content\/uploads\/2018\/05\/maerskHonam180401-300x195.jpg 300w, https:\/\/www.cargox.com\/noticias\/wp-content\/uploads\/2018\/05\/maerskHonam180401-768x499.jpg 768w, https:\/\/www.cargox.com\/noticias\/wp-content\/uploads\/2018\/05\/maerskHonam180401-150x98.jpg 150w\" sizes=\"auto, (max-width: 923px) 100vw, 923px\" \/><p id=\"caption-attachment-227\" class=\"wp-caption-text\">Maersk Honam anclado en Jebel Al\u00ed, Emiratos Arabes Unidos.<\/p><\/div>\n<h2>Destino Final Jebel Ali<\/h2>\n<p>El incendio del 6 de Marzo a bordo del Maersk Honam (<a href=\"https:\/\/www.cargox.com\/noticias\/2018\/04\/09\/maersk-honan-mas-de-un-mes-ardiendo\/\">ver noticia<\/a>), marc\u00f3 el inicio de una lucha tit\u00e1nica contra el fuego, para salvar el barco y la carga en contenedores. Se declar\u00f3 Aver\u00eda Gruesa, el buque fu\u00e9 remolcado exitosamente desde las costas de Oman, hasta Jebel Al\u00ed, en Emiratos Arabes Unidos, donde, ya anclado, a\u00fan se lucha por extinguir el fuego. Una vez que se logre controlar totalmente, iniciar\u00e1n las reparaciones para estabilizar el nav\u00edo. Posteriormente ser\u00e1 atracado en puerto, para iniciar la descarga de los 7860 contenedores. Se espera que esto tome a\u00fan unas 4 o 5 semanas! Este ha sido una de las evidencias de mayores dimensiones este a\u00f1o, del riesgo de incendio en el transporte mar\u00edtimo.<\/p>\n<p>Los costos involucrados en esto, son sin duda exorbitantes. El perjuicio para la linea y para los due\u00f1os de la carga es sin duda muy alto. Esto a menos que se cuente con un buen seguro de carga!<\/p>\n<h2>FUEGO! Riesgo Omnipresente en el Transporte de Contenedores<\/h2>\n<p>La IMO (International Maritime Organization), como parte de la ONU, regula el embalaje, manejo y transporte de cargas peligrosas, con reglamentos claros y precisos. Las cargas peligrosas deben ser embaladas en forma especial, siempre de acuerdo con el tipo de peligro que impliquen, adem\u00e1s deben ser declaradas acorde con esto, para que los Operadores Log\u00edsticos y las Lineas Mar\u00edtimas, puedan tomar las precauciones adecuadas para minimizar riesgos. A\u00fan as\u00ed, el cumplimiento de estas disposiciones, as\u00ed como la eventual negativa de la naviera y en \u00faltima instancia de un capit\u00e1n para subir un contenedor a su barco, provocan que a menudo, los embarcadores no declaren verazmente la carga a transportar.<\/p>\n<p>Ello implica sin duda un riesgo latente para el barco y toda su carga. A\u00fan as\u00ed, una inspecci\u00f3n de cada contenedor es imposible de realizar. Ni las autoridades aduanales ni portuarias est\u00e1n en capacidad de realizar tal tarea.<\/p>\n<p>Por otra parte, la no declaraci\u00f3n de la carga peligrosa, en un caso como el del Maersk Honam, donde murieron varios tripulantes, tomar\u00eda un cariz criminal. Tanto as\u00ed, que si se encontrara el origen del incendio y se logra identificar a los due\u00f1os de la carga, no solo ser\u00eda responsable por las p\u00e9rdidas de la naviera y de las mercanc\u00edas da\u00f1adas&#8230; sino tambi\u00e9n ser\u00eda responsable de homicidio.<\/p>\n<p>En todo caso, independientemente de la responsabilidad eventual de alguna empresa y sus empleados, <strong>el riesgo de incendio es real y est\u00e1 presente en el transporte de carga internacional<\/strong>, tanto mar\u00edtima como a\u00e9rea.<\/p>\n<h2>Pasos de Prevenci\u00f3n<\/h2>\n<ul>\n<li>Siempre declarar verazmente la mercanc\u00eda a transportar, tomando todas las precauciones recomendadas, informando debidamente a los operadores log\u00edsticos involucrados.<\/li>\n<li>Cumplir a cabalidad con las regulaciones de empaque y transporte para el tipo de carga.<\/li>\n<li>Asegurar la carga.\u00a0\u00a0 <a href=\"https:\/\/www.cargox.com\/contacto.php\"><img loading=\"lazy\" decoding=\"async\" class=\"size-full wp-image-136 alignright\" src=\"https:\/\/www.cargox.com\/noticias\/wp-content\/uploads\/2018\/04\/button.png\" alt=\"Contactenos\" width=\"209\" height=\"49\" srcset=\"https:\/\/www.cargox.com\/noticias\/wp-content\/uploads\/2018\/04\/button.png 209w, https:\/\/www.cargox.com\/noticias\/wp-content\/uploads\/2018\/04\/button-150x35.png 150w\" sizes=\"auto, (max-width: 209px) 100vw, 209px\" \/><\/a><\/li>\n<\/ul>\n<h2>Consideraciones Importantes respecto al Seguro de Transporte<\/h2>\n<p>El cumplimiento de las disposiciones de seguridad, es requisito indispensable para que se de efectivamente la cobertura de cualquier Seguro. Igualmente es deber del tomador de Seguro, ser diligente en todos los pasos previos al embarque:<\/p>\n<ul>\n<li>Embalaje y Estiba adecuada al producto, para la protecci\u00f3n de la mercanc\u00eda misma, as\u00ed como para evitar da\u00f1os al medio de transporte y a otras cargas.<\/li>\n<li>Declaraci\u00f3n veraz y completa de los bienes.<\/li>\n<li>Cumplimiento con las normas internacionales, as\u00ed como las de los lugares de origen y destino.<\/li>\n<li>Cuando se negocia con un exportador por primera vez, es importante verificar que cumpla con los puntos anteriores, pues el incumplimiento puede provocar que un eventual siniestro no sea cubierto.<\/li>\n<\/ul>\n<p>Autor:<br \/>\nGeorg von K\u00f6ller<br \/>\nDirector Comercial<br \/>\nwww.cargox.com<\/p>\n<p style=\"text-align: center;\"><a href=\"https:\/\/www.cargox.com\/contacto.php\"><img loading=\"lazy\" decoding=\"async\" class=\"size-full wp-image-136 aligncenter\" src=\"https:\/\/www.cargox.com\/noticias\/wp-content\/uploads\/2018\/04\/button.png\" alt=\"Contactenos\" width=\"209\" height=\"49\" srcset=\"https:\/\/www.cargox.com\/noticias\/wp-content\/uploads\/2018\/04\/button.png 209w, https:\/\/www.cargox.com\/noticias\/wp-content\/uploads\/2018\/04\/button-150x35.png 150w\" sizes=\"auto, (max-width: 209px) 100vw, 209px\" \/><\/a>Seguros de Transporte de Carga.<br \/>\nSeguros de Stock-Throughput.<br \/>\nSeguro de Responsabilidad Civil.<br \/>\nAsesor\u00eda en Gesti\u00f3n de Reclamos.<\/p>\n","protected":false},"excerpt":{"rendered":"<p>Destino Final Jebel Ali El incendio del 6 de Marzo a bordo del Maersk Honam (ver noticia), marc\u00f3 el inicio de una lucha tit\u00e1nica contra el fuego, para salvar el barco y la carga en contenedores. Se declar\u00f3 Aver\u00eda Gruesa, el buque fu\u00e9 remolcado exitosamente desde las costas de Oman, hasta Jebel Al\u00ed, en Emiratos&#8230;<\/p>\n","protected":false},"author":1,"featured_media":0,"comment_status":"open","ping_status":"open","sticky":false,"template":"","format":"standard","meta":{"footnotes":""},"categories":[2],"tags":[65,77,76,79,78,9,46],"class_list":["post-226","post","type-post","status-publish","format-standard","hentry","category-articulos-seguros","tag-barco","tag-fuego","tag-incendio","tag-maerk-honam","tag-navio","tag-seguro-de-carga","tag-seguro-de-transporte-de-carga"],"yoast_head":"<!-- This site is optimized with the Yoast SEO plugin v27.2 - https:\/\/yoast.com\/product\/yoast-seo-wordpress\/ -->\n<title>Riesgo de Incendio: Lecciones del Maersk Honam - Noticias y Art\u00edculos de Cargox<\/title>\n<meta name=\"robots\" content=\"index, follow, max-snippet:-1, max-image-preview:large, max-video-preview:-1\" \/>\n<link rel=\"canonical\" href=\"https:\/\/www.cargox.com\/noticias\/2018\/05\/04\/riesgo-de-incendio-lecciones-del-maersk-honam\/\" \/>\n<meta property=\"og:locale\" content=\"es_ES\" \/>\n<meta property=\"og:type\" content=\"article\" \/>\n<meta property=\"og:title\" content=\"Riesgo de Incendio: Lecciones del Maersk Honam - Noticias y Art\u00edculos de Cargox\" \/>\n<meta property=\"og:description\" content=\"Destino Final Jebel Ali El incendio del 6 de Marzo a bordo del Maersk Honam (ver noticia), marc\u00f3 el inicio de una lucha tit\u00e1nica contra el fuego, para salvar el barco y la carga en contenedores. Se declar\u00f3 Aver\u00eda Gruesa, el buque fu\u00e9 remolcado exitosamente desde las costas de Oman, hasta Jebel Al\u00ed, en Emiratos...\" \/>\n<meta property=\"og:url\" content=\"https:\/\/www.cargox.com\/noticias\/2018\/05\/04\/riesgo-de-incendio-lecciones-del-maersk-honam\/\" \/>\n<meta property=\"og:site_name\" content=\"Noticias y Art\u00edculos de Cargox\" \/>\n<meta property=\"article:published_time\" content=\"2018-05-04T18:03:07+00:00\" \/>\n<meta property=\"article:modified_time\" content=\"2018-05-04T18:14:55+00:00\" \/>\n<meta property=\"og:image\" content=\"https:\/\/www.cargox.com\/noticias\/wp-content\/uploads\/2018\/05\/maerskHonam180401.jpg\" \/>\n<meta name=\"author\" content=\"gvkadmin\" \/>\n<meta name=\"twitter:card\" content=\"summary_large_image\" \/>\n<meta name=\"twitter:label1\" content=\"Written by\" \/>\n\t<meta name=\"twitter:data1\" content=\"gvkadmin\" \/>\n\t<meta name=\"twitter:label2\" content=\"Est. reading time\" \/>\n\t<meta name=\"twitter:data2\" content=\"3 minutos\" \/>\n<script type=\"application\/ld+json\" class=\"yoast-schema-graph\">{\"@context\":\"https:\/\/schema.org\",\"@graph\":[{\"@type\":\"Article\",\"@id\":\"https:\/\/www.cargox.com\/noticias\/2018\/05\/04\/riesgo-de-incendio-lecciones-del-maersk-honam\/#article\",\"isPartOf\":{\"@id\":\"https:\/\/www.cargox.com\/noticias\/2018\/05\/04\/riesgo-de-incendio-lecciones-del-maersk-honam\/\"},\"author\":{\"name\":\"gvkadmin\",\"@id\":\"https:\/\/www.cargox.com\/noticias\/#\/schema\/person\/c432f1d41544d9b7e0d0befcf9005056\"},\"headline\":\"Riesgo de Incendio: Lecciones del Maersk Honam\",\"datePublished\":\"2018-05-04T18:03:07+00:00\",\"dateModified\":\"2018-05-04T18:14:55+00:00\",\"mainEntityOfPage\":{\"@id\":\"https:\/\/www.cargox.com\/noticias\/2018\/05\/04\/riesgo-de-incendio-lecciones-del-maersk-honam\/\"},\"wordCount\":662,\"commentCount\":0,\"image\":{\"@id\":\"https:\/\/www.cargox.com\/noticias\/2018\/05\/04\/riesgo-de-incendio-lecciones-del-maersk-honam\/#primaryimage\"},\"thumbnailUrl\":\"https:\/\/www.cargox.com\/noticias\/wp-content\/uploads\/2018\/05\/maerskHonam180401.jpg\",\"keywords\":[\"barco\",\"fuego\",\"incendio\",\"maerk honam\",\"nav\u00edo\",\"seguro de carga\",\"seguro de transporte de carga\"],\"articleSection\":[\"Art\u00edculos Seguros\"],\"inLanguage\":\"es-CR\",\"potentialAction\":[{\"@type\":\"CommentAction\",\"name\":\"Comment\",\"target\":[\"https:\/\/www.cargox.com\/noticias\/2018\/05\/04\/riesgo-de-incendio-lecciones-del-maersk-honam\/#respond\"]}]},{\"@type\":\"WebPage\",\"@id\":\"https:\/\/www.cargox.com\/noticias\/2018\/05\/04\/riesgo-de-incendio-lecciones-del-maersk-honam\/\",\"url\":\"https:\/\/www.cargox.com\/noticias\/2018\/05\/04\/riesgo-de-incendio-lecciones-del-maersk-honam\/\",\"name\":\"Riesgo de Incendio: Lecciones del Maersk Honam - Noticias y Art\u00edculos de Cargox\",\"isPartOf\":{\"@id\":\"https:\/\/www.cargox.com\/noticias\/#website\"},\"primaryImageOfPage\":{\"@id\":\"https:\/\/www.cargox.com\/noticias\/2018\/05\/04\/riesgo-de-incendio-lecciones-del-maersk-honam\/#primaryimage\"},\"image\":{\"@id\":\"https:\/\/www.cargox.com\/noticias\/2018\/05\/04\/riesgo-de-incendio-lecciones-del-maersk-honam\/#primaryimage\"},\"thumbnailUrl\":\"https:\/\/www.cargox.com\/noticias\/wp-content\/uploads\/2018\/05\/maerskHonam180401.jpg\",\"datePublished\":\"2018-05-04T18:03:07+00:00\",\"dateModified\":\"2018-05-04T18:14:55+00:00\",\"author\":{\"@id\":\"https:\/\/www.cargox.com\/noticias\/#\/schema\/person\/c432f1d41544d9b7e0d0befcf9005056\"},\"breadcrumb\":{\"@id\":\"https:\/\/www.cargox.com\/noticias\/2018\/05\/04\/riesgo-de-incendio-lecciones-del-maersk-honam\/#breadcrumb\"},\"inLanguage\":\"es-CR\",\"potentialAction\":[{\"@type\":\"ReadAction\",\"target\":[\"https:\/\/www.cargox.com\/noticias\/2018\/05\/04\/riesgo-de-incendio-lecciones-del-maersk-honam\/\"]}]},{\"@type\":\"ImageObject\",\"inLanguage\":\"es-CR\",\"@id\":\"https:\/\/www.cargox.com\/noticias\/2018\/05\/04\/riesgo-de-incendio-lecciones-del-maersk-honam\/#primaryimage\",\"url\":\"https:\/\/www.cargox.com\/noticias\/wp-content\/uploads\/2018\/05\/maerskHonam180401.jpg\",\"contentUrl\":\"https:\/\/www.cargox.com\/noticias\/wp-content\/uploads\/2018\/05\/maerskHonam180401.jpg\"},{\"@type\":\"BreadcrumbList\",\"@id\":\"https:\/\/www.cargox.com\/noticias\/2018\/05\/04\/riesgo-de-incendio-lecciones-del-maersk-honam\/#breadcrumb\",\"itemListElement\":[{\"@type\":\"ListItem\",\"position\":1,\"name\":\"Home\",\"item\":\"https:\/\/www.cargox.com\/noticias\/\"},{\"@type\":\"ListItem\",\"position\":2,\"name\":\"Riesgo de Incendio: Lecciones del Maersk Honam\"}]},{\"@type\":\"WebSite\",\"@id\":\"https:\/\/www.cargox.com\/noticias\/#website\",\"url\":\"https:\/\/www.cargox.com\/noticias\/\",\"name\":\"Noticias y Art\u00edculos de Cargox\",\"description\":\"Blog de Cargox, para profesionales en log\u00edstica y transporte internacional de carga.\",\"potentialAction\":[{\"@type\":\"SearchAction\",\"target\":{\"@type\":\"EntryPoint\",\"urlTemplate\":\"https:\/\/www.cargox.com\/noticias\/?s={search_term_string}\"},\"query-input\":{\"@type\":\"PropertyValueSpecification\",\"valueRequired\":true,\"valueName\":\"search_term_string\"}}],\"inLanguage\":\"es-CR\"},{\"@type\":\"Person\",\"@id\":\"https:\/\/www.cargox.com\/noticias\/#\/schema\/person\/c432f1d41544d9b7e0d0befcf9005056\",\"name\":\"gvkadmin\",\"image\":{\"@type\":\"ImageObject\",\"inLanguage\":\"es-CR\",\"@id\":\"https:\/\/secure.gravatar.com\/avatar\/eb8b9c8fca0ed0dd4bd390a6ef3ed5a3f61d978f75a18e8b9416c09f85088c6d?s=96&d=mm&r=g\",\"url\":\"https:\/\/secure.gravatar.com\/avatar\/eb8b9c8fca0ed0dd4bd390a6ef3ed5a3f61d978f75a18e8b9416c09f85088c6d?s=96&d=mm&r=g\",\"contentUrl\":\"https:\/\/secure.gravatar.com\/avatar\/eb8b9c8fca0ed0dd4bd390a6ef3ed5a3f61d978f75a18e8b9416c09f85088c6d?s=96&d=mm&r=g\",\"caption\":\"gvkadmin\"},\"description\":\"Experto en comercio Internacional, Log\u00edstica y Seguros de Transporte de Carga. CEO de Cargox PTY s.a. (www.cargox.com) Experiencia de m\u00e1s de 30 a\u00f1os en Freight Forwarding y Log\u00edstica (www.multitrans-sjo.net). Experto en Inform\u00e1tica y Socio en ComGlobal IT (www.comglobalit.com)\",\"sameAs\":[\"http:\/\/www.cargox.com\"],\"url\":\"https:\/\/www.cargox.com\/noticias\/author\/gvkadmin\/\"}]}<\/script>\n<!-- \/ Yoast SEO plugin. -->","yoast_head_json":{"title":"Riesgo de Incendio: Lecciones del Maersk Honam - Noticias y Art\u00edculos de Cargox","robots":{"index":"index","follow":"follow","max-snippet":"max-snippet:-1","max-image-preview":"max-image-preview:large","max-video-preview":"max-video-preview:-1"},"canonical":"https:\/\/www.cargox.com\/noticias\/2018\/05\/04\/riesgo-de-incendio-lecciones-del-maersk-honam\/","og_locale":"es_ES","og_type":"article","og_title":"Riesgo de Incendio: Lecciones del Maersk Honam - Noticias y Art\u00edculos de Cargox","og_description":"Destino Final Jebel Ali El incendio del 6 de Marzo a bordo del Maersk Honam (ver noticia), marc\u00f3 el inicio de una lucha tit\u00e1nica contra el fuego, para salvar el barco y la carga en contenedores. Se declar\u00f3 Aver\u00eda Gruesa, el buque fu\u00e9 remolcado exitosamente desde las costas de Oman, hasta Jebel Al\u00ed, en Emiratos...","og_url":"https:\/\/www.cargox.com\/noticias\/2018\/05\/04\/riesgo-de-incendio-lecciones-del-maersk-honam\/","og_site_name":"Noticias y Art\u00edculos de Cargox","article_published_time":"2018-05-04T18:03:07+00:00","article_modified_time":"2018-05-04T18:14:55+00:00","og_image":[{"url":"https:\/\/www.cargox.com\/noticias\/wp-content\/uploads\/2018\/05\/maerskHonam180401.jpg","type":"","width":"","height":""}],"author":"gvkadmin","twitter_card":"summary_large_image","twitter_misc":{"Written by":"gvkadmin","Est. reading time":"3 minutos"},"schema":{"@context":"https:\/\/schema.org","@graph":[{"@type":"Article","@id":"https:\/\/www.cargox.com\/noticias\/2018\/05\/04\/riesgo-de-incendio-lecciones-del-maersk-honam\/#article","isPartOf":{"@id":"https:\/\/www.cargox.com\/noticias\/2018\/05\/04\/riesgo-de-incendio-lecciones-del-maersk-honam\/"},"author":{"name":"gvkadmin","@id":"https:\/\/www.cargox.com\/noticias\/#\/schema\/person\/c432f1d41544d9b7e0d0befcf9005056"},"headline":"Riesgo de Incendio: Lecciones del Maersk Honam","datePublished":"2018-05-04T18:03:07+00:00","dateModified":"2018-05-04T18:14:55+00:00","mainEntityOfPage":{"@id":"https:\/\/www.cargox.com\/noticias\/2018\/05\/04\/riesgo-de-incendio-lecciones-del-maersk-honam\/"},"wordCount":662,"commentCount":0,"image":{"@id":"https:\/\/www.cargox.com\/noticias\/2018\/05\/04\/riesgo-de-incendio-lecciones-del-maersk-honam\/#primaryimage"},"thumbnailUrl":"https:\/\/www.cargox.com\/noticias\/wp-content\/uploads\/2018\/05\/maerskHonam180401.jpg","keywords":["barco","fuego","incendio","maerk honam","nav\u00edo","seguro de carga","seguro de transporte de carga"],"articleSection":["Art\u00edculos Seguros"],"inLanguage":"es-CR","potentialAction":[{"@type":"CommentAction","name":"Comment","target":["https:\/\/www.cargox.com\/noticias\/2018\/05\/04\/riesgo-de-incendio-lecciones-del-maersk-honam\/#respond"]}]},{"@type":"WebPage","@id":"https:\/\/www.cargox.com\/noticias\/2018\/05\/04\/riesgo-de-incendio-lecciones-del-maersk-honam\/","url":"https:\/\/www.cargox.com\/noticias\/2018\/05\/04\/riesgo-de-incendio-lecciones-del-maersk-honam\/","name":"Riesgo de Incendio: Lecciones del Maersk Honam - Noticias y Art\u00edculos de Cargox","isPartOf":{"@id":"https:\/\/www.cargox.com\/noticias\/#website"},"primaryImageOfPage":{"@id":"https:\/\/www.cargox.com\/noticias\/2018\/05\/04\/riesgo-de-incendio-lecciones-del-maersk-honam\/#primaryimage"},"image":{"@id":"https:\/\/www.cargox.com\/noticias\/2018\/05\/04\/riesgo-de-incendio-lecciones-del-maersk-honam\/#primaryimage"},"thumbnailUrl":"https:\/\/www.cargox.com\/noticias\/wp-content\/uploads\/2018\/05\/maerskHonam180401.jpg","datePublished":"2018-05-04T18:03:07+00:00","dateModified":"2018-05-04T18:14:55+00:00","author":{"@id":"https:\/\/www.cargox.com\/noticias\/#\/schema\/person\/c432f1d41544d9b7e0d0befcf9005056"},"breadcrumb":{"@id":"https:\/\/www.cargox.com\/noticias\/2018\/05\/04\/riesgo-de-incendio-lecciones-del-maersk-honam\/#breadcrumb"},"inLanguage":"es-CR","potentialAction":[{"@type":"ReadAction","target":["https:\/\/www.cargox.com\/noticias\/2018\/05\/04\/riesgo-de-incendio-lecciones-del-maersk-honam\/"]}]},{"@type":"ImageObject","inLanguage":"es-CR","@id":"https:\/\/www.cargox.com\/noticias\/2018\/05\/04\/riesgo-de-incendio-lecciones-del-maersk-honam\/#primaryimage","url":"https:\/\/www.cargox.com\/noticias\/wp-content\/uploads\/2018\/05\/maerskHonam180401.jpg","contentUrl":"https:\/\/www.cargox.com\/noticias\/wp-content\/uploads\/2018\/05\/maerskHonam180401.jpg"},{"@type":"BreadcrumbList","@id":"https:\/\/www.cargox.com\/noticias\/2018\/05\/04\/riesgo-de-incendio-lecciones-del-maersk-honam\/#breadcrumb","itemListElement":[{"@type":"ListItem","position":1,"name":"Home","item":"https:\/\/www.cargox.com\/noticias\/"},{"@type":"ListItem","position":2,"name":"Riesgo de Incendio: Lecciones del Maersk Honam"}]},{"@type":"WebSite","@id":"https:\/\/www.cargox.com\/noticias\/#website","url":"https:\/\/www.cargox.com\/noticias\/","name":"Noticias y Art\u00edculos de Cargox","description":"Blog de Cargox, para profesionales en log\u00edstica y transporte internacional de carga.","potentialAction":[{"@type":"SearchAction","target":{"@type":"EntryPoint","urlTemplate":"https:\/\/www.cargox.com\/noticias\/?s={search_term_string}"},"query-input":{"@type":"PropertyValueSpecification","valueRequired":true,"valueName":"search_term_string"}}],"inLanguage":"es-CR"},{"@type":"Person","@id":"https:\/\/www.cargox.com\/noticias\/#\/schema\/person\/c432f1d41544d9b7e0d0befcf9005056","name":"gvkadmin","image":{"@type":"ImageObject","inLanguage":"es-CR","@id":"https:\/\/secure.gravatar.com\/avatar\/eb8b9c8fca0ed0dd4bd390a6ef3ed5a3f61d978f75a18e8b9416c09f85088c6d?s=96&d=mm&r=g","url":"https:\/\/secure.gravatar.com\/avatar\/eb8b9c8fca0ed0dd4bd390a6ef3ed5a3f61d978f75a18e8b9416c09f85088c6d?s=96&d=mm&r=g","contentUrl":"https:\/\/secure.gravatar.com\/avatar\/eb8b9c8fca0ed0dd4bd390a6ef3ed5a3f61d978f75a18e8b9416c09f85088c6d?s=96&d=mm&r=g","caption":"gvkadmin"},"description":"Experto en comercio Internacional, Log\u00edstica y Seguros de Transporte de Carga. CEO de Cargox PTY s.a. (www.cargox.com) Experiencia de m\u00e1s de 30 a\u00f1os en Freight Forwarding y Log\u00edstica (www.multitrans-sjo.net). Experto en Inform\u00e1tica y Socio en ComGlobal IT (www.comglobalit.com)","sameAs":["http:\/\/www.cargox.com"],"url":"https:\/\/www.cargox.com\/noticias\/author\/gvkadmin\/"}]}},"_links":{"self":[{"href":"https:\/\/www.cargox.com\/noticias\/wp-json\/wp\/v2\/posts\/226","targetHints":{"allow":["GET"]}}],"collection":[{"href":"https:\/\/www.cargox.com\/noticias\/wp-json\/wp\/v2\/posts"}],"about":[{"href":"https:\/\/www.cargox.com\/noticias\/wp-json\/wp\/v2\/types\/post"}],"author":[{"embeddable":true,"href":"https:\/\/www.cargox.com\/noticias\/wp-json\/wp\/v2\/users\/1"}],"replies":[{"embeddable":true,"href":"https:\/\/www.cargox.com\/noticias\/wp-json\/wp\/v2\/comments?post=226"}],"version-history":[{"count":4,"href":"https:\/\/www.cargox.com\/noticias\/wp-json\/wp\/v2\/posts\/226\/revisions"}],"predecessor-version":[{"id":233,"href":"https:\/\/www.cargox.com\/noticias\/wp-json\/wp\/v2\/posts\/226\/revisions\/233"}],"wp:attachment":[{"href":"https:\/\/www.cargox.com\/noticias\/wp-json\/wp\/v2\/media?parent=226"}],"wp:term":[{"taxonomy":"category","embeddable":true,"href":"https:\/\/www.cargox.com\/noticias\/wp-json\/wp\/v2\/categories?post=226"},{"taxonomy":"post_tag","embeddable":true,"href":"https:\/\/www.cargox.com\/noticias\/wp-json\/wp\/v2\/tags?post=226"}],"curies":[{"name":"wp","href":"https:\/\/api.w.org\/{rel}","templated":true}]}}