{"id":243,"date":"2018-05-07T14:34:32","date_gmt":"2018-05-07T19:34:32","guid":{"rendered":"https:\/\/www.cargox.com\/noticias\/?p=243"},"modified":"2018-05-07T20:23:23","modified_gmt":"2018-05-08T01:23:23","slug":"mayor-porta-contenedores-20568-teu-maersk-madrid","status":"publish","type":"post","link":"https:\/\/www.cargox.com\/noticias\/2018\/05\/07\/mayor-porta-contenedores-20568-teu-maersk-madrid\/","title":{"rendered":"2do. Mayor Porta-Contenedores: 20568 TEU &#8211; Maersk Madrid"},"content":{"rendered":"<div id=\"attachment_244\" style=\"width: 310px\" class=\"wp-caption alignleft\"><img loading=\"lazy\" decoding=\"async\" aria-describedby=\"caption-attachment-244\" class=\"wp-image-244 size-medium\" src=\"https:\/\/www.cargox.com\/noticias\/wp-content\/uploads\/2018\/05\/MADRID_MAERSK-300x300.jpg\" alt=\"Maersk_Madrid\" width=\"300\" height=\"300\" srcset=\"https:\/\/www.cargox.com\/noticias\/wp-content\/uploads\/2018\/05\/MADRID_MAERSK-300x300.jpg 300w, https:\/\/www.cargox.com\/noticias\/wp-content\/uploads\/2018\/05\/MADRID_MAERSK-150x150.jpg 150w, https:\/\/www.cargox.com\/noticias\/wp-content\/uploads\/2018\/05\/MADRID_MAERSK-768x768.jpg 768w, https:\/\/www.cargox.com\/noticias\/wp-content\/uploads\/2018\/05\/MADRID_MAERSK.jpg 800w\" sizes=\"auto, (max-width: 300px) 100vw, 300px\" \/><p id=\"caption-attachment-244\" class=\"wp-caption-text\">Maersk Madrid en su primer viaje comercial, saliendo de Tianjin, China, con rumbo a Rotterdam, Holanda.<\/p><\/div>\n<p>El <strong>MAERSK MADRID<\/strong> inici\u00f3 operaciones en el puerto de Tianjin, China, con su capacidad m\u00e1xima de 20.568 TEU. En este momento el Maersk Madrid es el 2do. mayor porta-contenedores del mundo en este momento (7 de Mayo de 2018). Fu\u00e9 ordenado en el 2015 a los astilleros de DAEWOO Shipbuilding and Marine Engineering. Pertenece a la Clase &#8220;Triple-E&#8221; de &#8220;Segunda Generaci\u00f3n&#8221;.<\/p>\n<p>Fu\u00e9 entregado en Abril y se encuentra en este momento cruzando el Mediterraneo con rumbo a Rotterdam, cubriendo su primera ruta comercial.<\/p>\n<h3>Excede Dimensiones de las nuevas esclusas del Canal de Panam\u00e1<\/h3>\n<p>Mide 399 metros de eslora, 58.6 metros de manga y 16.2 metros de calado. Con estas dimensiones sobrepasa por el ancho de las nuevas esclusas del canal de Panam\u00e1, por 3 metros y la permitida por 7.375m (la manga m\u00e1xima permitida actualmente es de 51.25m a partir de Junio de 2018). Su eslora no sobrepasa la longitud de las nuevas esclusas, sin embargo si sobrepasa la eslora m\u00e1xima permitida es de 366 metros. igualmente el calado m\u00e1ximo permitido es de 15.2 metros. De esta forma, dificilmente veremos a este gigante del mar cruzando del atl\u00e1ntico al pac\u00edfico por el Canal de Panam\u00e1.<\/p>\n<p>A manera de curiosidad, el mayor buque en cruzar el Canal de Panam\u00e1 hasta hoy, ha sido el <a href=\"https:\/\/www.cargox.com\/noticias\/2018\/04\/30\/canal-de-panama-aumenta-tamano-maximo-de-barcos\/\">CMA CGM THEODORE ROOSEVELT<\/a> con una capacidad de 14.855 TEUS, longitud de 365.9 metros y un ancho de 48.2 metros (<a href=\"https:\/\/www.cargox.com\/noticias\/2018\/04\/30\/canal-de-panama-aumenta-tamano-maximo-de-barcos\/\">ver la noticia<\/a>).<\/p>\n<p style=\"text-align: center;\"><a href=\"https:\/\/www.cargox.com\/contacto.php\"><img loading=\"lazy\" decoding=\"async\" class=\"size-full wp-image-136 aligncenter\" src=\"https:\/\/www.cargox.com\/noticias\/wp-content\/uploads\/2018\/04\/button.png\" sizes=\"auto, (max-width: 209px) 100vw, 209px\" srcset=\"https:\/\/www.cargox.com\/noticias\/wp-content\/uploads\/2018\/04\/button.png 209w, https:\/\/www.cargox.com\/noticias\/wp-content\/uploads\/2018\/04\/button-150x35.png 150w\" alt=\"Contactenos\" width=\"209\" height=\"49\" \/><\/a>Seguros de Transporte de Carga.<br \/>\nSeguros de Stock-Throughput.<br \/>\nSeguro de Responsabilidad Civil.<br \/>\nAsesor\u00eda en Gesti\u00f3n de Reclamos.<\/p>\n<p>(Fuentes: Marine Traffic, gCaptain)<\/p>\n","protected":false},"excerpt":{"rendered":"<p>El MAERSK MADRID inici\u00f3 operaciones en el puerto de Tianjin, China, con su capacidad m\u00e1xima de 20.568 TEU. En este momento el Maersk Madrid es el 2do. mayor porta-contenedores del mundo en este momento (7 de Mayo de 2018). Fu\u00e9 ordenado en el 2015 a los astilleros de DAEWOO Shipbuilding and Marine Engineering. Pertenece a&#8230;<\/p>\n","protected":false},"author":1,"featured_media":0,"comment_status":"open","ping_status":"open","sticky":false,"template":"","format":"standard","meta":{"footnotes":""},"categories":[3],"tags":[69,13,87,66,88,14,47,46,89],"class_list":["post-243","post","type-post","status-publish","format-standard","hentry","category-noticias","tag-canal-de-panama","tag-logistica","tag-maersk-madrid","tag-maritimo","tag-mayor-barco","tag-naviera","tag-seguro-de-responsabilidad-civil","tag-seguro-de-transporte-de-carga","tag-seguros-de-carga"],"yoast_head":"<!-- This site is optimized with the Yoast SEO plugin v27.2 - https:\/\/yoast.com\/product\/yoast-seo-wordpress\/ -->\n<title>2do. Mayor Porta-Contenedores: 20568 TEU - Maersk Madrid - Noticias y Art\u00edculos de Cargox<\/title>\n<meta name=\"robots\" content=\"index, follow, max-snippet:-1, max-image-preview:large, max-video-preview:-1\" \/>\n<link rel=\"canonical\" href=\"https:\/\/www.cargox.com\/noticias\/2018\/05\/07\/mayor-porta-contenedores-20568-teu-maersk-madrid\/\" \/>\n<meta property=\"og:locale\" content=\"es_ES\" \/>\n<meta property=\"og:type\" content=\"article\" \/>\n<meta property=\"og:title\" content=\"2do. Mayor Porta-Contenedores: 20568 TEU - Maersk Madrid - Noticias y Art\u00edculos de Cargox\" \/>\n<meta property=\"og:description\" content=\"El MAERSK MADRID inici\u00f3 operaciones en el puerto de Tianjin, China, con su capacidad m\u00e1xima de 20.568 TEU. En este momento el Maersk Madrid es el 2do. mayor porta-contenedores del mundo en este momento (7 de Mayo de 2018). Fu\u00e9 ordenado en el 2015 a los astilleros de DAEWOO Shipbuilding and Marine Engineering. Pertenece a...\" \/>\n<meta property=\"og:url\" content=\"https:\/\/www.cargox.com\/noticias\/2018\/05\/07\/mayor-porta-contenedores-20568-teu-maersk-madrid\/\" \/>\n<meta property=\"og:site_name\" content=\"Noticias y Art\u00edculos de Cargox\" \/>\n<meta property=\"article:published_time\" content=\"2018-05-07T19:34:32+00:00\" \/>\n<meta property=\"article:modified_time\" content=\"2018-05-08T01:23:23+00:00\" \/>\n<meta property=\"og:image\" content=\"https:\/\/www.cargox.com\/noticias\/wp-content\/uploads\/2018\/05\/MADRID_MAERSK-300x300.jpg\" \/>\n<meta name=\"author\" content=\"gvkadmin\" \/>\n<meta name=\"twitter:card\" content=\"summary_large_image\" \/>\n<meta name=\"twitter:label1\" content=\"Written by\" \/>\n\t<meta name=\"twitter:data1\" content=\"gvkadmin\" \/>\n\t<meta name=\"twitter:label2\" content=\"Est. reading time\" \/>\n\t<meta name=\"twitter:data2\" content=\"1 minuto\" \/>\n<script type=\"application\/ld+json\" class=\"yoast-schema-graph\">{\"@context\":\"https:\/\/schema.org\",\"@graph\":[{\"@type\":\"Article\",\"@id\":\"https:\/\/www.cargox.com\/noticias\/2018\/05\/07\/mayor-porta-contenedores-20568-teu-maersk-madrid\/#article\",\"isPartOf\":{\"@id\":\"https:\/\/www.cargox.com\/noticias\/2018\/05\/07\/mayor-porta-contenedores-20568-teu-maersk-madrid\/\"},\"author\":{\"name\":\"gvkadmin\",\"@id\":\"https:\/\/www.cargox.com\/noticias\/#\/schema\/person\/c432f1d41544d9b7e0d0befcf9005056\"},\"headline\":\"2do. Mayor Porta-Contenedores: 20568 TEU &#8211; Maersk Madrid\",\"datePublished\":\"2018-05-07T19:34:32+00:00\",\"dateModified\":\"2018-05-08T01:23:23+00:00\",\"mainEntityOfPage\":{\"@id\":\"https:\/\/www.cargox.com\/noticias\/2018\/05\/07\/mayor-porta-contenedores-20568-teu-maersk-madrid\/\"},\"wordCount\":282,\"commentCount\":0,\"image\":{\"@id\":\"https:\/\/www.cargox.com\/noticias\/2018\/05\/07\/mayor-porta-contenedores-20568-teu-maersk-madrid\/#primaryimage\"},\"thumbnailUrl\":\"https:\/\/www.cargox.com\/noticias\/wp-content\/uploads\/2018\/05\/MADRID_MAERSK-300x300.jpg\",\"keywords\":[\"canal de panama\",\"logistica\",\"maersk madrid\",\"mar\u00edtimo\",\"mayor barco\",\"naviera\",\"seguro de responsabilidad civil\",\"seguro de transporte de carga\",\"seguros de carga\"],\"articleSection\":[\"Noticias\"],\"inLanguage\":\"es-CR\",\"potentialAction\":[{\"@type\":\"CommentAction\",\"name\":\"Comment\",\"target\":[\"https:\/\/www.cargox.com\/noticias\/2018\/05\/07\/mayor-porta-contenedores-20568-teu-maersk-madrid\/#respond\"]}]},{\"@type\":\"WebPage\",\"@id\":\"https:\/\/www.cargox.com\/noticias\/2018\/05\/07\/mayor-porta-contenedores-20568-teu-maersk-madrid\/\",\"url\":\"https:\/\/www.cargox.com\/noticias\/2018\/05\/07\/mayor-porta-contenedores-20568-teu-maersk-madrid\/\",\"name\":\"2do. Mayor Porta-Contenedores: 20568 TEU - Maersk Madrid - Noticias y Art\u00edculos de Cargox\",\"isPartOf\":{\"@id\":\"https:\/\/www.cargox.com\/noticias\/#website\"},\"primaryImageOfPage\":{\"@id\":\"https:\/\/www.cargox.com\/noticias\/2018\/05\/07\/mayor-porta-contenedores-20568-teu-maersk-madrid\/#primaryimage\"},\"image\":{\"@id\":\"https:\/\/www.cargox.com\/noticias\/2018\/05\/07\/mayor-porta-contenedores-20568-teu-maersk-madrid\/#primaryimage\"},\"thumbnailUrl\":\"https:\/\/www.cargox.com\/noticias\/wp-content\/uploads\/2018\/05\/MADRID_MAERSK-300x300.jpg\",\"datePublished\":\"2018-05-07T19:34:32+00:00\",\"dateModified\":\"2018-05-08T01:23:23+00:00\",\"author\":{\"@id\":\"https:\/\/www.cargox.com\/noticias\/#\/schema\/person\/c432f1d41544d9b7e0d0befcf9005056\"},\"breadcrumb\":{\"@id\":\"https:\/\/www.cargox.com\/noticias\/2018\/05\/07\/mayor-porta-contenedores-20568-teu-maersk-madrid\/#breadcrumb\"},\"inLanguage\":\"es-CR\",\"potentialAction\":[{\"@type\":\"ReadAction\",\"target\":[\"https:\/\/www.cargox.com\/noticias\/2018\/05\/07\/mayor-porta-contenedores-20568-teu-maersk-madrid\/\"]}]},{\"@type\":\"ImageObject\",\"inLanguage\":\"es-CR\",\"@id\":\"https:\/\/www.cargox.com\/noticias\/2018\/05\/07\/mayor-porta-contenedores-20568-teu-maersk-madrid\/#primaryimage\",\"url\":\"https:\/\/www.cargox.com\/noticias\/wp-content\/uploads\/2018\/05\/MADRID_MAERSK-300x300.jpg\",\"contentUrl\":\"https:\/\/www.cargox.com\/noticias\/wp-content\/uploads\/2018\/05\/MADRID_MAERSK-300x300.jpg\"},{\"@type\":\"BreadcrumbList\",\"@id\":\"https:\/\/www.cargox.com\/noticias\/2018\/05\/07\/mayor-porta-contenedores-20568-teu-maersk-madrid\/#breadcrumb\",\"itemListElement\":[{\"@type\":\"ListItem\",\"position\":1,\"name\":\"Home\",\"item\":\"https:\/\/www.cargox.com\/noticias\/\"},{\"@type\":\"ListItem\",\"position\":2,\"name\":\"2do. Mayor Porta-Contenedores: 20568 TEU &#8211; Maersk Madrid\"}]},{\"@type\":\"WebSite\",\"@id\":\"https:\/\/www.cargox.com\/noticias\/#website\",\"url\":\"https:\/\/www.cargox.com\/noticias\/\",\"name\":\"Noticias y Art\u00edculos de Cargox\",\"description\":\"Blog de Cargox, para profesionales en log\u00edstica y transporte internacional de carga.\",\"potentialAction\":[{\"@type\":\"SearchAction\",\"target\":{\"@type\":\"EntryPoint\",\"urlTemplate\":\"https:\/\/www.cargox.com\/noticias\/?s={search_term_string}\"},\"query-input\":{\"@type\":\"PropertyValueSpecification\",\"valueRequired\":true,\"valueName\":\"search_term_string\"}}],\"inLanguage\":\"es-CR\"},{\"@type\":\"Person\",\"@id\":\"https:\/\/www.cargox.com\/noticias\/#\/schema\/person\/c432f1d41544d9b7e0d0befcf9005056\",\"name\":\"gvkadmin\",\"image\":{\"@type\":\"ImageObject\",\"inLanguage\":\"es-CR\",\"@id\":\"https:\/\/secure.gravatar.com\/avatar\/eb8b9c8fca0ed0dd4bd390a6ef3ed5a3f61d978f75a18e8b9416c09f85088c6d?s=96&d=mm&r=g\",\"url\":\"https:\/\/secure.gravatar.com\/avatar\/eb8b9c8fca0ed0dd4bd390a6ef3ed5a3f61d978f75a18e8b9416c09f85088c6d?s=96&d=mm&r=g\",\"contentUrl\":\"https:\/\/secure.gravatar.com\/avatar\/eb8b9c8fca0ed0dd4bd390a6ef3ed5a3f61d978f75a18e8b9416c09f85088c6d?s=96&d=mm&r=g\",\"caption\":\"gvkadmin\"},\"description\":\"Experto en comercio Internacional, Log\u00edstica y Seguros de Transporte de Carga. CEO de Cargox PTY s.a. (www.cargox.com) Experiencia de m\u00e1s de 30 a\u00f1os en Freight Forwarding y Log\u00edstica (www.multitrans-sjo.net). Experto en Inform\u00e1tica y Socio en ComGlobal IT (www.comglobalit.com)\",\"sameAs\":[\"http:\/\/www.cargox.com\"],\"url\":\"https:\/\/www.cargox.com\/noticias\/author\/gvkadmin\/\"}]}<\/script>\n<!-- \/ Yoast SEO plugin. -->","yoast_head_json":{"title":"2do. Mayor Porta-Contenedores: 20568 TEU - Maersk Madrid - Noticias y Art\u00edculos de Cargox","robots":{"index":"index","follow":"follow","max-snippet":"max-snippet:-1","max-image-preview":"max-image-preview:large","max-video-preview":"max-video-preview:-1"},"canonical":"https:\/\/www.cargox.com\/noticias\/2018\/05\/07\/mayor-porta-contenedores-20568-teu-maersk-madrid\/","og_locale":"es_ES","og_type":"article","og_title":"2do. Mayor Porta-Contenedores: 20568 TEU - Maersk Madrid - Noticias y Art\u00edculos de Cargox","og_description":"El MAERSK MADRID inici\u00f3 operaciones en el puerto de Tianjin, China, con su capacidad m\u00e1xima de 20.568 TEU. En este momento el Maersk Madrid es el 2do. mayor porta-contenedores del mundo en este momento (7 de Mayo de 2018). Fu\u00e9 ordenado en el 2015 a los astilleros de DAEWOO Shipbuilding and Marine Engineering. Pertenece a...","og_url":"https:\/\/www.cargox.com\/noticias\/2018\/05\/07\/mayor-porta-contenedores-20568-teu-maersk-madrid\/","og_site_name":"Noticias y Art\u00edculos de Cargox","article_published_time":"2018-05-07T19:34:32+00:00","article_modified_time":"2018-05-08T01:23:23+00:00","og_image":[{"url":"https:\/\/www.cargox.com\/noticias\/wp-content\/uploads\/2018\/05\/MADRID_MAERSK-300x300.jpg","type":"","width":"","height":""}],"author":"gvkadmin","twitter_card":"summary_large_image","twitter_misc":{"Written by":"gvkadmin","Est. reading time":"1 minuto"},"schema":{"@context":"https:\/\/schema.org","@graph":[{"@type":"Article","@id":"https:\/\/www.cargox.com\/noticias\/2018\/05\/07\/mayor-porta-contenedores-20568-teu-maersk-madrid\/#article","isPartOf":{"@id":"https:\/\/www.cargox.com\/noticias\/2018\/05\/07\/mayor-porta-contenedores-20568-teu-maersk-madrid\/"},"author":{"name":"gvkadmin","@id":"https:\/\/www.cargox.com\/noticias\/#\/schema\/person\/c432f1d41544d9b7e0d0befcf9005056"},"headline":"2do. Mayor Porta-Contenedores: 20568 TEU &#8211; Maersk Madrid","datePublished":"2018-05-07T19:34:32+00:00","dateModified":"2018-05-08T01:23:23+00:00","mainEntityOfPage":{"@id":"https:\/\/www.cargox.com\/noticias\/2018\/05\/07\/mayor-porta-contenedores-20568-teu-maersk-madrid\/"},"wordCount":282,"commentCount":0,"image":{"@id":"https:\/\/www.cargox.com\/noticias\/2018\/05\/07\/mayor-porta-contenedores-20568-teu-maersk-madrid\/#primaryimage"},"thumbnailUrl":"https:\/\/www.cargox.com\/noticias\/wp-content\/uploads\/2018\/05\/MADRID_MAERSK-300x300.jpg","keywords":["canal de panama","logistica","maersk madrid","mar\u00edtimo","mayor barco","naviera","seguro de responsabilidad civil","seguro de transporte de carga","seguros de carga"],"articleSection":["Noticias"],"inLanguage":"es-CR","potentialAction":[{"@type":"CommentAction","name":"Comment","target":["https:\/\/www.cargox.com\/noticias\/2018\/05\/07\/mayor-porta-contenedores-20568-teu-maersk-madrid\/#respond"]}]},{"@type":"WebPage","@id":"https:\/\/www.cargox.com\/noticias\/2018\/05\/07\/mayor-porta-contenedores-20568-teu-maersk-madrid\/","url":"https:\/\/www.cargox.com\/noticias\/2018\/05\/07\/mayor-porta-contenedores-20568-teu-maersk-madrid\/","name":"2do. Mayor Porta-Contenedores: 20568 TEU - Maersk Madrid - Noticias y Art\u00edculos de Cargox","isPartOf":{"@id":"https:\/\/www.cargox.com\/noticias\/#website"},"primaryImageOfPage":{"@id":"https:\/\/www.cargox.com\/noticias\/2018\/05\/07\/mayor-porta-contenedores-20568-teu-maersk-madrid\/#primaryimage"},"image":{"@id":"https:\/\/www.cargox.com\/noticias\/2018\/05\/07\/mayor-porta-contenedores-20568-teu-maersk-madrid\/#primaryimage"},"thumbnailUrl":"https:\/\/www.cargox.com\/noticias\/wp-content\/uploads\/2018\/05\/MADRID_MAERSK-300x300.jpg","datePublished":"2018-05-07T19:34:32+00:00","dateModified":"2018-05-08T01:23:23+00:00","author":{"@id":"https:\/\/www.cargox.com\/noticias\/#\/schema\/person\/c432f1d41544d9b7e0d0befcf9005056"},"breadcrumb":{"@id":"https:\/\/www.cargox.com\/noticias\/2018\/05\/07\/mayor-porta-contenedores-20568-teu-maersk-madrid\/#breadcrumb"},"inLanguage":"es-CR","potentialAction":[{"@type":"ReadAction","target":["https:\/\/www.cargox.com\/noticias\/2018\/05\/07\/mayor-porta-contenedores-20568-teu-maersk-madrid\/"]}]},{"@type":"ImageObject","inLanguage":"es-CR","@id":"https:\/\/www.cargox.com\/noticias\/2018\/05\/07\/mayor-porta-contenedores-20568-teu-maersk-madrid\/#primaryimage","url":"https:\/\/www.cargox.com\/noticias\/wp-content\/uploads\/2018\/05\/MADRID_MAERSK-300x300.jpg","contentUrl":"https:\/\/www.cargox.com\/noticias\/wp-content\/uploads\/2018\/05\/MADRID_MAERSK-300x300.jpg"},{"@type":"BreadcrumbList","@id":"https:\/\/www.cargox.com\/noticias\/2018\/05\/07\/mayor-porta-contenedores-20568-teu-maersk-madrid\/#breadcrumb","itemListElement":[{"@type":"ListItem","position":1,"name":"Home","item":"https:\/\/www.cargox.com\/noticias\/"},{"@type":"ListItem","position":2,"name":"2do. Mayor Porta-Contenedores: 20568 TEU &#8211; Maersk Madrid"}]},{"@type":"WebSite","@id":"https:\/\/www.cargox.com\/noticias\/#website","url":"https:\/\/www.cargox.com\/noticias\/","name":"Noticias y Art\u00edculos de Cargox","description":"Blog de Cargox, para profesionales en log\u00edstica y transporte internacional de carga.","potentialAction":[{"@type":"SearchAction","target":{"@type":"EntryPoint","urlTemplate":"https:\/\/www.cargox.com\/noticias\/?s={search_term_string}"},"query-input":{"@type":"PropertyValueSpecification","valueRequired":true,"valueName":"search_term_string"}}],"inLanguage":"es-CR"},{"@type":"Person","@id":"https:\/\/www.cargox.com\/noticias\/#\/schema\/person\/c432f1d41544d9b7e0d0befcf9005056","name":"gvkadmin","image":{"@type":"ImageObject","inLanguage":"es-CR","@id":"https:\/\/secure.gravatar.com\/avatar\/eb8b9c8fca0ed0dd4bd390a6ef3ed5a3f61d978f75a18e8b9416c09f85088c6d?s=96&d=mm&r=g","url":"https:\/\/secure.gravatar.com\/avatar\/eb8b9c8fca0ed0dd4bd390a6ef3ed5a3f61d978f75a18e8b9416c09f85088c6d?s=96&d=mm&r=g","contentUrl":"https:\/\/secure.gravatar.com\/avatar\/eb8b9c8fca0ed0dd4bd390a6ef3ed5a3f61d978f75a18e8b9416c09f85088c6d?s=96&d=mm&r=g","caption":"gvkadmin"},"description":"Experto en comercio Internacional, Log\u00edstica y Seguros de Transporte de Carga. CEO de Cargox PTY s.a. (www.cargox.com) Experiencia de m\u00e1s de 30 a\u00f1os en Freight Forwarding y Log\u00edstica (www.multitrans-sjo.net). Experto en Inform\u00e1tica y Socio en ComGlobal IT (www.comglobalit.com)","sameAs":["http:\/\/www.cargox.com"],"url":"https:\/\/www.cargox.com\/noticias\/author\/gvkadmin\/"}]}},"_links":{"self":[{"href":"https:\/\/www.cargox.com\/noticias\/wp-json\/wp\/v2\/posts\/243","targetHints":{"allow":["GET"]}}],"collection":[{"href":"https:\/\/www.cargox.com\/noticias\/wp-json\/wp\/v2\/posts"}],"about":[{"href":"https:\/\/www.cargox.com\/noticias\/wp-json\/wp\/v2\/types\/post"}],"author":[{"embeddable":true,"href":"https:\/\/www.cargox.com\/noticias\/wp-json\/wp\/v2\/users\/1"}],"replies":[{"embeddable":true,"href":"https:\/\/www.cargox.com\/noticias\/wp-json\/wp\/v2\/comments?post=243"}],"version-history":[{"count":2,"href":"https:\/\/www.cargox.com\/noticias\/wp-json\/wp\/v2\/posts\/243\/revisions"}],"predecessor-version":[{"id":246,"href":"https:\/\/www.cargox.com\/noticias\/wp-json\/wp\/v2\/posts\/243\/revisions\/246"}],"wp:attachment":[{"href":"https:\/\/www.cargox.com\/noticias\/wp-json\/wp\/v2\/media?parent=243"}],"wp:term":[{"taxonomy":"category","embeddable":true,"href":"https:\/\/www.cargox.com\/noticias\/wp-json\/wp\/v2\/categories?post=243"},{"taxonomy":"post_tag","embeddable":true,"href":"https:\/\/www.cargox.com\/noticias\/wp-json\/wp\/v2\/tags?post=243"}],"curies":[{"name":"wp","href":"https:\/\/api.w.org\/{rel}","templated":true}]}}