{"id":255,"date":"2018-05-09T14:00:23","date_gmt":"2018-05-09T19:00:23","guid":{"rendered":"https:\/\/www.cargox.com\/noticias\/?p=255"},"modified":"2018-05-09T14:00:23","modified_gmt":"2018-05-09T19:00:23","slug":"carga-aerea-joint-venture-entre-lufthansa-y-united","status":"publish","type":"post","link":"https:\/\/www.cargox.com\/noticias\/2018\/05\/09\/carga-aerea-joint-venture-entre-lufthansa-y-united\/","title":{"rendered":"Carga A\u00e9rea: Joint Venture entre Lufthansa y United"},"content":{"rendered":"<div id=\"attachment_259\" style=\"width: 739px\" class=\"wp-caption aligncenter\"><img loading=\"lazy\" decoding=\"async\" aria-describedby=\"caption-attachment-259\" class=\"size-full wp-image-259\" src=\"https:\/\/www.cargox.com\/noticias\/wp-content\/uploads\/2018\/05\/luftunited.jpg\" alt=\"luhthansaUnited\" width=\"729\" height=\"547\" srcset=\"https:\/\/www.cargox.com\/noticias\/wp-content\/uploads\/2018\/05\/luftunited.jpg 729w, https:\/\/www.cargox.com\/noticias\/wp-content\/uploads\/2018\/05\/luftunited-300x225.jpg 300w, https:\/\/www.cargox.com\/noticias\/wp-content\/uploads\/2018\/05\/luftunited-150x113.jpg 150w\" sizes=\"auto, (max-width: 729px) 100vw, 729px\" \/><p id=\"caption-attachment-259\" class=\"wp-caption-text\">Lufthansa y United anuncian Joint Venture en Carga A\u00e9rea.<\/p><\/div>\n<p>Luego de 3 a\u00f1os de negociaciones, Lufthansa Cargo y United anunciaron su Joint Venture, dando inicio el 3 de Mayo, con las rutas desde Estados Unidos, Italia, Gran Breta\u00f1a, Irlanda y Alemania, con miras a expandir el alcance geogr\u00e1fico y de los productos de la alianza en los pr\u00f3ximos meses.<\/p>\n<p>Como antecedente, un a\u00f1o antes de iniciar negociaciones con United, Lufthansa Cargo hab\u00eda logrado otra alianza importante, con ANA de Jap\u00f3n.<\/p>\n<p>La tendencia puede indicar una intenci\u00f3n de crecer en alianzas, enfocado en valores agregados para su oferta de servicios y evitando adem\u00e1s canibalizar el mercado, garantizandose de esta forma crecimiento y salud financiera.<\/p>\n<h3>Estad\u00edsticas (2016):<\/h3>\n<p><strong>Lufthansa 5 en el ranking, con 9.469.000.000 FTK&#8217;s<\/strong><\/p>\n<p><strong>United 23 en el ranking, con 3.534.000.000 FTK&#8217;s<\/strong><\/p>\n<p>FTK siginifica Freight Ton Kilometers y representa el peso acarreado a lo largo de la distancia. Es una medida usada para<\/p>\n<h2>Expectativas de la Alianza<\/h2>\n<p>Seg\u00fan Peter Gerber, CEO de Lufthansa Cargo, el joint venture est\u00e1 dise\u00f1ado para brindar un mayor valor a sus clientes. Adem\u00e1s la combinaci\u00f3n de dos grandes redes de Carga A\u00e9rea, brinda nuevas opciones de rutas para los usuarios. El compartir recursos, como bodegas y centros de transferencia, distribuci\u00f3n y otros, aumentar\u00e1 la eficiencia y la velocidad en los procesos de transporte, exportaci\u00f3n e importaci\u00f3n.<\/p>\n<p>Por su parte, el presidente de United Cargo, Jan Krems, se\u00f1al\u00f3 los beneficios para sus clientes: Incremento en las frecuencias, mejora en el servicio por la disponibilidad para los clientes para usar indistintamente ambas plataformas para manejar reservaciones de carga a\u00e9rea, as\u00ed como ambos equipos de servicio alineados para brindar un servicio de calidad superior a los clientes, que contribuya efectivamente a su \u00e9xito.<\/p>\n<p style=\"text-align: center;\"><a href=\"https:\/\/www.cargox.com\/contacto.php\"><img loading=\"lazy\" decoding=\"async\" class=\"size-full wp-image-136 aligncenter\" src=\"https:\/\/www.cargox.com\/noticias\/wp-content\/uploads\/2018\/04\/button.png\" sizes=\"auto, (max-width: 209px) 100vw, 209px\" srcset=\"https:\/\/www.cargox.com\/noticias\/wp-content\/uploads\/2018\/04\/button.png 209w, https:\/\/www.cargox.com\/noticias\/wp-content\/uploads\/2018\/04\/button-150x35.png 150w\" alt=\"Contactenos\" width=\"209\" height=\"49\" \/><\/a>Seguros de Transporte de Carga.<br \/>\nSeguros de Stock-Throughput.<br \/>\nSeguro de Responsabilidad Civil.<br \/>\nAsesor\u00eda en Gesti\u00f3n de Reclamos.<\/p>\n<p>(Fuentes: Lufthansa, AirCargoWorld)<\/p>\n","protected":false},"excerpt":{"rendered":"<p>Luego de 3 a\u00f1os de negociaciones, Lufthansa Cargo y United anunciaron su Joint Venture, dando inicio el 3 de Mayo, con las rutas desde Estados Unidos, Italia, Gran Breta\u00f1a, Irlanda y Alemania, con miras a expandir el alcance geogr\u00e1fico y de los productos de la alianza en los pr\u00f3ximos meses. Como antecedente, un a\u00f1o antes&#8230;<\/p>\n","protected":false},"author":1,"featured_media":0,"comment_status":"open","ping_status":"open","sticky":false,"template":"","format":"standard","meta":{"footnotes":""},"categories":[3],"tags":[40,98,94,13,95,9,47,46,97,96],"class_list":["post-255","post","type-post","status-publish","format-standard","hentry","category-noticias","tag-carga","tag-carga-aerea","tag-joint-venture","tag-logistica","tag-lufthansa-cargo","tag-seguro-de-carga","tag-seguro-de-responsabilidad-civil","tag-seguro-de-transporte-de-carga","tag-seguros","tag-united"],"yoast_head":"<!-- This site is optimized with the Yoast SEO plugin v27.2 - https:\/\/yoast.com\/product\/yoast-seo-wordpress\/ -->\n<title>Carga A\u00e9rea: Joint Venture entre Lufthansa y United - Noticias y Art\u00edculos de Cargox<\/title>\n<meta name=\"robots\" content=\"index, follow, max-snippet:-1, max-image-preview:large, max-video-preview:-1\" \/>\n<link rel=\"canonical\" href=\"https:\/\/www.cargox.com\/noticias\/2018\/05\/09\/carga-aerea-joint-venture-entre-lufthansa-y-united\/\" \/>\n<meta property=\"og:locale\" content=\"es_ES\" \/>\n<meta property=\"og:type\" content=\"article\" \/>\n<meta property=\"og:title\" content=\"Carga A\u00e9rea: Joint Venture entre Lufthansa y United - Noticias y Art\u00edculos de Cargox\" \/>\n<meta property=\"og:description\" content=\"Luego de 3 a\u00f1os de negociaciones, Lufthansa Cargo y United anunciaron su Joint Venture, dando inicio el 3 de Mayo, con las rutas desde Estados Unidos, Italia, Gran Breta\u00f1a, Irlanda y Alemania, con miras a expandir el alcance geogr\u00e1fico y de los productos de la alianza en los pr\u00f3ximos meses. Como antecedente, un a\u00f1o antes...\" \/>\n<meta property=\"og:url\" content=\"https:\/\/www.cargox.com\/noticias\/2018\/05\/09\/carga-aerea-joint-venture-entre-lufthansa-y-united\/\" \/>\n<meta property=\"og:site_name\" content=\"Noticias y Art\u00edculos de Cargox\" \/>\n<meta property=\"article:published_time\" content=\"2018-05-09T19:00:23+00:00\" \/>\n<meta property=\"og:image\" content=\"https:\/\/www.cargox.com\/noticias\/wp-content\/uploads\/2018\/05\/luftunited.jpg\" \/>\n<meta name=\"author\" content=\"gvkadmin\" \/>\n<meta name=\"twitter:card\" content=\"summary_large_image\" \/>\n<meta name=\"twitter:label1\" content=\"Written by\" \/>\n\t<meta name=\"twitter:data1\" content=\"gvkadmin\" \/>\n\t<meta name=\"twitter:label2\" content=\"Est. reading time\" \/>\n\t<meta name=\"twitter:data2\" content=\"2 minutos\" \/>\n<script type=\"application\/ld+json\" class=\"yoast-schema-graph\">{\"@context\":\"https:\/\/schema.org\",\"@graph\":[{\"@type\":\"Article\",\"@id\":\"https:\/\/www.cargox.com\/noticias\/2018\/05\/09\/carga-aerea-joint-venture-entre-lufthansa-y-united\/#article\",\"isPartOf\":{\"@id\":\"https:\/\/www.cargox.com\/noticias\/2018\/05\/09\/carga-aerea-joint-venture-entre-lufthansa-y-united\/\"},\"author\":{\"name\":\"gvkadmin\",\"@id\":\"https:\/\/www.cargox.com\/noticias\/#\/schema\/person\/c432f1d41544d9b7e0d0befcf9005056\"},\"headline\":\"Carga A\u00e9rea: Joint Venture entre Lufthansa y United\",\"datePublished\":\"2018-05-09T19:00:23+00:00\",\"mainEntityOfPage\":{\"@id\":\"https:\/\/www.cargox.com\/noticias\/2018\/05\/09\/carga-aerea-joint-venture-entre-lufthansa-y-united\/\"},\"wordCount\":336,\"commentCount\":0,\"image\":{\"@id\":\"https:\/\/www.cargox.com\/noticias\/2018\/05\/09\/carga-aerea-joint-venture-entre-lufthansa-y-united\/#primaryimage\"},\"thumbnailUrl\":\"https:\/\/www.cargox.com\/noticias\/wp-content\/uploads\/2018\/05\/luftunited.jpg\",\"keywords\":[\"carga\",\"carga a\u00e9rea\",\"joint venture\",\"logistica\",\"lufthansa cargo\",\"seguro de carga\",\"seguro de responsabilidad civil\",\"seguro de transporte de carga\",\"seguros\",\"united\"],\"articleSection\":[\"Noticias\"],\"inLanguage\":\"es-CR\",\"potentialAction\":[{\"@type\":\"CommentAction\",\"name\":\"Comment\",\"target\":[\"https:\/\/www.cargox.com\/noticias\/2018\/05\/09\/carga-aerea-joint-venture-entre-lufthansa-y-united\/#respond\"]}]},{\"@type\":\"WebPage\",\"@id\":\"https:\/\/www.cargox.com\/noticias\/2018\/05\/09\/carga-aerea-joint-venture-entre-lufthansa-y-united\/\",\"url\":\"https:\/\/www.cargox.com\/noticias\/2018\/05\/09\/carga-aerea-joint-venture-entre-lufthansa-y-united\/\",\"name\":\"Carga A\u00e9rea: Joint Venture entre Lufthansa y United - Noticias y Art\u00edculos de Cargox\",\"isPartOf\":{\"@id\":\"https:\/\/www.cargox.com\/noticias\/#website\"},\"primaryImageOfPage\":{\"@id\":\"https:\/\/www.cargox.com\/noticias\/2018\/05\/09\/carga-aerea-joint-venture-entre-lufthansa-y-united\/#primaryimage\"},\"image\":{\"@id\":\"https:\/\/www.cargox.com\/noticias\/2018\/05\/09\/carga-aerea-joint-venture-entre-lufthansa-y-united\/#primaryimage\"},\"thumbnailUrl\":\"https:\/\/www.cargox.com\/noticias\/wp-content\/uploads\/2018\/05\/luftunited.jpg\",\"datePublished\":\"2018-05-09T19:00:23+00:00\",\"author\":{\"@id\":\"https:\/\/www.cargox.com\/noticias\/#\/schema\/person\/c432f1d41544d9b7e0d0befcf9005056\"},\"breadcrumb\":{\"@id\":\"https:\/\/www.cargox.com\/noticias\/2018\/05\/09\/carga-aerea-joint-venture-entre-lufthansa-y-united\/#breadcrumb\"},\"inLanguage\":\"es-CR\",\"potentialAction\":[{\"@type\":\"ReadAction\",\"target\":[\"https:\/\/www.cargox.com\/noticias\/2018\/05\/09\/carga-aerea-joint-venture-entre-lufthansa-y-united\/\"]}]},{\"@type\":\"ImageObject\",\"inLanguage\":\"es-CR\",\"@id\":\"https:\/\/www.cargox.com\/noticias\/2018\/05\/09\/carga-aerea-joint-venture-entre-lufthansa-y-united\/#primaryimage\",\"url\":\"https:\/\/www.cargox.com\/noticias\/wp-content\/uploads\/2018\/05\/luftunited.jpg\",\"contentUrl\":\"https:\/\/www.cargox.com\/noticias\/wp-content\/uploads\/2018\/05\/luftunited.jpg\"},{\"@type\":\"BreadcrumbList\",\"@id\":\"https:\/\/www.cargox.com\/noticias\/2018\/05\/09\/carga-aerea-joint-venture-entre-lufthansa-y-united\/#breadcrumb\",\"itemListElement\":[{\"@type\":\"ListItem\",\"position\":1,\"name\":\"Home\",\"item\":\"https:\/\/www.cargox.com\/noticias\/\"},{\"@type\":\"ListItem\",\"position\":2,\"name\":\"Carga A\u00e9rea: Joint Venture entre Lufthansa y United\"}]},{\"@type\":\"WebSite\",\"@id\":\"https:\/\/www.cargox.com\/noticias\/#website\",\"url\":\"https:\/\/www.cargox.com\/noticias\/\",\"name\":\"Noticias y Art\u00edculos de Cargox\",\"description\":\"Blog de Cargox, para profesionales en log\u00edstica y transporte internacional de carga.\",\"potentialAction\":[{\"@type\":\"SearchAction\",\"target\":{\"@type\":\"EntryPoint\",\"urlTemplate\":\"https:\/\/www.cargox.com\/noticias\/?s={search_term_string}\"},\"query-input\":{\"@type\":\"PropertyValueSpecification\",\"valueRequired\":true,\"valueName\":\"search_term_string\"}}],\"inLanguage\":\"es-CR\"},{\"@type\":\"Person\",\"@id\":\"https:\/\/www.cargox.com\/noticias\/#\/schema\/person\/c432f1d41544d9b7e0d0befcf9005056\",\"name\":\"gvkadmin\",\"image\":{\"@type\":\"ImageObject\",\"inLanguage\":\"es-CR\",\"@id\":\"https:\/\/secure.gravatar.com\/avatar\/eb8b9c8fca0ed0dd4bd390a6ef3ed5a3f61d978f75a18e8b9416c09f85088c6d?s=96&d=mm&r=g\",\"url\":\"https:\/\/secure.gravatar.com\/avatar\/eb8b9c8fca0ed0dd4bd390a6ef3ed5a3f61d978f75a18e8b9416c09f85088c6d?s=96&d=mm&r=g\",\"contentUrl\":\"https:\/\/secure.gravatar.com\/avatar\/eb8b9c8fca0ed0dd4bd390a6ef3ed5a3f61d978f75a18e8b9416c09f85088c6d?s=96&d=mm&r=g\",\"caption\":\"gvkadmin\"},\"description\":\"Experto en comercio Internacional, Log\u00edstica y Seguros de Transporte de Carga. CEO de Cargox PTY s.a. (www.cargox.com) Experiencia de m\u00e1s de 30 a\u00f1os en Freight Forwarding y Log\u00edstica (www.multitrans-sjo.net). Experto en Inform\u00e1tica y Socio en ComGlobal IT (www.comglobalit.com)\",\"sameAs\":[\"http:\/\/www.cargox.com\"],\"url\":\"https:\/\/www.cargox.com\/noticias\/author\/gvkadmin\/\"}]}<\/script>\n<!-- \/ Yoast SEO plugin. -->","yoast_head_json":{"title":"Carga A\u00e9rea: Joint Venture entre Lufthansa y United - Noticias y Art\u00edculos de Cargox","robots":{"index":"index","follow":"follow","max-snippet":"max-snippet:-1","max-image-preview":"max-image-preview:large","max-video-preview":"max-video-preview:-1"},"canonical":"https:\/\/www.cargox.com\/noticias\/2018\/05\/09\/carga-aerea-joint-venture-entre-lufthansa-y-united\/","og_locale":"es_ES","og_type":"article","og_title":"Carga A\u00e9rea: Joint Venture entre Lufthansa y United - Noticias y Art\u00edculos de Cargox","og_description":"Luego de 3 a\u00f1os de negociaciones, Lufthansa Cargo y United anunciaron su Joint Venture, dando inicio el 3 de Mayo, con las rutas desde Estados Unidos, Italia, Gran Breta\u00f1a, Irlanda y Alemania, con miras a expandir el alcance geogr\u00e1fico y de los productos de la alianza en los pr\u00f3ximos meses. Como antecedente, un a\u00f1o antes...","og_url":"https:\/\/www.cargox.com\/noticias\/2018\/05\/09\/carga-aerea-joint-venture-entre-lufthansa-y-united\/","og_site_name":"Noticias y Art\u00edculos de Cargox","article_published_time":"2018-05-09T19:00:23+00:00","og_image":[{"url":"https:\/\/www.cargox.com\/noticias\/wp-content\/uploads\/2018\/05\/luftunited.jpg","type":"","width":"","height":""}],"author":"gvkadmin","twitter_card":"summary_large_image","twitter_misc":{"Written by":"gvkadmin","Est. reading time":"2 minutos"},"schema":{"@context":"https:\/\/schema.org","@graph":[{"@type":"Article","@id":"https:\/\/www.cargox.com\/noticias\/2018\/05\/09\/carga-aerea-joint-venture-entre-lufthansa-y-united\/#article","isPartOf":{"@id":"https:\/\/www.cargox.com\/noticias\/2018\/05\/09\/carga-aerea-joint-venture-entre-lufthansa-y-united\/"},"author":{"name":"gvkadmin","@id":"https:\/\/www.cargox.com\/noticias\/#\/schema\/person\/c432f1d41544d9b7e0d0befcf9005056"},"headline":"Carga A\u00e9rea: Joint Venture entre Lufthansa y United","datePublished":"2018-05-09T19:00:23+00:00","mainEntityOfPage":{"@id":"https:\/\/www.cargox.com\/noticias\/2018\/05\/09\/carga-aerea-joint-venture-entre-lufthansa-y-united\/"},"wordCount":336,"commentCount":0,"image":{"@id":"https:\/\/www.cargox.com\/noticias\/2018\/05\/09\/carga-aerea-joint-venture-entre-lufthansa-y-united\/#primaryimage"},"thumbnailUrl":"https:\/\/www.cargox.com\/noticias\/wp-content\/uploads\/2018\/05\/luftunited.jpg","keywords":["carga","carga a\u00e9rea","joint venture","logistica","lufthansa cargo","seguro de carga","seguro de responsabilidad civil","seguro de transporte de carga","seguros","united"],"articleSection":["Noticias"],"inLanguage":"es-CR","potentialAction":[{"@type":"CommentAction","name":"Comment","target":["https:\/\/www.cargox.com\/noticias\/2018\/05\/09\/carga-aerea-joint-venture-entre-lufthansa-y-united\/#respond"]}]},{"@type":"WebPage","@id":"https:\/\/www.cargox.com\/noticias\/2018\/05\/09\/carga-aerea-joint-venture-entre-lufthansa-y-united\/","url":"https:\/\/www.cargox.com\/noticias\/2018\/05\/09\/carga-aerea-joint-venture-entre-lufthansa-y-united\/","name":"Carga A\u00e9rea: Joint Venture entre Lufthansa y United - Noticias y Art\u00edculos de Cargox","isPartOf":{"@id":"https:\/\/www.cargox.com\/noticias\/#website"},"primaryImageOfPage":{"@id":"https:\/\/www.cargox.com\/noticias\/2018\/05\/09\/carga-aerea-joint-venture-entre-lufthansa-y-united\/#primaryimage"},"image":{"@id":"https:\/\/www.cargox.com\/noticias\/2018\/05\/09\/carga-aerea-joint-venture-entre-lufthansa-y-united\/#primaryimage"},"thumbnailUrl":"https:\/\/www.cargox.com\/noticias\/wp-content\/uploads\/2018\/05\/luftunited.jpg","datePublished":"2018-05-09T19:00:23+00:00","author":{"@id":"https:\/\/www.cargox.com\/noticias\/#\/schema\/person\/c432f1d41544d9b7e0d0befcf9005056"},"breadcrumb":{"@id":"https:\/\/www.cargox.com\/noticias\/2018\/05\/09\/carga-aerea-joint-venture-entre-lufthansa-y-united\/#breadcrumb"},"inLanguage":"es-CR","potentialAction":[{"@type":"ReadAction","target":["https:\/\/www.cargox.com\/noticias\/2018\/05\/09\/carga-aerea-joint-venture-entre-lufthansa-y-united\/"]}]},{"@type":"ImageObject","inLanguage":"es-CR","@id":"https:\/\/www.cargox.com\/noticias\/2018\/05\/09\/carga-aerea-joint-venture-entre-lufthansa-y-united\/#primaryimage","url":"https:\/\/www.cargox.com\/noticias\/wp-content\/uploads\/2018\/05\/luftunited.jpg","contentUrl":"https:\/\/www.cargox.com\/noticias\/wp-content\/uploads\/2018\/05\/luftunited.jpg"},{"@type":"BreadcrumbList","@id":"https:\/\/www.cargox.com\/noticias\/2018\/05\/09\/carga-aerea-joint-venture-entre-lufthansa-y-united\/#breadcrumb","itemListElement":[{"@type":"ListItem","position":1,"name":"Home","item":"https:\/\/www.cargox.com\/noticias\/"},{"@type":"ListItem","position":2,"name":"Carga A\u00e9rea: Joint Venture entre Lufthansa y United"}]},{"@type":"WebSite","@id":"https:\/\/www.cargox.com\/noticias\/#website","url":"https:\/\/www.cargox.com\/noticias\/","name":"Noticias y Art\u00edculos de Cargox","description":"Blog de Cargox, para profesionales en log\u00edstica y transporte internacional de carga.","potentialAction":[{"@type":"SearchAction","target":{"@type":"EntryPoint","urlTemplate":"https:\/\/www.cargox.com\/noticias\/?s={search_term_string}"},"query-input":{"@type":"PropertyValueSpecification","valueRequired":true,"valueName":"search_term_string"}}],"inLanguage":"es-CR"},{"@type":"Person","@id":"https:\/\/www.cargox.com\/noticias\/#\/schema\/person\/c432f1d41544d9b7e0d0befcf9005056","name":"gvkadmin","image":{"@type":"ImageObject","inLanguage":"es-CR","@id":"https:\/\/secure.gravatar.com\/avatar\/eb8b9c8fca0ed0dd4bd390a6ef3ed5a3f61d978f75a18e8b9416c09f85088c6d?s=96&d=mm&r=g","url":"https:\/\/secure.gravatar.com\/avatar\/eb8b9c8fca0ed0dd4bd390a6ef3ed5a3f61d978f75a18e8b9416c09f85088c6d?s=96&d=mm&r=g","contentUrl":"https:\/\/secure.gravatar.com\/avatar\/eb8b9c8fca0ed0dd4bd390a6ef3ed5a3f61d978f75a18e8b9416c09f85088c6d?s=96&d=mm&r=g","caption":"gvkadmin"},"description":"Experto en comercio Internacional, Log\u00edstica y Seguros de Transporte de Carga. CEO de Cargox PTY s.a. (www.cargox.com) Experiencia de m\u00e1s de 30 a\u00f1os en Freight Forwarding y Log\u00edstica (www.multitrans-sjo.net). Experto en Inform\u00e1tica y Socio en ComGlobal IT (www.comglobalit.com)","sameAs":["http:\/\/www.cargox.com"],"url":"https:\/\/www.cargox.com\/noticias\/author\/gvkadmin\/"}]}},"_links":{"self":[{"href":"https:\/\/www.cargox.com\/noticias\/wp-json\/wp\/v2\/posts\/255","targetHints":{"allow":["GET"]}}],"collection":[{"href":"https:\/\/www.cargox.com\/noticias\/wp-json\/wp\/v2\/posts"}],"about":[{"href":"https:\/\/www.cargox.com\/noticias\/wp-json\/wp\/v2\/types\/post"}],"author":[{"embeddable":true,"href":"https:\/\/www.cargox.com\/noticias\/wp-json\/wp\/v2\/users\/1"}],"replies":[{"embeddable":true,"href":"https:\/\/www.cargox.com\/noticias\/wp-json\/wp\/v2\/comments?post=255"}],"version-history":[{"count":2,"href":"https:\/\/www.cargox.com\/noticias\/wp-json\/wp\/v2\/posts\/255\/revisions"}],"predecessor-version":[{"id":260,"href":"https:\/\/www.cargox.com\/noticias\/wp-json\/wp\/v2\/posts\/255\/revisions\/260"}],"wp:attachment":[{"href":"https:\/\/www.cargox.com\/noticias\/wp-json\/wp\/v2\/media?parent=255"}],"wp:term":[{"taxonomy":"category","embeddable":true,"href":"https:\/\/www.cargox.com\/noticias\/wp-json\/wp\/v2\/categories?post=255"},{"taxonomy":"post_tag","embeddable":true,"href":"https:\/\/www.cargox.com\/noticias\/wp-json\/wp\/v2\/tags?post=255"}],"curies":[{"name":"wp","href":"https:\/\/api.w.org\/{rel}","templated":true}]}}