{"id":261,"date":"2018-05-10T15:07:20","date_gmt":"2018-05-10T20:07:20","guid":{"rendered":"https:\/\/www.cargox.com\/noticias\/?p=261"},"modified":"2018-05-10T15:10:26","modified_gmt":"2018-05-10T20:10:26","slug":"carga-aerea-tendencia-al-alza-en-tarifas-us-kg","status":"publish","type":"post","link":"https:\/\/www.cargox.com\/noticias\/2018\/05\/10\/carga-aerea-tendencia-al-alza-en-tarifas-us-kg\/","title":{"rendered":"Carga A\u00e9rea: Tendencia al alza en Tarifas US$\/kg"},"content":{"rendered":"<div id=\"attachment_262\" style=\"width: 739px\" class=\"wp-caption aligncenter\"><img loading=\"lazy\" decoding=\"async\" aria-describedby=\"caption-attachment-262\" class=\"wp-image-262 size-full\" src=\"https:\/\/www.cargox.com\/noticias\/wp-content\/uploads\/2018\/05\/cargoRatesIncrease.jpg\" alt=\"CargoRatesIncrease\" width=\"729\" height=\"547\" srcset=\"https:\/\/www.cargox.com\/noticias\/wp-content\/uploads\/2018\/05\/cargoRatesIncrease.jpg 729w, https:\/\/www.cargox.com\/noticias\/wp-content\/uploads\/2018\/05\/cargoRatesIncrease-300x225.jpg 300w, https:\/\/www.cargox.com\/noticias\/wp-content\/uploads\/2018\/05\/cargoRatesIncrease-150x113.jpg 150w\" sizes=\"auto, (max-width: 729px) 100vw, 729px\" \/><p id=\"caption-attachment-262\" class=\"wp-caption-text\">Aumento en Tarifas A\u00e9reas de Carga en Abril 2018, comparado el 2017<\/p><\/div>\n<p>Las lineas a\u00e9reas ven una mejor\u00eda en sus tarifas, comparando con la misma \u00e9poca del a\u00f1o anterior.<\/p>\n<div id=\"attachment_266\" style=\"width: 310px\" class=\"wp-caption alignright\"><img loading=\"lazy\" decoding=\"async\" aria-describedby=\"caption-attachment-266\" class=\"size-medium wp-image-266\" src=\"https:\/\/www.cargox.com\/noticias\/wp-content\/uploads\/2018\/05\/Selection_058-300x50.jpg\" alt=\"TarifasIndex\" width=\"300\" height=\"50\" srcset=\"https:\/\/www.cargox.com\/noticias\/wp-content\/uploads\/2018\/05\/Selection_058-300x50.jpg 300w, https:\/\/www.cargox.com\/noticias\/wp-content\/uploads\/2018\/05\/Selection_058-150x25.jpg 150w, https:\/\/www.cargox.com\/noticias\/wp-content\/uploads\/2018\/05\/Selection_058.jpg 498w\" sizes=\"auto, (max-width: 300px) 100vw, 300px\" \/><p id=\"caption-attachment-266\" class=\"wp-caption-text\">Tarifas Indexadas<\/p><\/div>\n<p>De acuerdo con recientes estad\u00edsticas de TAC Index. Se espera una comportamiento al alza durante el verano en el hemisferio norte, hasta culminar en la temporada alta &#8220;Peak Seasson&#8221;, donde las tarifas en ciertas rutas podr\u00edan incrementarse a\u00fan cerca de un 40% hacia final del a\u00f1o, para volver a bajar en su ciclo normal a principio de a\u00f1o.<\/p>\n<p>El alza con respecto al a\u00f1o anterior, se explica por el incremento de la demanda que sostenidamente ha crecido en los \u00faltimos a\u00f1os. Sin embargo, este ciclo podr\u00eda cambiar significativamente, en caso de que se de la temida guerra comercial entre Estados Unidos y China principalmente.<\/p>\n<div id=\"attachment_263\" style=\"width: 889px\" class=\"wp-caption alignnone\"><img loading=\"lazy\" decoding=\"async\" aria-describedby=\"caption-attachment-263\" class=\"wp-image-263 size-full\" src=\"https:\/\/www.cargox.com\/noticias\/wp-content\/uploads\/2018\/05\/Selection_057.jpg\" alt=\"Tac_Index\" width=\"879\" height=\"473\" srcset=\"https:\/\/www.cargox.com\/noticias\/wp-content\/uploads\/2018\/05\/Selection_057.jpg 879w, https:\/\/www.cargox.com\/noticias\/wp-content\/uploads\/2018\/05\/Selection_057-300x161.jpg 300w, https:\/\/www.cargox.com\/noticias\/wp-content\/uploads\/2018\/05\/Selection_057-768x413.jpg 768w, https:\/\/www.cargox.com\/noticias\/wp-content\/uploads\/2018\/05\/Selection_057-150x81.jpg 150w\" sizes=\"auto, (max-width: 879px) 100vw, 879px\" \/><p id=\"caption-attachment-263\" class=\"wp-caption-text\">Comportamiento de Tarifas A\u00e9reas Indexadas.<\/p><\/div>\n<div id=\"attachment_264\" style=\"width: 172px\" class=\"wp-caption alignleft\"><img loading=\"lazy\" decoding=\"async\" aria-describedby=\"caption-attachment-264\" class=\"wp-image-264 size-full\" src=\"https:\/\/www.cargox.com\/noticias\/wp-content\/uploads\/2018\/05\/Selection_059.jpg\" alt=\"index_xplain\" width=\"162\" height=\"57\" srcset=\"https:\/\/www.cargox.com\/noticias\/wp-content\/uploads\/2018\/05\/Selection_059.jpg 162w, https:\/\/www.cargox.com\/noticias\/wp-content\/uploads\/2018\/05\/Selection_059-150x53.jpg 150w\" sizes=\"auto, (max-width: 162px) 100vw, 162px\" \/><p id=\"caption-attachment-264\" class=\"wp-caption-text\">Rutas Indexadas<\/p><\/div>\n<p><a href=\"https:\/\/www.cargox.com\/contacto.php\"><img loading=\"lazy\" decoding=\"async\" class=\"size-full wp-image-136 alignright\" src=\"https:\/\/www.cargox.com\/noticias\/wp-content\/uploads\/2018\/04\/button.png\" sizes=\"auto, (max-width: 209px) 100vw, 209px\" srcset=\"https:\/\/www.cargox.com\/noticias\/wp-content\/uploads\/2018\/04\/button.png 209w, https:\/\/www.cargox.com\/noticias\/wp-content\/uploads\/2018\/04\/button-150x35.png 150w\" alt=\"Contactenos\" width=\"209\" height=\"49\" \/><\/a><\/p>\n<p>&nbsp;<\/p>\n<p style=\"text-align: right;\">\u00a0\u00a0\u00a0\u00a0\u00a0\u00a0\u00a0\u00a0\u00a0\u00a0\u00a0\u00a0\u00a0\u00a0\u00a0\u00a0\u00a0\u00a0\u00a0\u00a0\u00a0\u00a0\u00a0\u00a0\u00a0\u00a0\u00a0\u00a0\u00a0\u00a0\u00a0\u00a0\u00a0\u00a0\u00a0\u00a0\u00a0\u00a0\u00a0 Seguros de Transporte de Carga.<br \/>\nSeguros de Stock-Throughput.<br \/>\nSeguro de Responsabilidad Civil.<br \/>\nAsesor\u00eda en Gesti\u00f3n de Reclamos.<\/p>\n<p>Fuentes: (Air Cargo News, Tac Index)<\/p>\n","protected":false},"excerpt":{"rendered":"<p>Las lineas a\u00e9reas ven una mejor\u00eda en sus tarifas, comparando con la misma \u00e9poca del a\u00f1o anterior. De acuerdo con recientes estad\u00edsticas de TAC Index. Se espera una comportamiento al alza durante el verano en el hemisferio norte, hasta culminar en la temporada alta &#8220;Peak Seasson&#8221;, donde las tarifas en ciertas rutas podr\u00edan incrementarse a\u00fan&#8230;<\/p>\n","protected":false},"author":1,"featured_media":0,"comment_status":"open","ping_status":"open","sticky":false,"template":"","format":"standard","meta":{"footnotes":""},"categories":[3],"tags":[98,47,46,89,100,99],"class_list":["post-261","post","type-post","status-publish","format-standard","hentry","category-noticias","tag-carga-aerea","tag-seguro-de-responsabilidad-civil","tag-seguro-de-transporte-de-carga","tag-seguros-de-carga","tag-seguros-de-transporte-de-carga","tag-tarifas"],"yoast_head":"<!-- This site is optimized with the Yoast SEO plugin v27.2 - https:\/\/yoast.com\/product\/yoast-seo-wordpress\/ -->\n<title>Carga A\u00e9rea: Tendencia al alza en Tarifas US$\/kg - Noticias y Art\u00edculos de Cargox<\/title>\n<meta name=\"robots\" content=\"index, follow, max-snippet:-1, max-image-preview:large, max-video-preview:-1\" \/>\n<link rel=\"canonical\" href=\"https:\/\/www.cargox.com\/noticias\/2018\/05\/10\/carga-aerea-tendencia-al-alza-en-tarifas-us-kg\/\" \/>\n<meta property=\"og:locale\" content=\"es_ES\" \/>\n<meta property=\"og:type\" content=\"article\" \/>\n<meta property=\"og:title\" content=\"Carga A\u00e9rea: Tendencia al alza en Tarifas US$\/kg - Noticias y Art\u00edculos de Cargox\" \/>\n<meta property=\"og:description\" content=\"Las lineas a\u00e9reas ven una mejor\u00eda en sus tarifas, comparando con la misma \u00e9poca del a\u00f1o anterior. De acuerdo con recientes estad\u00edsticas de TAC Index. Se espera una comportamiento al alza durante el verano en el hemisferio norte, hasta culminar en la temporada alta &#8220;Peak Seasson&#8221;, donde las tarifas en ciertas rutas podr\u00edan incrementarse a\u00fan...\" \/>\n<meta property=\"og:url\" content=\"https:\/\/www.cargox.com\/noticias\/2018\/05\/10\/carga-aerea-tendencia-al-alza-en-tarifas-us-kg\/\" \/>\n<meta property=\"og:site_name\" content=\"Noticias y Art\u00edculos de Cargox\" \/>\n<meta property=\"article:published_time\" content=\"2018-05-10T20:07:20+00:00\" \/>\n<meta property=\"article:modified_time\" content=\"2018-05-10T20:10:26+00:00\" \/>\n<meta property=\"og:image\" content=\"https:\/\/www.cargox.com\/noticias\/wp-content\/uploads\/2018\/05\/cargoRatesIncrease.jpg\" \/>\n<meta name=\"author\" content=\"gvkadmin\" \/>\n<meta name=\"twitter:card\" content=\"summary_large_image\" \/>\n<meta name=\"twitter:label1\" content=\"Written by\" \/>\n\t<meta name=\"twitter:data1\" content=\"gvkadmin\" \/>\n\t<meta name=\"twitter:label2\" content=\"Est. reading time\" \/>\n\t<meta name=\"twitter:data2\" content=\"1 minuto\" \/>\n<script type=\"application\/ld+json\" class=\"yoast-schema-graph\">{\"@context\":\"https:\/\/schema.org\",\"@graph\":[{\"@type\":\"Article\",\"@id\":\"https:\/\/www.cargox.com\/noticias\/2018\/05\/10\/carga-aerea-tendencia-al-alza-en-tarifas-us-kg\/#article\",\"isPartOf\":{\"@id\":\"https:\/\/www.cargox.com\/noticias\/2018\/05\/10\/carga-aerea-tendencia-al-alza-en-tarifas-us-kg\/\"},\"author\":{\"name\":\"gvkadmin\",\"@id\":\"https:\/\/www.cargox.com\/noticias\/#\/schema\/person\/c432f1d41544d9b7e0d0befcf9005056\"},\"headline\":\"Carga A\u00e9rea: Tendencia al alza en Tarifas US$\/kg\",\"datePublished\":\"2018-05-10T20:07:20+00:00\",\"dateModified\":\"2018-05-10T20:10:26+00:00\",\"mainEntityOfPage\":{\"@id\":\"https:\/\/www.cargox.com\/noticias\/2018\/05\/10\/carga-aerea-tendencia-al-alza-en-tarifas-us-kg\/\"},\"wordCount\":216,\"commentCount\":0,\"image\":{\"@id\":\"https:\/\/www.cargox.com\/noticias\/2018\/05\/10\/carga-aerea-tendencia-al-alza-en-tarifas-us-kg\/#primaryimage\"},\"thumbnailUrl\":\"https:\/\/www.cargox.com\/noticias\/wp-content\/uploads\/2018\/05\/cargoRatesIncrease.jpg\",\"keywords\":[\"carga a\u00e9rea\",\"seguro de responsabilidad civil\",\"seguro de transporte de carga\",\"seguros de carga\",\"seguros de transporte de carga\",\"tarifas\"],\"articleSection\":[\"Noticias\"],\"inLanguage\":\"es-CR\",\"potentialAction\":[{\"@type\":\"CommentAction\",\"name\":\"Comment\",\"target\":[\"https:\/\/www.cargox.com\/noticias\/2018\/05\/10\/carga-aerea-tendencia-al-alza-en-tarifas-us-kg\/#respond\"]}]},{\"@type\":\"WebPage\",\"@id\":\"https:\/\/www.cargox.com\/noticias\/2018\/05\/10\/carga-aerea-tendencia-al-alza-en-tarifas-us-kg\/\",\"url\":\"https:\/\/www.cargox.com\/noticias\/2018\/05\/10\/carga-aerea-tendencia-al-alza-en-tarifas-us-kg\/\",\"name\":\"Carga A\u00e9rea: Tendencia al alza en Tarifas US$\/kg - Noticias y Art\u00edculos de Cargox\",\"isPartOf\":{\"@id\":\"https:\/\/www.cargox.com\/noticias\/#website\"},\"primaryImageOfPage\":{\"@id\":\"https:\/\/www.cargox.com\/noticias\/2018\/05\/10\/carga-aerea-tendencia-al-alza-en-tarifas-us-kg\/#primaryimage\"},\"image\":{\"@id\":\"https:\/\/www.cargox.com\/noticias\/2018\/05\/10\/carga-aerea-tendencia-al-alza-en-tarifas-us-kg\/#primaryimage\"},\"thumbnailUrl\":\"https:\/\/www.cargox.com\/noticias\/wp-content\/uploads\/2018\/05\/cargoRatesIncrease.jpg\",\"datePublished\":\"2018-05-10T20:07:20+00:00\",\"dateModified\":\"2018-05-10T20:10:26+00:00\",\"author\":{\"@id\":\"https:\/\/www.cargox.com\/noticias\/#\/schema\/person\/c432f1d41544d9b7e0d0befcf9005056\"},\"breadcrumb\":{\"@id\":\"https:\/\/www.cargox.com\/noticias\/2018\/05\/10\/carga-aerea-tendencia-al-alza-en-tarifas-us-kg\/#breadcrumb\"},\"inLanguage\":\"es-CR\",\"potentialAction\":[{\"@type\":\"ReadAction\",\"target\":[\"https:\/\/www.cargox.com\/noticias\/2018\/05\/10\/carga-aerea-tendencia-al-alza-en-tarifas-us-kg\/\"]}]},{\"@type\":\"ImageObject\",\"inLanguage\":\"es-CR\",\"@id\":\"https:\/\/www.cargox.com\/noticias\/2018\/05\/10\/carga-aerea-tendencia-al-alza-en-tarifas-us-kg\/#primaryimage\",\"url\":\"https:\/\/www.cargox.com\/noticias\/wp-content\/uploads\/2018\/05\/cargoRatesIncrease.jpg\",\"contentUrl\":\"https:\/\/www.cargox.com\/noticias\/wp-content\/uploads\/2018\/05\/cargoRatesIncrease.jpg\"},{\"@type\":\"BreadcrumbList\",\"@id\":\"https:\/\/www.cargox.com\/noticias\/2018\/05\/10\/carga-aerea-tendencia-al-alza-en-tarifas-us-kg\/#breadcrumb\",\"itemListElement\":[{\"@type\":\"ListItem\",\"position\":1,\"name\":\"Home\",\"item\":\"https:\/\/www.cargox.com\/noticias\/\"},{\"@type\":\"ListItem\",\"position\":2,\"name\":\"Carga A\u00e9rea: Tendencia al alza en Tarifas US$\/kg\"}]},{\"@type\":\"WebSite\",\"@id\":\"https:\/\/www.cargox.com\/noticias\/#website\",\"url\":\"https:\/\/www.cargox.com\/noticias\/\",\"name\":\"Noticias y Art\u00edculos de Cargox\",\"description\":\"Blog de Cargox, para profesionales en log\u00edstica y transporte internacional de carga.\",\"potentialAction\":[{\"@type\":\"SearchAction\",\"target\":{\"@type\":\"EntryPoint\",\"urlTemplate\":\"https:\/\/www.cargox.com\/noticias\/?s={search_term_string}\"},\"query-input\":{\"@type\":\"PropertyValueSpecification\",\"valueRequired\":true,\"valueName\":\"search_term_string\"}}],\"inLanguage\":\"es-CR\"},{\"@type\":\"Person\",\"@id\":\"https:\/\/www.cargox.com\/noticias\/#\/schema\/person\/c432f1d41544d9b7e0d0befcf9005056\",\"name\":\"gvkadmin\",\"image\":{\"@type\":\"ImageObject\",\"inLanguage\":\"es-CR\",\"@id\":\"https:\/\/secure.gravatar.com\/avatar\/eb8b9c8fca0ed0dd4bd390a6ef3ed5a3f61d978f75a18e8b9416c09f85088c6d?s=96&d=mm&r=g\",\"url\":\"https:\/\/secure.gravatar.com\/avatar\/eb8b9c8fca0ed0dd4bd390a6ef3ed5a3f61d978f75a18e8b9416c09f85088c6d?s=96&d=mm&r=g\",\"contentUrl\":\"https:\/\/secure.gravatar.com\/avatar\/eb8b9c8fca0ed0dd4bd390a6ef3ed5a3f61d978f75a18e8b9416c09f85088c6d?s=96&d=mm&r=g\",\"caption\":\"gvkadmin\"},\"description\":\"Experto en comercio Internacional, Log\u00edstica y Seguros de Transporte de Carga. CEO de Cargox PTY s.a. (www.cargox.com) Experiencia de m\u00e1s de 30 a\u00f1os en Freight Forwarding y Log\u00edstica (www.multitrans-sjo.net). Experto en Inform\u00e1tica y Socio en ComGlobal IT (www.comglobalit.com)\",\"sameAs\":[\"http:\/\/www.cargox.com\"],\"url\":\"https:\/\/www.cargox.com\/noticias\/author\/gvkadmin\/\"}]}<\/script>\n<!-- \/ Yoast SEO plugin. -->","yoast_head_json":{"title":"Carga A\u00e9rea: Tendencia al alza en Tarifas US$\/kg - Noticias y Art\u00edculos de Cargox","robots":{"index":"index","follow":"follow","max-snippet":"max-snippet:-1","max-image-preview":"max-image-preview:large","max-video-preview":"max-video-preview:-1"},"canonical":"https:\/\/www.cargox.com\/noticias\/2018\/05\/10\/carga-aerea-tendencia-al-alza-en-tarifas-us-kg\/","og_locale":"es_ES","og_type":"article","og_title":"Carga A\u00e9rea: Tendencia al alza en Tarifas US$\/kg - Noticias y Art\u00edculos de Cargox","og_description":"Las lineas a\u00e9reas ven una mejor\u00eda en sus tarifas, comparando con la misma \u00e9poca del a\u00f1o anterior. De acuerdo con recientes estad\u00edsticas de TAC Index. Se espera una comportamiento al alza durante el verano en el hemisferio norte, hasta culminar en la temporada alta &#8220;Peak Seasson&#8221;, donde las tarifas en ciertas rutas podr\u00edan incrementarse a\u00fan...","og_url":"https:\/\/www.cargox.com\/noticias\/2018\/05\/10\/carga-aerea-tendencia-al-alza-en-tarifas-us-kg\/","og_site_name":"Noticias y Art\u00edculos de Cargox","article_published_time":"2018-05-10T20:07:20+00:00","article_modified_time":"2018-05-10T20:10:26+00:00","og_image":[{"url":"https:\/\/www.cargox.com\/noticias\/wp-content\/uploads\/2018\/05\/cargoRatesIncrease.jpg","type":"","width":"","height":""}],"author":"gvkadmin","twitter_card":"summary_large_image","twitter_misc":{"Written by":"gvkadmin","Est. reading time":"1 minuto"},"schema":{"@context":"https:\/\/schema.org","@graph":[{"@type":"Article","@id":"https:\/\/www.cargox.com\/noticias\/2018\/05\/10\/carga-aerea-tendencia-al-alza-en-tarifas-us-kg\/#article","isPartOf":{"@id":"https:\/\/www.cargox.com\/noticias\/2018\/05\/10\/carga-aerea-tendencia-al-alza-en-tarifas-us-kg\/"},"author":{"name":"gvkadmin","@id":"https:\/\/www.cargox.com\/noticias\/#\/schema\/person\/c432f1d41544d9b7e0d0befcf9005056"},"headline":"Carga A\u00e9rea: Tendencia al alza en Tarifas US$\/kg","datePublished":"2018-05-10T20:07:20+00:00","dateModified":"2018-05-10T20:10:26+00:00","mainEntityOfPage":{"@id":"https:\/\/www.cargox.com\/noticias\/2018\/05\/10\/carga-aerea-tendencia-al-alza-en-tarifas-us-kg\/"},"wordCount":216,"commentCount":0,"image":{"@id":"https:\/\/www.cargox.com\/noticias\/2018\/05\/10\/carga-aerea-tendencia-al-alza-en-tarifas-us-kg\/#primaryimage"},"thumbnailUrl":"https:\/\/www.cargox.com\/noticias\/wp-content\/uploads\/2018\/05\/cargoRatesIncrease.jpg","keywords":["carga a\u00e9rea","seguro de responsabilidad civil","seguro de transporte de carga","seguros de carga","seguros de transporte de carga","tarifas"],"articleSection":["Noticias"],"inLanguage":"es-CR","potentialAction":[{"@type":"CommentAction","name":"Comment","target":["https:\/\/www.cargox.com\/noticias\/2018\/05\/10\/carga-aerea-tendencia-al-alza-en-tarifas-us-kg\/#respond"]}]},{"@type":"WebPage","@id":"https:\/\/www.cargox.com\/noticias\/2018\/05\/10\/carga-aerea-tendencia-al-alza-en-tarifas-us-kg\/","url":"https:\/\/www.cargox.com\/noticias\/2018\/05\/10\/carga-aerea-tendencia-al-alza-en-tarifas-us-kg\/","name":"Carga A\u00e9rea: Tendencia al alza en Tarifas US$\/kg - Noticias y Art\u00edculos de Cargox","isPartOf":{"@id":"https:\/\/www.cargox.com\/noticias\/#website"},"primaryImageOfPage":{"@id":"https:\/\/www.cargox.com\/noticias\/2018\/05\/10\/carga-aerea-tendencia-al-alza-en-tarifas-us-kg\/#primaryimage"},"image":{"@id":"https:\/\/www.cargox.com\/noticias\/2018\/05\/10\/carga-aerea-tendencia-al-alza-en-tarifas-us-kg\/#primaryimage"},"thumbnailUrl":"https:\/\/www.cargox.com\/noticias\/wp-content\/uploads\/2018\/05\/cargoRatesIncrease.jpg","datePublished":"2018-05-10T20:07:20+00:00","dateModified":"2018-05-10T20:10:26+00:00","author":{"@id":"https:\/\/www.cargox.com\/noticias\/#\/schema\/person\/c432f1d41544d9b7e0d0befcf9005056"},"breadcrumb":{"@id":"https:\/\/www.cargox.com\/noticias\/2018\/05\/10\/carga-aerea-tendencia-al-alza-en-tarifas-us-kg\/#breadcrumb"},"inLanguage":"es-CR","potentialAction":[{"@type":"ReadAction","target":["https:\/\/www.cargox.com\/noticias\/2018\/05\/10\/carga-aerea-tendencia-al-alza-en-tarifas-us-kg\/"]}]},{"@type":"ImageObject","inLanguage":"es-CR","@id":"https:\/\/www.cargox.com\/noticias\/2018\/05\/10\/carga-aerea-tendencia-al-alza-en-tarifas-us-kg\/#primaryimage","url":"https:\/\/www.cargox.com\/noticias\/wp-content\/uploads\/2018\/05\/cargoRatesIncrease.jpg","contentUrl":"https:\/\/www.cargox.com\/noticias\/wp-content\/uploads\/2018\/05\/cargoRatesIncrease.jpg"},{"@type":"BreadcrumbList","@id":"https:\/\/www.cargox.com\/noticias\/2018\/05\/10\/carga-aerea-tendencia-al-alza-en-tarifas-us-kg\/#breadcrumb","itemListElement":[{"@type":"ListItem","position":1,"name":"Home","item":"https:\/\/www.cargox.com\/noticias\/"},{"@type":"ListItem","position":2,"name":"Carga A\u00e9rea: Tendencia al alza en Tarifas US$\/kg"}]},{"@type":"WebSite","@id":"https:\/\/www.cargox.com\/noticias\/#website","url":"https:\/\/www.cargox.com\/noticias\/","name":"Noticias y Art\u00edculos de Cargox","description":"Blog de Cargox, para profesionales en log\u00edstica y transporte internacional de carga.","potentialAction":[{"@type":"SearchAction","target":{"@type":"EntryPoint","urlTemplate":"https:\/\/www.cargox.com\/noticias\/?s={search_term_string}"},"query-input":{"@type":"PropertyValueSpecification","valueRequired":true,"valueName":"search_term_string"}}],"inLanguage":"es-CR"},{"@type":"Person","@id":"https:\/\/www.cargox.com\/noticias\/#\/schema\/person\/c432f1d41544d9b7e0d0befcf9005056","name":"gvkadmin","image":{"@type":"ImageObject","inLanguage":"es-CR","@id":"https:\/\/secure.gravatar.com\/avatar\/eb8b9c8fca0ed0dd4bd390a6ef3ed5a3f61d978f75a18e8b9416c09f85088c6d?s=96&d=mm&r=g","url":"https:\/\/secure.gravatar.com\/avatar\/eb8b9c8fca0ed0dd4bd390a6ef3ed5a3f61d978f75a18e8b9416c09f85088c6d?s=96&d=mm&r=g","contentUrl":"https:\/\/secure.gravatar.com\/avatar\/eb8b9c8fca0ed0dd4bd390a6ef3ed5a3f61d978f75a18e8b9416c09f85088c6d?s=96&d=mm&r=g","caption":"gvkadmin"},"description":"Experto en comercio Internacional, Log\u00edstica y Seguros de Transporte de Carga. CEO de Cargox PTY s.a. (www.cargox.com) Experiencia de m\u00e1s de 30 a\u00f1os en Freight Forwarding y Log\u00edstica (www.multitrans-sjo.net). Experto en Inform\u00e1tica y Socio en ComGlobal IT (www.comglobalit.com)","sameAs":["http:\/\/www.cargox.com"],"url":"https:\/\/www.cargox.com\/noticias\/author\/gvkadmin\/"}]}},"_links":{"self":[{"href":"https:\/\/www.cargox.com\/noticias\/wp-json\/wp\/v2\/posts\/261","targetHints":{"allow":["GET"]}}],"collection":[{"href":"https:\/\/www.cargox.com\/noticias\/wp-json\/wp\/v2\/posts"}],"about":[{"href":"https:\/\/www.cargox.com\/noticias\/wp-json\/wp\/v2\/types\/post"}],"author":[{"embeddable":true,"href":"https:\/\/www.cargox.com\/noticias\/wp-json\/wp\/v2\/users\/1"}],"replies":[{"embeddable":true,"href":"https:\/\/www.cargox.com\/noticias\/wp-json\/wp\/v2\/comments?post=261"}],"version-history":[{"count":3,"href":"https:\/\/www.cargox.com\/noticias\/wp-json\/wp\/v2\/posts\/261\/revisions"}],"predecessor-version":[{"id":268,"href":"https:\/\/www.cargox.com\/noticias\/wp-json\/wp\/v2\/posts\/261\/revisions\/268"}],"wp:attachment":[{"href":"https:\/\/www.cargox.com\/noticias\/wp-json\/wp\/v2\/media?parent=261"}],"wp:term":[{"taxonomy":"category","embeddable":true,"href":"https:\/\/www.cargox.com\/noticias\/wp-json\/wp\/v2\/categories?post=261"},{"taxonomy":"post_tag","embeddable":true,"href":"https:\/\/www.cargox.com\/noticias\/wp-json\/wp\/v2\/tags?post=261"}],"curies":[{"name":"wp","href":"https:\/\/api.w.org\/{rel}","templated":true}]}}