{"id":330,"date":"2018-05-21T21:27:15","date_gmt":"2018-05-22T02:27:15","guid":{"rendered":"https:\/\/www.cargox.com\/noticias\/?p=330"},"modified":"2018-05-21T21:29:59","modified_gmt":"2018-05-22T02:29:59","slug":"incendio-car-carrier-auto-banner_hyundai-glovis","status":"publish","type":"post","link":"https:\/\/www.cargox.com\/noticias\/2018\/05\/21\/incendio-car-carrier-auto-banner_hyundai-glovis\/","title":{"rendered":"Incendio de Car-Carrier Auto-Banner de Hyunday Glovis en Corea del Sur"},"content":{"rendered":"<p><iframe loading=\"lazy\" title=\"\uc778\ucc9c\ud56d \ud654\ubb3c\uc120 \ud654\uc7ac\u2026\uc120\ub0b4 \uc5f4\uae30\u318d\uc5f0\uae30\uc5d0 \uc9c4\ud654 \uc18d\ub3c4 \ubabb\ub0b4 \/ \uc5f0\ud569\ub274\uc2a4TV (YonhapnewsTV)\" width=\"500\" height=\"281\" src=\"https:\/\/www.youtube.com\/embed\/hb741wOBXjM?feature=oembed\" frameborder=\"0\" allow=\"accelerometer; autoplay; clipboard-write; encrypted-media; gyroscope; picture-in-picture; web-share\" referrerpolicy=\"strict-origin-when-cross-origin\" allowfullscreen><\/iframe><\/p>\n<p>El buque Auto-Banner, controlado por la naviera Hyundai Glovis, de bandera paname\u00f1a, se incendi\u00f3 este lunes en el puerto de Incheon, en Sud-Corea. El incendio estall\u00f3 a las 9:40am hora local, en el momento en que se cargaban unos 2000 veh\u00edculos dirigidos a Libia.<\/p>\n<div id=\"attachment_332\" style=\"width: 310px\" class=\"wp-caption alignleft\"><img loading=\"lazy\" decoding=\"async\" aria-describedby=\"caption-attachment-332\" class=\"wp-image-332 size-medium\" src=\"https:\/\/www.cargox.com\/noticias\/wp-content\/uploads\/2018\/05\/Auto-Banner-300x188.jpg\" alt=\"Auto-Banner\" width=\"300\" height=\"188\" srcset=\"https:\/\/www.cargox.com\/noticias\/wp-content\/uploads\/2018\/05\/Auto-Banner-300x188.jpg 300w, https:\/\/www.cargox.com\/noticias\/wp-content\/uploads\/2018\/05\/Auto-Banner-768x481.jpg 768w, https:\/\/www.cargox.com\/noticias\/wp-content\/uploads\/2018\/05\/Auto-Banner-1024x642.jpg 1024w, https:\/\/www.cargox.com\/noticias\/wp-content\/uploads\/2018\/05\/Auto-Banner-150x94.jpg 150w, https:\/\/www.cargox.com\/noticias\/wp-content\/uploads\/2018\/05\/Auto-Banner.jpg 1096w\" sizes=\"auto, (max-width: 300px) 100vw, 300px\" \/><p id=\"caption-attachment-332\" class=\"wp-caption-text\">Vista del Incendio del Auto-Banner en Incheon<\/p><\/div>\n<p>Versiones preliminares indican, que un veh\u00edculo con el motor sobre-calentado estall\u00f3 en llamas. En seguida se propag\u00f3 a otros veh\u00edculos a bordo. El video de Yonhap News, muestra a los bomberos tratando de enfriar el caso de la nave, mientras el humo sale por los respiraderos superiores. Se logr\u00f3 evacuar a los 28 tripulantes ilesos. Se ingora a\u00fan la magnitud de los da\u00f1os a la carga y a la nave.<\/p>\n<p>El barco ven\u00eda llegando de Estados Unidos el\u00a0 s\u00e1bado y estaba programado para salir a Libia el Martes 22 de Mayo. En el puerto de Incheon se maneja m\u00e1s del 20% de las exportaciones de veh\u00edculos usados de Corea del Sur.<\/p>\n<div id=\"attachment_333\" style=\"width: 310px\" class=\"wp-caption alignleft\"><img loading=\"lazy\" decoding=\"async\" aria-describedby=\"caption-attachment-333\" class=\"size-medium wp-image-333\" src=\"https:\/\/www.cargox.com\/noticias\/wp-content\/uploads\/2018\/05\/AUTO_BANNER-a-300x168.jpg\" alt=\"\" width=\"300\" height=\"168\" srcset=\"https:\/\/www.cargox.com\/noticias\/wp-content\/uploads\/2018\/05\/AUTO_BANNER-a-300x168.jpg 300w, https:\/\/www.cargox.com\/noticias\/wp-content\/uploads\/2018\/05\/AUTO_BANNER-a-768x431.jpg 768w, https:\/\/www.cargox.com\/noticias\/wp-content\/uploads\/2018\/05\/AUTO_BANNER-a-150x84.jpg 150w, https:\/\/www.cargox.com\/noticias\/wp-content\/uploads\/2018\/05\/AUTO_BANNER-a.jpg 800w\" sizes=\"auto, (max-width: 300px) 100vw, 300px\" \/><p id=\"caption-attachment-333\" class=\"wp-caption-text\">Auto-Banner, buque tipo Car-Carrier, antes de Incendio.<\/p><\/div>\n<p>El nav\u00edo, construido en 1988 tiene una capacidad de 6022 veh\u00edculos. Eslora 199.53m, Manga 32.26.<\/p>\n<p>(Fuentes: gCaptain, Marine Traffic, YouTube)<\/p>\n<p style=\"text-align: center;\"><a href=\"https:\/\/www.cargox.com\/contacto.php\"><img loading=\"lazy\" decoding=\"async\" class=\"size-full wp-image-136 aligncenter\" src=\"https:\/\/www.cargox.com\/noticias\/wp-content\/uploads\/2018\/04\/button.png\" sizes=\"auto, (max-width: 209px) 100vw, 209px\" srcset=\"https:\/\/www.cargox.com\/noticias\/wp-content\/uploads\/2018\/04\/button.png 209w, https:\/\/www.cargox.com\/noticias\/wp-content\/uploads\/2018\/04\/button-150x35.png 150w\" alt=\"Contactenos\" width=\"209\" height=\"49\" \/><\/a>Seguros de Transporte de Carga.<br \/>\nSeguros de Stock-Throughput.<br \/>\nSeguro de Responsabilidad Civil.<br \/>\nAsesor\u00eda en Gesti\u00f3n de Reclamo<\/p>\n","protected":false},"excerpt":{"rendered":"<p>El buque Auto-Banner, controlado por la naviera Hyundai Glovis, de bandera paname\u00f1a, se incendi\u00f3 este lunes en el puerto de Incheon, en Sud-Corea. El incendio estall\u00f3 a las 9:40am hora local, en el momento en que se cargaban unos 2000 veh\u00edculos dirigidos a Libia. Versiones preliminares indican, que un veh\u00edculo con el motor sobre-calentado estall\u00f3&#8230;<\/p>\n","protected":false},"author":1,"featured_media":0,"comment_status":"open","ping_status":"open","sticky":false,"template":"","format":"standard","meta":{"footnotes":""},"categories":[3],"tags":[65,15,9,47,46],"class_list":["post-330","post","type-post","status-publish","format-standard","hentry","category-noticias","tag-barco","tag-linea-maritima","tag-seguro-de-carga","tag-seguro-de-responsabilidad-civil","tag-seguro-de-transporte-de-carga"],"yoast_head":"<!-- This site is optimized with the Yoast SEO plugin v27.2 - https:\/\/yoast.com\/product\/yoast-seo-wordpress\/ -->\n<title>Incendio de Car-Carrier Auto-Banner de Hyunday Glovis en Corea del Sur - Noticias y Art\u00edculos de Cargox<\/title>\n<meta name=\"robots\" content=\"index, follow, max-snippet:-1, max-image-preview:large, max-video-preview:-1\" \/>\n<link rel=\"canonical\" href=\"https:\/\/www.cargox.com\/noticias\/2018\/05\/21\/incendio-car-carrier-auto-banner_hyundai-glovis\/\" \/>\n<meta property=\"og:locale\" content=\"es_ES\" \/>\n<meta property=\"og:type\" content=\"article\" \/>\n<meta property=\"og:title\" content=\"Incendio de Car-Carrier Auto-Banner de Hyunday Glovis en Corea del Sur - Noticias y Art\u00edculos de Cargox\" \/>\n<meta property=\"og:description\" content=\"El buque Auto-Banner, controlado por la naviera Hyundai Glovis, de bandera paname\u00f1a, se incendi\u00f3 este lunes en el puerto de Incheon, en Sud-Corea. El incendio estall\u00f3 a las 9:40am hora local, en el momento en que se cargaban unos 2000 veh\u00edculos dirigidos a Libia. Versiones preliminares indican, que un veh\u00edculo con el motor sobre-calentado estall\u00f3...\" \/>\n<meta property=\"og:url\" content=\"https:\/\/www.cargox.com\/noticias\/2018\/05\/21\/incendio-car-carrier-auto-banner_hyundai-glovis\/\" \/>\n<meta property=\"og:site_name\" content=\"Noticias y Art\u00edculos de Cargox\" \/>\n<meta property=\"article:published_time\" content=\"2018-05-22T02:27:15+00:00\" \/>\n<meta property=\"article:modified_time\" content=\"2018-05-22T02:29:59+00:00\" \/>\n<meta property=\"og:image\" content=\"https:\/\/www.cargox.com\/noticias\/wp-content\/uploads\/2018\/05\/Auto-Banner-300x188.jpg\" \/>\n<meta name=\"author\" content=\"gvkadmin\" \/>\n<meta name=\"twitter:card\" content=\"summary_large_image\" \/>\n<meta name=\"twitter:label1\" content=\"Written by\" \/>\n\t<meta name=\"twitter:data1\" content=\"gvkadmin\" \/>\n\t<meta name=\"twitter:label2\" content=\"Est. reading time\" \/>\n\t<meta name=\"twitter:data2\" content=\"1 minuto\" \/>\n<script type=\"application\/ld+json\" class=\"yoast-schema-graph\">{\"@context\":\"https:\/\/schema.org\",\"@graph\":[{\"@type\":\"Article\",\"@id\":\"https:\/\/www.cargox.com\/noticias\/2018\/05\/21\/incendio-car-carrier-auto-banner_hyundai-glovis\/#article\",\"isPartOf\":{\"@id\":\"https:\/\/www.cargox.com\/noticias\/2018\/05\/21\/incendio-car-carrier-auto-banner_hyundai-glovis\/\"},\"author\":{\"name\":\"gvkadmin\",\"@id\":\"https:\/\/www.cargox.com\/noticias\/#\/schema\/person\/c432f1d41544d9b7e0d0befcf9005056\"},\"headline\":\"Incendio de Car-Carrier Auto-Banner de Hyunday Glovis en Corea del Sur\",\"datePublished\":\"2018-05-22T02:27:15+00:00\",\"dateModified\":\"2018-05-22T02:29:59+00:00\",\"mainEntityOfPage\":{\"@id\":\"https:\/\/www.cargox.com\/noticias\/2018\/05\/21\/incendio-car-carrier-auto-banner_hyundai-glovis\/\"},\"wordCount\":245,\"commentCount\":0,\"image\":{\"@id\":\"https:\/\/www.cargox.com\/noticias\/2018\/05\/21\/incendio-car-carrier-auto-banner_hyundai-glovis\/#primaryimage\"},\"thumbnailUrl\":\"https:\/\/www.cargox.com\/noticias\/wp-content\/uploads\/2018\/05\/Auto-Banner-300x188.jpg\",\"keywords\":[\"barco\",\"linea mar\u00edtima\",\"seguro de carga\",\"seguro de responsabilidad civil\",\"seguro de transporte de carga\"],\"articleSection\":[\"Noticias\"],\"inLanguage\":\"es-CR\",\"potentialAction\":[{\"@type\":\"CommentAction\",\"name\":\"Comment\",\"target\":[\"https:\/\/www.cargox.com\/noticias\/2018\/05\/21\/incendio-car-carrier-auto-banner_hyundai-glovis\/#respond\"]}]},{\"@type\":\"WebPage\",\"@id\":\"https:\/\/www.cargox.com\/noticias\/2018\/05\/21\/incendio-car-carrier-auto-banner_hyundai-glovis\/\",\"url\":\"https:\/\/www.cargox.com\/noticias\/2018\/05\/21\/incendio-car-carrier-auto-banner_hyundai-glovis\/\",\"name\":\"Incendio de Car-Carrier Auto-Banner de Hyunday Glovis en Corea del Sur - Noticias y Art\u00edculos de Cargox\",\"isPartOf\":{\"@id\":\"https:\/\/www.cargox.com\/noticias\/#website\"},\"primaryImageOfPage\":{\"@id\":\"https:\/\/www.cargox.com\/noticias\/2018\/05\/21\/incendio-car-carrier-auto-banner_hyundai-glovis\/#primaryimage\"},\"image\":{\"@id\":\"https:\/\/www.cargox.com\/noticias\/2018\/05\/21\/incendio-car-carrier-auto-banner_hyundai-glovis\/#primaryimage\"},\"thumbnailUrl\":\"https:\/\/www.cargox.com\/noticias\/wp-content\/uploads\/2018\/05\/Auto-Banner-300x188.jpg\",\"datePublished\":\"2018-05-22T02:27:15+00:00\",\"dateModified\":\"2018-05-22T02:29:59+00:00\",\"author\":{\"@id\":\"https:\/\/www.cargox.com\/noticias\/#\/schema\/person\/c432f1d41544d9b7e0d0befcf9005056\"},\"breadcrumb\":{\"@id\":\"https:\/\/www.cargox.com\/noticias\/2018\/05\/21\/incendio-car-carrier-auto-banner_hyundai-glovis\/#breadcrumb\"},\"inLanguage\":\"es-CR\",\"potentialAction\":[{\"@type\":\"ReadAction\",\"target\":[\"https:\/\/www.cargox.com\/noticias\/2018\/05\/21\/incendio-car-carrier-auto-banner_hyundai-glovis\/\"]}]},{\"@type\":\"ImageObject\",\"inLanguage\":\"es-CR\",\"@id\":\"https:\/\/www.cargox.com\/noticias\/2018\/05\/21\/incendio-car-carrier-auto-banner_hyundai-glovis\/#primaryimage\",\"url\":\"https:\/\/www.cargox.com\/noticias\/wp-content\/uploads\/2018\/05\/Auto-Banner-300x188.jpg\",\"contentUrl\":\"https:\/\/www.cargox.com\/noticias\/wp-content\/uploads\/2018\/05\/Auto-Banner-300x188.jpg\"},{\"@type\":\"BreadcrumbList\",\"@id\":\"https:\/\/www.cargox.com\/noticias\/2018\/05\/21\/incendio-car-carrier-auto-banner_hyundai-glovis\/#breadcrumb\",\"itemListElement\":[{\"@type\":\"ListItem\",\"position\":1,\"name\":\"Home\",\"item\":\"https:\/\/www.cargox.com\/noticias\/\"},{\"@type\":\"ListItem\",\"position\":2,\"name\":\"Incendio de Car-Carrier Auto-Banner de Hyunday Glovis en Corea del Sur\"}]},{\"@type\":\"WebSite\",\"@id\":\"https:\/\/www.cargox.com\/noticias\/#website\",\"url\":\"https:\/\/www.cargox.com\/noticias\/\",\"name\":\"Noticias y Art\u00edculos de Cargox\",\"description\":\"Blog de Cargox, para profesionales en log\u00edstica y transporte internacional de carga.\",\"potentialAction\":[{\"@type\":\"SearchAction\",\"target\":{\"@type\":\"EntryPoint\",\"urlTemplate\":\"https:\/\/www.cargox.com\/noticias\/?s={search_term_string}\"},\"query-input\":{\"@type\":\"PropertyValueSpecification\",\"valueRequired\":true,\"valueName\":\"search_term_string\"}}],\"inLanguage\":\"es-CR\"},{\"@type\":\"Person\",\"@id\":\"https:\/\/www.cargox.com\/noticias\/#\/schema\/person\/c432f1d41544d9b7e0d0befcf9005056\",\"name\":\"gvkadmin\",\"image\":{\"@type\":\"ImageObject\",\"inLanguage\":\"es-CR\",\"@id\":\"https:\/\/secure.gravatar.com\/avatar\/eb8b9c8fca0ed0dd4bd390a6ef3ed5a3f61d978f75a18e8b9416c09f85088c6d?s=96&d=mm&r=g\",\"url\":\"https:\/\/secure.gravatar.com\/avatar\/eb8b9c8fca0ed0dd4bd390a6ef3ed5a3f61d978f75a18e8b9416c09f85088c6d?s=96&d=mm&r=g\",\"contentUrl\":\"https:\/\/secure.gravatar.com\/avatar\/eb8b9c8fca0ed0dd4bd390a6ef3ed5a3f61d978f75a18e8b9416c09f85088c6d?s=96&d=mm&r=g\",\"caption\":\"gvkadmin\"},\"description\":\"Experto en comercio Internacional, Log\u00edstica y Seguros de Transporte de Carga. CEO de Cargox PTY s.a. (www.cargox.com) Experiencia de m\u00e1s de 30 a\u00f1os en Freight Forwarding y Log\u00edstica (www.multitrans-sjo.net). Experto en Inform\u00e1tica y Socio en ComGlobal IT (www.comglobalit.com)\",\"sameAs\":[\"http:\/\/www.cargox.com\"],\"url\":\"https:\/\/www.cargox.com\/noticias\/author\/gvkadmin\/\"}]}<\/script>\n<!-- \/ Yoast SEO plugin. -->","yoast_head_json":{"title":"Incendio de Car-Carrier Auto-Banner de Hyunday Glovis en Corea del Sur - Noticias y Art\u00edculos de Cargox","robots":{"index":"index","follow":"follow","max-snippet":"max-snippet:-1","max-image-preview":"max-image-preview:large","max-video-preview":"max-video-preview:-1"},"canonical":"https:\/\/www.cargox.com\/noticias\/2018\/05\/21\/incendio-car-carrier-auto-banner_hyundai-glovis\/","og_locale":"es_ES","og_type":"article","og_title":"Incendio de Car-Carrier Auto-Banner de Hyunday Glovis en Corea del Sur - Noticias y Art\u00edculos de Cargox","og_description":"El buque Auto-Banner, controlado por la naviera Hyundai Glovis, de bandera paname\u00f1a, se incendi\u00f3 este lunes en el puerto de Incheon, en Sud-Corea. El incendio estall\u00f3 a las 9:40am hora local, en el momento en que se cargaban unos 2000 veh\u00edculos dirigidos a Libia. Versiones preliminares indican, que un veh\u00edculo con el motor sobre-calentado estall\u00f3...","og_url":"https:\/\/www.cargox.com\/noticias\/2018\/05\/21\/incendio-car-carrier-auto-banner_hyundai-glovis\/","og_site_name":"Noticias y Art\u00edculos de Cargox","article_published_time":"2018-05-22T02:27:15+00:00","article_modified_time":"2018-05-22T02:29:59+00:00","og_image":[{"url":"https:\/\/www.cargox.com\/noticias\/wp-content\/uploads\/2018\/05\/Auto-Banner-300x188.jpg","type":"","width":"","height":""}],"author":"gvkadmin","twitter_card":"summary_large_image","twitter_misc":{"Written by":"gvkadmin","Est. reading time":"1 minuto"},"schema":{"@context":"https:\/\/schema.org","@graph":[{"@type":"Article","@id":"https:\/\/www.cargox.com\/noticias\/2018\/05\/21\/incendio-car-carrier-auto-banner_hyundai-glovis\/#article","isPartOf":{"@id":"https:\/\/www.cargox.com\/noticias\/2018\/05\/21\/incendio-car-carrier-auto-banner_hyundai-glovis\/"},"author":{"name":"gvkadmin","@id":"https:\/\/www.cargox.com\/noticias\/#\/schema\/person\/c432f1d41544d9b7e0d0befcf9005056"},"headline":"Incendio de Car-Carrier Auto-Banner de Hyunday Glovis en Corea del Sur","datePublished":"2018-05-22T02:27:15+00:00","dateModified":"2018-05-22T02:29:59+00:00","mainEntityOfPage":{"@id":"https:\/\/www.cargox.com\/noticias\/2018\/05\/21\/incendio-car-carrier-auto-banner_hyundai-glovis\/"},"wordCount":245,"commentCount":0,"image":{"@id":"https:\/\/www.cargox.com\/noticias\/2018\/05\/21\/incendio-car-carrier-auto-banner_hyundai-glovis\/#primaryimage"},"thumbnailUrl":"https:\/\/www.cargox.com\/noticias\/wp-content\/uploads\/2018\/05\/Auto-Banner-300x188.jpg","keywords":["barco","linea mar\u00edtima","seguro de carga","seguro de responsabilidad civil","seguro de transporte de carga"],"articleSection":["Noticias"],"inLanguage":"es-CR","potentialAction":[{"@type":"CommentAction","name":"Comment","target":["https:\/\/www.cargox.com\/noticias\/2018\/05\/21\/incendio-car-carrier-auto-banner_hyundai-glovis\/#respond"]}]},{"@type":"WebPage","@id":"https:\/\/www.cargox.com\/noticias\/2018\/05\/21\/incendio-car-carrier-auto-banner_hyundai-glovis\/","url":"https:\/\/www.cargox.com\/noticias\/2018\/05\/21\/incendio-car-carrier-auto-banner_hyundai-glovis\/","name":"Incendio de Car-Carrier Auto-Banner de Hyunday Glovis en Corea del Sur - Noticias y Art\u00edculos de Cargox","isPartOf":{"@id":"https:\/\/www.cargox.com\/noticias\/#website"},"primaryImageOfPage":{"@id":"https:\/\/www.cargox.com\/noticias\/2018\/05\/21\/incendio-car-carrier-auto-banner_hyundai-glovis\/#primaryimage"},"image":{"@id":"https:\/\/www.cargox.com\/noticias\/2018\/05\/21\/incendio-car-carrier-auto-banner_hyundai-glovis\/#primaryimage"},"thumbnailUrl":"https:\/\/www.cargox.com\/noticias\/wp-content\/uploads\/2018\/05\/Auto-Banner-300x188.jpg","datePublished":"2018-05-22T02:27:15+00:00","dateModified":"2018-05-22T02:29:59+00:00","author":{"@id":"https:\/\/www.cargox.com\/noticias\/#\/schema\/person\/c432f1d41544d9b7e0d0befcf9005056"},"breadcrumb":{"@id":"https:\/\/www.cargox.com\/noticias\/2018\/05\/21\/incendio-car-carrier-auto-banner_hyundai-glovis\/#breadcrumb"},"inLanguage":"es-CR","potentialAction":[{"@type":"ReadAction","target":["https:\/\/www.cargox.com\/noticias\/2018\/05\/21\/incendio-car-carrier-auto-banner_hyundai-glovis\/"]}]},{"@type":"ImageObject","inLanguage":"es-CR","@id":"https:\/\/www.cargox.com\/noticias\/2018\/05\/21\/incendio-car-carrier-auto-banner_hyundai-glovis\/#primaryimage","url":"https:\/\/www.cargox.com\/noticias\/wp-content\/uploads\/2018\/05\/Auto-Banner-300x188.jpg","contentUrl":"https:\/\/www.cargox.com\/noticias\/wp-content\/uploads\/2018\/05\/Auto-Banner-300x188.jpg"},{"@type":"BreadcrumbList","@id":"https:\/\/www.cargox.com\/noticias\/2018\/05\/21\/incendio-car-carrier-auto-banner_hyundai-glovis\/#breadcrumb","itemListElement":[{"@type":"ListItem","position":1,"name":"Home","item":"https:\/\/www.cargox.com\/noticias\/"},{"@type":"ListItem","position":2,"name":"Incendio de Car-Carrier Auto-Banner de Hyunday Glovis en Corea del Sur"}]},{"@type":"WebSite","@id":"https:\/\/www.cargox.com\/noticias\/#website","url":"https:\/\/www.cargox.com\/noticias\/","name":"Noticias y Art\u00edculos de Cargox","description":"Blog de Cargox, para profesionales en log\u00edstica y transporte internacional de carga.","potentialAction":[{"@type":"SearchAction","target":{"@type":"EntryPoint","urlTemplate":"https:\/\/www.cargox.com\/noticias\/?s={search_term_string}"},"query-input":{"@type":"PropertyValueSpecification","valueRequired":true,"valueName":"search_term_string"}}],"inLanguage":"es-CR"},{"@type":"Person","@id":"https:\/\/www.cargox.com\/noticias\/#\/schema\/person\/c432f1d41544d9b7e0d0befcf9005056","name":"gvkadmin","image":{"@type":"ImageObject","inLanguage":"es-CR","@id":"https:\/\/secure.gravatar.com\/avatar\/eb8b9c8fca0ed0dd4bd390a6ef3ed5a3f61d978f75a18e8b9416c09f85088c6d?s=96&d=mm&r=g","url":"https:\/\/secure.gravatar.com\/avatar\/eb8b9c8fca0ed0dd4bd390a6ef3ed5a3f61d978f75a18e8b9416c09f85088c6d?s=96&d=mm&r=g","contentUrl":"https:\/\/secure.gravatar.com\/avatar\/eb8b9c8fca0ed0dd4bd390a6ef3ed5a3f61d978f75a18e8b9416c09f85088c6d?s=96&d=mm&r=g","caption":"gvkadmin"},"description":"Experto en comercio Internacional, Log\u00edstica y Seguros de Transporte de Carga. CEO de Cargox PTY s.a. (www.cargox.com) Experiencia de m\u00e1s de 30 a\u00f1os en Freight Forwarding y Log\u00edstica (www.multitrans-sjo.net). Experto en Inform\u00e1tica y Socio en ComGlobal IT (www.comglobalit.com)","sameAs":["http:\/\/www.cargox.com"],"url":"https:\/\/www.cargox.com\/noticias\/author\/gvkadmin\/"}]}},"_links":{"self":[{"href":"https:\/\/www.cargox.com\/noticias\/wp-json\/wp\/v2\/posts\/330","targetHints":{"allow":["GET"]}}],"collection":[{"href":"https:\/\/www.cargox.com\/noticias\/wp-json\/wp\/v2\/posts"}],"about":[{"href":"https:\/\/www.cargox.com\/noticias\/wp-json\/wp\/v2\/types\/post"}],"author":[{"embeddable":true,"href":"https:\/\/www.cargox.com\/noticias\/wp-json\/wp\/v2\/users\/1"}],"replies":[{"embeddable":true,"href":"https:\/\/www.cargox.com\/noticias\/wp-json\/wp\/v2\/comments?post=330"}],"version-history":[{"count":2,"href":"https:\/\/www.cargox.com\/noticias\/wp-json\/wp\/v2\/posts\/330\/revisions"}],"predecessor-version":[{"id":335,"href":"https:\/\/www.cargox.com\/noticias\/wp-json\/wp\/v2\/posts\/330\/revisions\/335"}],"wp:attachment":[{"href":"https:\/\/www.cargox.com\/noticias\/wp-json\/wp\/v2\/media?parent=330"}],"wp:term":[{"taxonomy":"category","embeddable":true,"href":"https:\/\/www.cargox.com\/noticias\/wp-json\/wp\/v2\/categories?post=330"},{"taxonomy":"post_tag","embeddable":true,"href":"https:\/\/www.cargox.com\/noticias\/wp-json\/wp\/v2\/tags?post=330"}],"curies":[{"name":"wp","href":"https:\/\/api.w.org\/{rel}","templated":true}]}}