{"id":336,"date":"2018-05-21T23:26:50","date_gmt":"2018-05-22T04:26:50","guid":{"rendered":"https:\/\/www.cargox.com\/noticias\/?p=336"},"modified":"2018-05-21T23:26:50","modified_gmt":"2018-05-22T04:26:50","slug":"averia-gruesa-maersk-honam-final-de-la-tragedia","status":"publish","type":"post","link":"https:\/\/www.cargox.com\/noticias\/2018\/05\/21\/averia-gruesa-maersk-honam-final-de-la-tragedia\/","title":{"rendered":"Aver\u00eda Gruesa: Maersk Honam Final de la Tragedia. Due\u00f1os de Carga deber\u00e1n pagar 54% del valor para liberar los ctrs"},"content":{"rendered":"<div id=\"attachment_337\" style=\"width: 810px\" class=\"wp-caption aligncenter\"><img loading=\"lazy\" decoding=\"async\" aria-describedby=\"caption-attachment-337\" class=\"size-full wp-image-337\" src=\"https:\/\/www.cargox.com\/noticias\/wp-content\/uploads\/2018\/05\/MaereskHonam180521.jpg\" alt=\"\" width=\"800\" height=\"534\" srcset=\"https:\/\/www.cargox.com\/noticias\/wp-content\/uploads\/2018\/05\/MaereskHonam180521.jpg 800w, https:\/\/www.cargox.com\/noticias\/wp-content\/uploads\/2018\/05\/MaereskHonam180521-300x200.jpg 300w, https:\/\/www.cargox.com\/noticias\/wp-content\/uploads\/2018\/05\/MaereskHonam180521-768x513.jpg 768w, https:\/\/www.cargox.com\/noticias\/wp-content\/uploads\/2018\/05\/MaereskHonam180521-150x100.jpg 150w\" sizes=\"auto, (max-width: 800px) 100vw, 800px\" \/><p id=\"caption-attachment-337\" class=\"wp-caption-text\">Maersk Honam inicia descarga de Contenedores en Dubai el 22 de Mayo de 2018.<\/p><\/div>\n<p>Tres el terrible incendio sufrido por el Maersk Honam el 6 de marzo, cuya duraci\u00f3n se extendi\u00f3 por largas semanas, finalmente est\u00e1 por arribar a muelle en Jebel Ali, Dubai el 22 de Mayo, para realizar la descarga de los contenedores. Se estima que la descarga tomar\u00e1 una semana y cuatro d\u00edas.<\/p>\n<h2>T\u00e9rminos de la Aver\u00eda Gruesa: Dep\u00f3sito de 54%<\/h2>\n<p>Para que los contenedores en buen estado, sean liberados a los due\u00f1os de la carga, estos deber\u00e1n depositar un total del 54% del valor de las mercanc\u00edas transportadas. Esto se desgloza en un 42.5% como Garant\u00eda de Salvamento y 11.5% como Dep\u00f3sito de Aver\u00eda Gruesa.<\/p>\n<p>Esto significa, que por cada US$100.000 de valor de la carga, el due\u00f1o de la misma deber\u00e1 cancelar US$54.000 adicionales a la naviera, a fin de obtener la liberaci\u00f3n de la misma.<\/p>\n<p>Los contenedores que se juzguen encontrarse en buen estado, ser\u00e1 reembarcados rumbo a su destino final, a la brevedad posible, una vez pagadas las contribuciones al Salvamento y a la Aver\u00eda Gruesa.<\/p>\n<p>La Aver\u00eda Gruesa es un instrumento legal, cuyo objetivo es que las partes involucradas en un siniestro mar\u00edtimo compartan las p\u00e9rdidas de la misma. Tanto los due\u00f1os del barco, los due\u00f1os del combustible, los due\u00f1os de los contenedores, as\u00ed como los due\u00f1os de la carga deber\u00e1n compartir las p\u00e9rdidas.<\/p>\n<p>Con el objetivo de hacer cumplir los t\u00e9rminos de la Aver\u00eda Gruesa, los due\u00f1os del barco tienen derecho de retener la carga, hasta tanto se garantice el pago correspondiente. En caso de que el pago no se realice, el due\u00f1o del barco tendr\u00e1 derecho de vender la carga correspondiente, a fin de obtener el monto correspondiente a la contribuci\u00f3n debida por su due\u00f1o.<\/p>\n<p>Adicionalmente, los due\u00f1os de carga en buen estado, deber\u00e1n cubrir recargos por los costos adicionales, de almacenamiento, manipulaci\u00f3n y transporte adicional de sus mercanc\u00edas. Estos cargos ser\u00e1n de $750 por Contenedor de 20&#8243; y $1250 por Contenedor de 40&#8243;.<\/p>\n<p>Los embarcadores que no deseen pagar los costos extra, tendr\u00e1n sus contenedores entregados a sus representantes locales, previo endoso a la Linea de los Conocimienttos de Embarque originales. Los mismos ser\u00e1n sujetos a pago de almacenamiento y demora de acuerdo a sus tarifas.<\/p>\n<p>La linea le otorg\u00f3 a sus clientes, plazo hasta el 24 de Mayo, para tomar una decisi\u00f3n.<\/p>\n<p>Los due\u00f1os de carga con seguro (partiendo de que Aver\u00eda Gruesa est\u00e9 cubierto), ser\u00e1n respaldados por sus aseguradoras, sin incurrir en mayores egresos. Su \u00fanico da\u00f1o al final de la historia ser\u00e1 el atraso sufrido.<\/p>\n<p>En cambio, los due\u00f1os de carga sin asegurar, deber\u00e1n desembolsar de sus propios recursos, para cubrir el da\u00f1o, sin posibilidad de obtener reembolso o compensaci\u00f3n de la Linea Mar\u00edtima.<\/p>\n<p>&nbsp;<\/p>\n<p style=\"text-align: center;\"><a href=\"https:\/\/www.cargox.com\/contacto.php\"><img loading=\"lazy\" decoding=\"async\" class=\"size-full wp-image-136 aligncenter\" src=\"https:\/\/www.cargox.com\/noticias\/wp-content\/uploads\/2018\/04\/button.png\" sizes=\"auto, (max-width: 209px) 100vw, 209px\" srcset=\"https:\/\/www.cargox.com\/noticias\/wp-content\/uploads\/2018\/04\/button.png 209w, https:\/\/www.cargox.com\/noticias\/wp-content\/uploads\/2018\/04\/button-150x35.png 150w\" alt=\"Contactenos\" width=\"209\" height=\"49\" \/><\/a>Seguros de Transporte de Carga.<br \/>\nSeguros de Stock-Throughput.<br \/>\nSeguro de Responsabilidad Civil.<br \/>\nAsesor\u00eda en Gesti\u00f3n de Reclamo<\/p>\n<p>(Fuentes: gCaptain, Loadstar)<\/p>\n<blockquote class=\"wp-embedded-content\" data-secret=\"wMS9kigFzD\"><p><a href=\"https:\/\/www.cargox.com\/noticias\/2018\/05\/04\/riesgo-de-incendio-lecciones-del-maersk-honam\/\">Riesgo de Incendio: Lecciones del Maersk Honam<\/a><\/p><\/blockquote>\n<p><iframe loading=\"lazy\" class=\"wp-embedded-content\" sandbox=\"allow-scripts\" security=\"restricted\" style=\"position: absolute; visibility: hidden;\" title=\"&#8220;Riesgo de Incendio: Lecciones del Maersk Honam&#8221; &#8212; Noticias y Art\u00edculos de Cargox\" src=\"https:\/\/www.cargox.com\/noticias\/2018\/05\/04\/riesgo-de-incendio-lecciones-del-maersk-honam\/embed\/#?secret=CLtKIjTo4X#?secret=wMS9kigFzD\" data-secret=\"wMS9kigFzD\" width=\"500\" height=\"282\" frameborder=\"0\" marginwidth=\"0\" marginheight=\"0\" scrolling=\"no\"><\/iframe><\/p>\n","protected":false},"excerpt":{"rendered":"<p>Tres el terrible incendio sufrido por el Maersk Honam el 6 de marzo, cuya duraci\u00f3n se extendi\u00f3 por largas semanas, finalmente est\u00e1 por arribar a muelle en Jebel Ali, Dubai el 22 de Mayo, para realizar la descarga de los contenedores. Se estima que la descarga tomar\u00e1 una semana y cuatro d\u00edas. T\u00e9rminos de la&#8230;<\/p>\n","protected":false},"author":1,"featured_media":0,"comment_status":"open","ping_status":"open","sticky":false,"template":"","format":"standard","meta":{"footnotes":""},"categories":[2],"tags":[41,24,15,119,14,9,47,46],"class_list":["post-336","post","type-post","status-publish","format-standard","hentry","category-articulos-seguros","tag-averia-gruesa","tag-contenedores","tag-linea-maritima","tag-maersk-honam","tag-naviera","tag-seguro-de-carga","tag-seguro-de-responsabilidad-civil","tag-seguro-de-transporte-de-carga"],"yoast_head":"<!-- This site is optimized with the Yoast SEO plugin v27.2 - https:\/\/yoast.com\/product\/yoast-seo-wordpress\/ -->\n<title>Aver\u00eda Gruesa: Maersk Honam Final de la Tragedia. Due\u00f1os de Carga deber\u00e1n pagar 54% del valor para liberar los ctrs - Noticias y Art\u00edculos de Cargox<\/title>\n<meta name=\"robots\" content=\"index, follow, max-snippet:-1, max-image-preview:large, max-video-preview:-1\" \/>\n<link rel=\"canonical\" href=\"https:\/\/www.cargox.com\/noticias\/2018\/05\/21\/averia-gruesa-maersk-honam-final-de-la-tragedia\/\" \/>\n<meta property=\"og:locale\" content=\"es_ES\" \/>\n<meta property=\"og:type\" content=\"article\" \/>\n<meta property=\"og:title\" content=\"Aver\u00eda Gruesa: Maersk Honam Final de la Tragedia. Due\u00f1os de Carga deber\u00e1n pagar 54% del valor para liberar los ctrs - Noticias y Art\u00edculos de Cargox\" \/>\n<meta property=\"og:description\" content=\"Tres el terrible incendio sufrido por el Maersk Honam el 6 de marzo, cuya duraci\u00f3n se extendi\u00f3 por largas semanas, finalmente est\u00e1 por arribar a muelle en Jebel Ali, Dubai el 22 de Mayo, para realizar la descarga de los contenedores. Se estima que la descarga tomar\u00e1 una semana y cuatro d\u00edas. T\u00e9rminos de la...\" \/>\n<meta property=\"og:url\" content=\"https:\/\/www.cargox.com\/noticias\/2018\/05\/21\/averia-gruesa-maersk-honam-final-de-la-tragedia\/\" \/>\n<meta property=\"og:site_name\" content=\"Noticias y Art\u00edculos de Cargox\" \/>\n<meta property=\"article:published_time\" content=\"2018-05-22T04:26:50+00:00\" \/>\n<meta property=\"og:image\" content=\"https:\/\/www.cargox.com\/noticias\/wp-content\/uploads\/2018\/05\/MaereskHonam180521.jpg\" \/>\n<meta name=\"author\" content=\"gvkadmin\" \/>\n<meta name=\"twitter:card\" content=\"summary_large_image\" \/>\n<meta name=\"twitter:label1\" content=\"Written by\" \/>\n\t<meta name=\"twitter:data1\" content=\"gvkadmin\" \/>\n\t<meta name=\"twitter:label2\" content=\"Est. reading time\" \/>\n\t<meta name=\"twitter:data2\" content=\"3 minutos\" \/>\n<script type=\"application\/ld+json\" class=\"yoast-schema-graph\">{\"@context\":\"https:\/\/schema.org\",\"@graph\":[{\"@type\":\"Article\",\"@id\":\"https:\/\/www.cargox.com\/noticias\/2018\/05\/21\/averia-gruesa-maersk-honam-final-de-la-tragedia\/#article\",\"isPartOf\":{\"@id\":\"https:\/\/www.cargox.com\/noticias\/2018\/05\/21\/averia-gruesa-maersk-honam-final-de-la-tragedia\/\"},\"author\":{\"name\":\"gvkadmin\",\"@id\":\"https:\/\/www.cargox.com\/noticias\/#\/schema\/person\/c432f1d41544d9b7e0d0befcf9005056\"},\"headline\":\"Aver\u00eda Gruesa: Maersk Honam Final de la Tragedia. Due\u00f1os de Carga deber\u00e1n pagar 54% del valor para liberar los ctrs\",\"datePublished\":\"2018-05-22T04:26:50+00:00\",\"mainEntityOfPage\":{\"@id\":\"https:\/\/www.cargox.com\/noticias\/2018\/05\/21\/averia-gruesa-maersk-honam-final-de-la-tragedia\/\"},\"wordCount\":549,\"commentCount\":0,\"image\":{\"@id\":\"https:\/\/www.cargox.com\/noticias\/2018\/05\/21\/averia-gruesa-maersk-honam-final-de-la-tragedia\/#primaryimage\"},\"thumbnailUrl\":\"https:\/\/www.cargox.com\/noticias\/wp-content\/uploads\/2018\/05\/MaereskHonam180521.jpg\",\"keywords\":[\"aver\u00eda gruesa\",\"contenedores\",\"linea mar\u00edtima\",\"Maersk Honam\",\"naviera\",\"seguro de carga\",\"seguro de responsabilidad civil\",\"seguro de transporte de carga\"],\"articleSection\":[\"Art\u00edculos Seguros\"],\"inLanguage\":\"es-CR\",\"potentialAction\":[{\"@type\":\"CommentAction\",\"name\":\"Comment\",\"target\":[\"https:\/\/www.cargox.com\/noticias\/2018\/05\/21\/averia-gruesa-maersk-honam-final-de-la-tragedia\/#respond\"]}]},{\"@type\":\"WebPage\",\"@id\":\"https:\/\/www.cargox.com\/noticias\/2018\/05\/21\/averia-gruesa-maersk-honam-final-de-la-tragedia\/\",\"url\":\"https:\/\/www.cargox.com\/noticias\/2018\/05\/21\/averia-gruesa-maersk-honam-final-de-la-tragedia\/\",\"name\":\"Aver\u00eda Gruesa: Maersk Honam Final de la Tragedia. Due\u00f1os de Carga deber\u00e1n pagar 54% del valor para liberar los ctrs - Noticias y Art\u00edculos de Cargox\",\"isPartOf\":{\"@id\":\"https:\/\/www.cargox.com\/noticias\/#website\"},\"primaryImageOfPage\":{\"@id\":\"https:\/\/www.cargox.com\/noticias\/2018\/05\/21\/averia-gruesa-maersk-honam-final-de-la-tragedia\/#primaryimage\"},\"image\":{\"@id\":\"https:\/\/www.cargox.com\/noticias\/2018\/05\/21\/averia-gruesa-maersk-honam-final-de-la-tragedia\/#primaryimage\"},\"thumbnailUrl\":\"https:\/\/www.cargox.com\/noticias\/wp-content\/uploads\/2018\/05\/MaereskHonam180521.jpg\",\"datePublished\":\"2018-05-22T04:26:50+00:00\",\"author\":{\"@id\":\"https:\/\/www.cargox.com\/noticias\/#\/schema\/person\/c432f1d41544d9b7e0d0befcf9005056\"},\"breadcrumb\":{\"@id\":\"https:\/\/www.cargox.com\/noticias\/2018\/05\/21\/averia-gruesa-maersk-honam-final-de-la-tragedia\/#breadcrumb\"},\"inLanguage\":\"es-CR\",\"potentialAction\":[{\"@type\":\"ReadAction\",\"target\":[\"https:\/\/www.cargox.com\/noticias\/2018\/05\/21\/averia-gruesa-maersk-honam-final-de-la-tragedia\/\"]}]},{\"@type\":\"ImageObject\",\"inLanguage\":\"es-CR\",\"@id\":\"https:\/\/www.cargox.com\/noticias\/2018\/05\/21\/averia-gruesa-maersk-honam-final-de-la-tragedia\/#primaryimage\",\"url\":\"https:\/\/www.cargox.com\/noticias\/wp-content\/uploads\/2018\/05\/MaereskHonam180521.jpg\",\"contentUrl\":\"https:\/\/www.cargox.com\/noticias\/wp-content\/uploads\/2018\/05\/MaereskHonam180521.jpg\"},{\"@type\":\"BreadcrumbList\",\"@id\":\"https:\/\/www.cargox.com\/noticias\/2018\/05\/21\/averia-gruesa-maersk-honam-final-de-la-tragedia\/#breadcrumb\",\"itemListElement\":[{\"@type\":\"ListItem\",\"position\":1,\"name\":\"Home\",\"item\":\"https:\/\/www.cargox.com\/noticias\/\"},{\"@type\":\"ListItem\",\"position\":2,\"name\":\"Aver\u00eda Gruesa: Maersk Honam Final de la Tragedia. Due\u00f1os de Carga deber\u00e1n pagar 54% del valor para liberar los ctrs\"}]},{\"@type\":\"WebSite\",\"@id\":\"https:\/\/www.cargox.com\/noticias\/#website\",\"url\":\"https:\/\/www.cargox.com\/noticias\/\",\"name\":\"Noticias y Art\u00edculos de Cargox\",\"description\":\"Blog de Cargox, para profesionales en log\u00edstica y transporte internacional de carga.\",\"potentialAction\":[{\"@type\":\"SearchAction\",\"target\":{\"@type\":\"EntryPoint\",\"urlTemplate\":\"https:\/\/www.cargox.com\/noticias\/?s={search_term_string}\"},\"query-input\":{\"@type\":\"PropertyValueSpecification\",\"valueRequired\":true,\"valueName\":\"search_term_string\"}}],\"inLanguage\":\"es-CR\"},{\"@type\":\"Person\",\"@id\":\"https:\/\/www.cargox.com\/noticias\/#\/schema\/person\/c432f1d41544d9b7e0d0befcf9005056\",\"name\":\"gvkadmin\",\"image\":{\"@type\":\"ImageObject\",\"inLanguage\":\"es-CR\",\"@id\":\"https:\/\/secure.gravatar.com\/avatar\/eb8b9c8fca0ed0dd4bd390a6ef3ed5a3f61d978f75a18e8b9416c09f85088c6d?s=96&d=mm&r=g\",\"url\":\"https:\/\/secure.gravatar.com\/avatar\/eb8b9c8fca0ed0dd4bd390a6ef3ed5a3f61d978f75a18e8b9416c09f85088c6d?s=96&d=mm&r=g\",\"contentUrl\":\"https:\/\/secure.gravatar.com\/avatar\/eb8b9c8fca0ed0dd4bd390a6ef3ed5a3f61d978f75a18e8b9416c09f85088c6d?s=96&d=mm&r=g\",\"caption\":\"gvkadmin\"},\"description\":\"Experto en comercio Internacional, Log\u00edstica y Seguros de Transporte de Carga. CEO de Cargox PTY s.a. (www.cargox.com) Experiencia de m\u00e1s de 30 a\u00f1os en Freight Forwarding y Log\u00edstica (www.multitrans-sjo.net). Experto en Inform\u00e1tica y Socio en ComGlobal IT (www.comglobalit.com)\",\"sameAs\":[\"http:\/\/www.cargox.com\"],\"url\":\"https:\/\/www.cargox.com\/noticias\/author\/gvkadmin\/\"}]}<\/script>\n<!-- \/ Yoast SEO plugin. -->","yoast_head_json":{"title":"Aver\u00eda Gruesa: Maersk Honam Final de la Tragedia. Due\u00f1os de Carga deber\u00e1n pagar 54% del valor para liberar los ctrs - Noticias y Art\u00edculos de Cargox","robots":{"index":"index","follow":"follow","max-snippet":"max-snippet:-1","max-image-preview":"max-image-preview:large","max-video-preview":"max-video-preview:-1"},"canonical":"https:\/\/www.cargox.com\/noticias\/2018\/05\/21\/averia-gruesa-maersk-honam-final-de-la-tragedia\/","og_locale":"es_ES","og_type":"article","og_title":"Aver\u00eda Gruesa: Maersk Honam Final de la Tragedia. Due\u00f1os de Carga deber\u00e1n pagar 54% del valor para liberar los ctrs - Noticias y Art\u00edculos de Cargox","og_description":"Tres el terrible incendio sufrido por el Maersk Honam el 6 de marzo, cuya duraci\u00f3n se extendi\u00f3 por largas semanas, finalmente est\u00e1 por arribar a muelle en Jebel Ali, Dubai el 22 de Mayo, para realizar la descarga de los contenedores. Se estima que la descarga tomar\u00e1 una semana y cuatro d\u00edas. T\u00e9rminos de la...","og_url":"https:\/\/www.cargox.com\/noticias\/2018\/05\/21\/averia-gruesa-maersk-honam-final-de-la-tragedia\/","og_site_name":"Noticias y Art\u00edculos de Cargox","article_published_time":"2018-05-22T04:26:50+00:00","og_image":[{"url":"https:\/\/www.cargox.com\/noticias\/wp-content\/uploads\/2018\/05\/MaereskHonam180521.jpg","type":"","width":"","height":""}],"author":"gvkadmin","twitter_card":"summary_large_image","twitter_misc":{"Written by":"gvkadmin","Est. reading time":"3 minutos"},"schema":{"@context":"https:\/\/schema.org","@graph":[{"@type":"Article","@id":"https:\/\/www.cargox.com\/noticias\/2018\/05\/21\/averia-gruesa-maersk-honam-final-de-la-tragedia\/#article","isPartOf":{"@id":"https:\/\/www.cargox.com\/noticias\/2018\/05\/21\/averia-gruesa-maersk-honam-final-de-la-tragedia\/"},"author":{"name":"gvkadmin","@id":"https:\/\/www.cargox.com\/noticias\/#\/schema\/person\/c432f1d41544d9b7e0d0befcf9005056"},"headline":"Aver\u00eda Gruesa: Maersk Honam Final de la Tragedia. Due\u00f1os de Carga deber\u00e1n pagar 54% del valor para liberar los ctrs","datePublished":"2018-05-22T04:26:50+00:00","mainEntityOfPage":{"@id":"https:\/\/www.cargox.com\/noticias\/2018\/05\/21\/averia-gruesa-maersk-honam-final-de-la-tragedia\/"},"wordCount":549,"commentCount":0,"image":{"@id":"https:\/\/www.cargox.com\/noticias\/2018\/05\/21\/averia-gruesa-maersk-honam-final-de-la-tragedia\/#primaryimage"},"thumbnailUrl":"https:\/\/www.cargox.com\/noticias\/wp-content\/uploads\/2018\/05\/MaereskHonam180521.jpg","keywords":["aver\u00eda gruesa","contenedores","linea mar\u00edtima","Maersk Honam","naviera","seguro de carga","seguro de responsabilidad civil","seguro de transporte de carga"],"articleSection":["Art\u00edculos Seguros"],"inLanguage":"es-CR","potentialAction":[{"@type":"CommentAction","name":"Comment","target":["https:\/\/www.cargox.com\/noticias\/2018\/05\/21\/averia-gruesa-maersk-honam-final-de-la-tragedia\/#respond"]}]},{"@type":"WebPage","@id":"https:\/\/www.cargox.com\/noticias\/2018\/05\/21\/averia-gruesa-maersk-honam-final-de-la-tragedia\/","url":"https:\/\/www.cargox.com\/noticias\/2018\/05\/21\/averia-gruesa-maersk-honam-final-de-la-tragedia\/","name":"Aver\u00eda Gruesa: Maersk Honam Final de la Tragedia. Due\u00f1os de Carga deber\u00e1n pagar 54% del valor para liberar los ctrs - Noticias y Art\u00edculos de Cargox","isPartOf":{"@id":"https:\/\/www.cargox.com\/noticias\/#website"},"primaryImageOfPage":{"@id":"https:\/\/www.cargox.com\/noticias\/2018\/05\/21\/averia-gruesa-maersk-honam-final-de-la-tragedia\/#primaryimage"},"image":{"@id":"https:\/\/www.cargox.com\/noticias\/2018\/05\/21\/averia-gruesa-maersk-honam-final-de-la-tragedia\/#primaryimage"},"thumbnailUrl":"https:\/\/www.cargox.com\/noticias\/wp-content\/uploads\/2018\/05\/MaereskHonam180521.jpg","datePublished":"2018-05-22T04:26:50+00:00","author":{"@id":"https:\/\/www.cargox.com\/noticias\/#\/schema\/person\/c432f1d41544d9b7e0d0befcf9005056"},"breadcrumb":{"@id":"https:\/\/www.cargox.com\/noticias\/2018\/05\/21\/averia-gruesa-maersk-honam-final-de-la-tragedia\/#breadcrumb"},"inLanguage":"es-CR","potentialAction":[{"@type":"ReadAction","target":["https:\/\/www.cargox.com\/noticias\/2018\/05\/21\/averia-gruesa-maersk-honam-final-de-la-tragedia\/"]}]},{"@type":"ImageObject","inLanguage":"es-CR","@id":"https:\/\/www.cargox.com\/noticias\/2018\/05\/21\/averia-gruesa-maersk-honam-final-de-la-tragedia\/#primaryimage","url":"https:\/\/www.cargox.com\/noticias\/wp-content\/uploads\/2018\/05\/MaereskHonam180521.jpg","contentUrl":"https:\/\/www.cargox.com\/noticias\/wp-content\/uploads\/2018\/05\/MaereskHonam180521.jpg"},{"@type":"BreadcrumbList","@id":"https:\/\/www.cargox.com\/noticias\/2018\/05\/21\/averia-gruesa-maersk-honam-final-de-la-tragedia\/#breadcrumb","itemListElement":[{"@type":"ListItem","position":1,"name":"Home","item":"https:\/\/www.cargox.com\/noticias\/"},{"@type":"ListItem","position":2,"name":"Aver\u00eda Gruesa: Maersk Honam Final de la Tragedia. Due\u00f1os de Carga deber\u00e1n pagar 54% del valor para liberar los ctrs"}]},{"@type":"WebSite","@id":"https:\/\/www.cargox.com\/noticias\/#website","url":"https:\/\/www.cargox.com\/noticias\/","name":"Noticias y Art\u00edculos de Cargox","description":"Blog de Cargox, para profesionales en log\u00edstica y transporte internacional de carga.","potentialAction":[{"@type":"SearchAction","target":{"@type":"EntryPoint","urlTemplate":"https:\/\/www.cargox.com\/noticias\/?s={search_term_string}"},"query-input":{"@type":"PropertyValueSpecification","valueRequired":true,"valueName":"search_term_string"}}],"inLanguage":"es-CR"},{"@type":"Person","@id":"https:\/\/www.cargox.com\/noticias\/#\/schema\/person\/c432f1d41544d9b7e0d0befcf9005056","name":"gvkadmin","image":{"@type":"ImageObject","inLanguage":"es-CR","@id":"https:\/\/secure.gravatar.com\/avatar\/eb8b9c8fca0ed0dd4bd390a6ef3ed5a3f61d978f75a18e8b9416c09f85088c6d?s=96&d=mm&r=g","url":"https:\/\/secure.gravatar.com\/avatar\/eb8b9c8fca0ed0dd4bd390a6ef3ed5a3f61d978f75a18e8b9416c09f85088c6d?s=96&d=mm&r=g","contentUrl":"https:\/\/secure.gravatar.com\/avatar\/eb8b9c8fca0ed0dd4bd390a6ef3ed5a3f61d978f75a18e8b9416c09f85088c6d?s=96&d=mm&r=g","caption":"gvkadmin"},"description":"Experto en comercio Internacional, Log\u00edstica y Seguros de Transporte de Carga. CEO de Cargox PTY s.a. (www.cargox.com) Experiencia de m\u00e1s de 30 a\u00f1os en Freight Forwarding y Log\u00edstica (www.multitrans-sjo.net). Experto en Inform\u00e1tica y Socio en ComGlobal IT (www.comglobalit.com)","sameAs":["http:\/\/www.cargox.com"],"url":"https:\/\/www.cargox.com\/noticias\/author\/gvkadmin\/"}]}},"_links":{"self":[{"href":"https:\/\/www.cargox.com\/noticias\/wp-json\/wp\/v2\/posts\/336","targetHints":{"allow":["GET"]}}],"collection":[{"href":"https:\/\/www.cargox.com\/noticias\/wp-json\/wp\/v2\/posts"}],"about":[{"href":"https:\/\/www.cargox.com\/noticias\/wp-json\/wp\/v2\/types\/post"}],"author":[{"embeddable":true,"href":"https:\/\/www.cargox.com\/noticias\/wp-json\/wp\/v2\/users\/1"}],"replies":[{"embeddable":true,"href":"https:\/\/www.cargox.com\/noticias\/wp-json\/wp\/v2\/comments?post=336"}],"version-history":[{"count":2,"href":"https:\/\/www.cargox.com\/noticias\/wp-json\/wp\/v2\/posts\/336\/revisions"}],"predecessor-version":[{"id":340,"href":"https:\/\/www.cargox.com\/noticias\/wp-json\/wp\/v2\/posts\/336\/revisions\/340"}],"wp:attachment":[{"href":"https:\/\/www.cargox.com\/noticias\/wp-json\/wp\/v2\/media?parent=336"}],"wp:term":[{"taxonomy":"category","embeddable":true,"href":"https:\/\/www.cargox.com\/noticias\/wp-json\/wp\/v2\/categories?post=336"},{"taxonomy":"post_tag","embeddable":true,"href":"https:\/\/www.cargox.com\/noticias\/wp-json\/wp\/v2\/tags?post=336"}],"curies":[{"name":"wp","href":"https:\/\/api.w.org\/{rel}","templated":true}]}}