{"id":403,"date":"2018-05-31T16:43:08","date_gmt":"2018-05-31T21:43:08","guid":{"rendered":"https:\/\/www.cargox.com\/noticias\/?p=403"},"modified":"2018-05-31T22:25:01","modified_gmt":"2018-06-01T03:25:01","slug":"crecimiento-en-flota-de-porta-contenedores-presiona-tarifas-a-la-baja","status":"publish","type":"post","link":"https:\/\/www.cargox.com\/noticias\/2018\/05\/31\/crecimiento-en-flota-de-porta-contenedores-presiona-tarifas-a-la-baja\/","title":{"rendered":"Crecimiento en Flota de Porta-Contenedores presiona tarifas a la baja"},"content":{"rendered":"<div id=\"attachment_418\" style=\"width: 970px\" class=\"wp-caption aligncenter\"><img loading=\"lazy\" decoding=\"async\" aria-describedby=\"caption-attachment-418\" class=\"wp-image-418 size-full\" src=\"https:\/\/www.cargox.com\/noticias\/wp-content\/uploads\/2018\/05\/ctr_ship.jpg\" alt=\"\" width=\"960\" height=\"639\" srcset=\"https:\/\/www.cargox.com\/noticias\/wp-content\/uploads\/2018\/05\/ctr_ship.jpg 960w, https:\/\/www.cargox.com\/noticias\/wp-content\/uploads\/2018\/05\/ctr_ship-300x200.jpg 300w, https:\/\/www.cargox.com\/noticias\/wp-content\/uploads\/2018\/05\/ctr_ship-768x511.jpg 768w, https:\/\/www.cargox.com\/noticias\/wp-content\/uploads\/2018\/05\/ctr_ship-150x100.jpg 150w\" sizes=\"auto, (max-width: 960px) 100vw, 960px\" \/><p id=\"caption-attachment-418\" class=\"wp-caption-text\">Exceso de Capacidad en Portacontenedores presiona tarifas a la baja.<\/p><\/div>\n<h3>Aumento de la Oferta<\/h3>\n<p>La flota de Porta-Contenedores ha crecido en 2.9% en los primeros cuatro meses de 2018. Los barcos en construcci\u00f3n tienden a ser m\u00e1s grandes que los antiguos, que ir\u00e1n siendo demolidos en los pr\u00f3ximos a\u00f1os. Los barcos que han salido del mercado, para ser reciclados, contaban con capacidad promedio de 1840 TEU. Mientras tanto los barcos nuevos, cuentan en promedio con una capacidad de 8350 TEU.<\/p>\n<p>Esta renovaci\u00f3n de flota con mayores capacidades, tiende a crear dos situaciones:<\/p>\n<ul>\n<li>Crecimiento del 5% en la capacidad (oferta) de transporte en Contenedores.<\/li>\n<li>Disminuci\u00f3n de oferta en Barcos peque\u00f1os, usados normalmente como feeders para atender puertos con bajos calados y\/o bajo volumen.<\/li>\n<\/ul>\n<p>La primera situaci\u00f3n, producir\u00e1 sin duda presi\u00f3n a disminuci\u00f3n en las tarifas de flete de las navieras. Esto agravado porque ya existe una sobrecapacidad hist\u00f3rica en la flota de porta-contenedores.<\/p>\n<p>La segunda, causar\u00e1 eventualmente una baja en la frecuencia de servicio y un encarecimiento en los fletes del \u00faltimo tramo donde se requiera servicio de feeder.<\/p>\n<p>Variaci\u00f3n de Flota por categor\u00edas de capacidad de 2008 a 2018:<\/p>\n<ul>\n<li>\u00a0 100 a\u00a0 999 TEU:\u00a0 \u00a0 -17%<\/li>\n<li>1000 a 2000 TEU:\u00a0\u00a0 +\/-0%<\/li>\n<li>2000 a 3000 TEU:\u00a0\u00a0 -14%<\/li>\n<li>3000 a 6000 TEU:\u00a0\u00a0\u00a0 -12%<\/li>\n<li>6000 a 8000 TEU:\u00a0\u00a0 +34% (+4% en el \u00faltimo a\u00f1o)<\/li>\n<\/ul>\n<p>Los barcos nuevos tienden a ser mucho m\u00e1s grandes por razones de eficiencia.<\/p>\n<ul>\n<li>Se prev\u00e9 una entrega total de 1.100.000 TEU a final de 2018.<\/li>\n<li>Para final de 2018, se habr\u00e1 demolido una capacidad de apenas 250.000 TEU.<\/li>\n<li>Aumento neto de 850.000 TEU durante el 2018.<\/li>\n<\/ul>\n<h3>Aumento de la Demanda<\/h3>\n<p>Por otra parte, mundialmente se da un crecimiento en el transporte internacional de carga, gracias al crecimiento del comercio internacional mundial, el cual, seg\u00fan el FMI, ser\u00e1 de entre un 4.4 y un 5.1% para el 2018.<\/p>\n<h3>Conclusi\u00f3n<\/h3>\n<p>A pesar del aumento de la demanda, a\u00fan queda un brecha importante por llenar. Los precios seguir\u00e1n por un rato m\u00e1s su tendencia a la baja, con resultados negativos para muchas navieras.<\/p>\n<p>La \u00fanica forma en que el sector naviero podr\u00eda contrarrestar esta tendencia, ser\u00eda disminuyendo la capacidad de la flota, lo cual no es probable que ocurra f\u00e1cilmente. Las l\u00edneas mar\u00edtimas no pueden simplemente bajar la capacidad, sin poner en riesgo su servicio y su estabilidad.<\/p>\n<p>De esta forma, estimamos que el mercado mantendr\u00e1 su tendencia, hasta que alg\u00fan (o algunos) actor(es) importante(s) en el mercado se vea(n) obligados a cerrar, como hace pocos a\u00f1os, el gigante HANJIN. Este caso, valdr\u00eda la pena verificar que su seguro cubra por insolvencia de los armadores&#8230;<\/p>\n<p style=\"text-align: center;\"><a href=\"https:\/\/www.cargox.com\/contacto.php\"><img loading=\"lazy\" decoding=\"async\" class=\"size-full wp-image-136 aligncenter\" src=\"https:\/\/www.cargox.com\/noticias\/wp-content\/uploads\/2018\/04\/button.png\" sizes=\"auto, (max-width: 209px) 100vw, 209px\" srcset=\"https:\/\/www.cargox.com\/noticias\/wp-content\/uploads\/2018\/04\/button.png 209w, https:\/\/www.cargox.com\/noticias\/wp-content\/uploads\/2018\/04\/button-150x35.png 150w\" alt=\"Contactenos\" width=\"209\" height=\"49\" \/><\/a>Seguros de Transporte de Carga.<br \/>\nSeguros de Stock-Throughput.<br \/>\nSeguro de Responsabilidad Civil.<br \/>\nAsesor\u00eda en Gesti\u00f3n de Reclamo<\/p>\n<p>(Fuentes: Marine Link, FMI)<\/p>\n","protected":false},"excerpt":{"rendered":"<p>Aumento de la Oferta La flota de Porta-Contenedores ha crecido en 2.9% en los primeros cuatro meses de 2018. Los barcos en construcci\u00f3n tienden a ser m\u00e1s grandes que los antiguos, que ir\u00e1n siendo demolidos en los pr\u00f3ximos a\u00f1os. Los barcos que han salido del mercado, para ser reciclados, contaban con capacidad promedio de 1840&#8230;<\/p>\n","protected":false},"author":1,"featured_media":0,"comment_status":"open","ping_status":"open","sticky":false,"template":"","format":"standard","meta":{"footnotes":""},"categories":[2],"tags":[28,24,15,13,66,14,9,47,46],"class_list":["post-403","post","type-post","status-publish","format-standard","hentry","category-articulos-seguros","tag-comercio-internacional","tag-contenedores","tag-linea-maritima","tag-logistica","tag-maritimo","tag-naviera","tag-seguro-de-carga","tag-seguro-de-responsabilidad-civil","tag-seguro-de-transporte-de-carga"],"yoast_head":"<!-- This site is optimized with the Yoast SEO plugin v27.2 - https:\/\/yoast.com\/product\/yoast-seo-wordpress\/ -->\n<title>Crecimiento en Flota de Porta-Contenedores presiona tarifas a la baja - Noticias y Art\u00edculos de Cargox<\/title>\n<meta name=\"robots\" content=\"index, follow, max-snippet:-1, max-image-preview:large, max-video-preview:-1\" \/>\n<link rel=\"canonical\" href=\"https:\/\/www.cargox.com\/noticias\/2018\/05\/31\/crecimiento-en-flota-de-porta-contenedores-presiona-tarifas-a-la-baja\/\" \/>\n<meta property=\"og:locale\" content=\"es_ES\" \/>\n<meta property=\"og:type\" content=\"article\" \/>\n<meta property=\"og:title\" content=\"Crecimiento en Flota de Porta-Contenedores presiona tarifas a la baja - Noticias y Art\u00edculos de Cargox\" \/>\n<meta property=\"og:description\" content=\"Aumento de la Oferta La flota de Porta-Contenedores ha crecido en 2.9% en los primeros cuatro meses de 2018. Los barcos en construcci\u00f3n tienden a ser m\u00e1s grandes que los antiguos, que ir\u00e1n siendo demolidos en los pr\u00f3ximos a\u00f1os. Los barcos que han salido del mercado, para ser reciclados, contaban con capacidad promedio de 1840...\" \/>\n<meta property=\"og:url\" content=\"https:\/\/www.cargox.com\/noticias\/2018\/05\/31\/crecimiento-en-flota-de-porta-contenedores-presiona-tarifas-a-la-baja\/\" \/>\n<meta property=\"og:site_name\" content=\"Noticias y Art\u00edculos de Cargox\" \/>\n<meta property=\"article:published_time\" content=\"2018-05-31T21:43:08+00:00\" \/>\n<meta property=\"article:modified_time\" content=\"2018-06-01T03:25:01+00:00\" \/>\n<meta property=\"og:image\" content=\"https:\/\/www.cargox.com\/noticias\/wp-content\/uploads\/2018\/05\/ctr_ship.jpg\" \/>\n<meta name=\"author\" content=\"gvkadmin\" \/>\n<meta name=\"twitter:card\" content=\"summary_large_image\" \/>\n<meta name=\"twitter:label1\" content=\"Written by\" \/>\n\t<meta name=\"twitter:data1\" content=\"gvkadmin\" \/>\n\t<meta name=\"twitter:label2\" content=\"Est. reading time\" \/>\n\t<meta name=\"twitter:data2\" content=\"2 minutos\" \/>\n<script type=\"application\/ld+json\" class=\"yoast-schema-graph\">{\"@context\":\"https:\/\/schema.org\",\"@graph\":[{\"@type\":\"Article\",\"@id\":\"https:\/\/www.cargox.com\/noticias\/2018\/05\/31\/crecimiento-en-flota-de-porta-contenedores-presiona-tarifas-a-la-baja\/#article\",\"isPartOf\":{\"@id\":\"https:\/\/www.cargox.com\/noticias\/2018\/05\/31\/crecimiento-en-flota-de-porta-contenedores-presiona-tarifas-a-la-baja\/\"},\"author\":{\"name\":\"gvkadmin\",\"@id\":\"https:\/\/www.cargox.com\/noticias\/#\/schema\/person\/c432f1d41544d9b7e0d0befcf9005056\"},\"headline\":\"Crecimiento en Flota de Porta-Contenedores presiona tarifas a la baja\",\"datePublished\":\"2018-05-31T21:43:08+00:00\",\"dateModified\":\"2018-06-01T03:25:01+00:00\",\"mainEntityOfPage\":{\"@id\":\"https:\/\/www.cargox.com\/noticias\/2018\/05\/31\/crecimiento-en-flota-de-porta-contenedores-presiona-tarifas-a-la-baja\/\"},\"wordCount\":476,\"commentCount\":0,\"image\":{\"@id\":\"https:\/\/www.cargox.com\/noticias\/2018\/05\/31\/crecimiento-en-flota-de-porta-contenedores-presiona-tarifas-a-la-baja\/#primaryimage\"},\"thumbnailUrl\":\"https:\/\/www.cargox.com\/noticias\/wp-content\/uploads\/2018\/05\/ctr_ship.jpg\",\"keywords\":[\"comercio internacional\",\"contenedores\",\"linea mar\u00edtima\",\"logistica\",\"mar\u00edtimo\",\"naviera\",\"seguro de carga\",\"seguro de responsabilidad civil\",\"seguro de transporte de carga\"],\"articleSection\":[\"Art\u00edculos Seguros\"],\"inLanguage\":\"es-CR\",\"potentialAction\":[{\"@type\":\"CommentAction\",\"name\":\"Comment\",\"target\":[\"https:\/\/www.cargox.com\/noticias\/2018\/05\/31\/crecimiento-en-flota-de-porta-contenedores-presiona-tarifas-a-la-baja\/#respond\"]}]},{\"@type\":\"WebPage\",\"@id\":\"https:\/\/www.cargox.com\/noticias\/2018\/05\/31\/crecimiento-en-flota-de-porta-contenedores-presiona-tarifas-a-la-baja\/\",\"url\":\"https:\/\/www.cargox.com\/noticias\/2018\/05\/31\/crecimiento-en-flota-de-porta-contenedores-presiona-tarifas-a-la-baja\/\",\"name\":\"Crecimiento en Flota de Porta-Contenedores presiona tarifas a la baja - Noticias y Art\u00edculos de Cargox\",\"isPartOf\":{\"@id\":\"https:\/\/www.cargox.com\/noticias\/#website\"},\"primaryImageOfPage\":{\"@id\":\"https:\/\/www.cargox.com\/noticias\/2018\/05\/31\/crecimiento-en-flota-de-porta-contenedores-presiona-tarifas-a-la-baja\/#primaryimage\"},\"image\":{\"@id\":\"https:\/\/www.cargox.com\/noticias\/2018\/05\/31\/crecimiento-en-flota-de-porta-contenedores-presiona-tarifas-a-la-baja\/#primaryimage\"},\"thumbnailUrl\":\"https:\/\/www.cargox.com\/noticias\/wp-content\/uploads\/2018\/05\/ctr_ship.jpg\",\"datePublished\":\"2018-05-31T21:43:08+00:00\",\"dateModified\":\"2018-06-01T03:25:01+00:00\",\"author\":{\"@id\":\"https:\/\/www.cargox.com\/noticias\/#\/schema\/person\/c432f1d41544d9b7e0d0befcf9005056\"},\"breadcrumb\":{\"@id\":\"https:\/\/www.cargox.com\/noticias\/2018\/05\/31\/crecimiento-en-flota-de-porta-contenedores-presiona-tarifas-a-la-baja\/#breadcrumb\"},\"inLanguage\":\"es-CR\",\"potentialAction\":[{\"@type\":\"ReadAction\",\"target\":[\"https:\/\/www.cargox.com\/noticias\/2018\/05\/31\/crecimiento-en-flota-de-porta-contenedores-presiona-tarifas-a-la-baja\/\"]}]},{\"@type\":\"ImageObject\",\"inLanguage\":\"es-CR\",\"@id\":\"https:\/\/www.cargox.com\/noticias\/2018\/05\/31\/crecimiento-en-flota-de-porta-contenedores-presiona-tarifas-a-la-baja\/#primaryimage\",\"url\":\"https:\/\/www.cargox.com\/noticias\/wp-content\/uploads\/2018\/05\/ctr_ship.jpg\",\"contentUrl\":\"https:\/\/www.cargox.com\/noticias\/wp-content\/uploads\/2018\/05\/ctr_ship.jpg\"},{\"@type\":\"BreadcrumbList\",\"@id\":\"https:\/\/www.cargox.com\/noticias\/2018\/05\/31\/crecimiento-en-flota-de-porta-contenedores-presiona-tarifas-a-la-baja\/#breadcrumb\",\"itemListElement\":[{\"@type\":\"ListItem\",\"position\":1,\"name\":\"Home\",\"item\":\"https:\/\/www.cargox.com\/noticias\/\"},{\"@type\":\"ListItem\",\"position\":2,\"name\":\"Crecimiento en Flota de Porta-Contenedores presiona tarifas a la baja\"}]},{\"@type\":\"WebSite\",\"@id\":\"https:\/\/www.cargox.com\/noticias\/#website\",\"url\":\"https:\/\/www.cargox.com\/noticias\/\",\"name\":\"Noticias y Art\u00edculos de Cargox\",\"description\":\"Blog de Cargox, para profesionales en log\u00edstica y transporte internacional de carga.\",\"potentialAction\":[{\"@type\":\"SearchAction\",\"target\":{\"@type\":\"EntryPoint\",\"urlTemplate\":\"https:\/\/www.cargox.com\/noticias\/?s={search_term_string}\"},\"query-input\":{\"@type\":\"PropertyValueSpecification\",\"valueRequired\":true,\"valueName\":\"search_term_string\"}}],\"inLanguage\":\"es-CR\"},{\"@type\":\"Person\",\"@id\":\"https:\/\/www.cargox.com\/noticias\/#\/schema\/person\/c432f1d41544d9b7e0d0befcf9005056\",\"name\":\"gvkadmin\",\"image\":{\"@type\":\"ImageObject\",\"inLanguage\":\"es-CR\",\"@id\":\"https:\/\/secure.gravatar.com\/avatar\/eb8b9c8fca0ed0dd4bd390a6ef3ed5a3f61d978f75a18e8b9416c09f85088c6d?s=96&d=mm&r=g\",\"url\":\"https:\/\/secure.gravatar.com\/avatar\/eb8b9c8fca0ed0dd4bd390a6ef3ed5a3f61d978f75a18e8b9416c09f85088c6d?s=96&d=mm&r=g\",\"contentUrl\":\"https:\/\/secure.gravatar.com\/avatar\/eb8b9c8fca0ed0dd4bd390a6ef3ed5a3f61d978f75a18e8b9416c09f85088c6d?s=96&d=mm&r=g\",\"caption\":\"gvkadmin\"},\"description\":\"Experto en comercio Internacional, Log\u00edstica y Seguros de Transporte de Carga. CEO de Cargox PTY s.a. (www.cargox.com) Experiencia de m\u00e1s de 30 a\u00f1os en Freight Forwarding y Log\u00edstica (www.multitrans-sjo.net). Experto en Inform\u00e1tica y Socio en ComGlobal IT (www.comglobalit.com)\",\"sameAs\":[\"http:\/\/www.cargox.com\"],\"url\":\"https:\/\/www.cargox.com\/noticias\/author\/gvkadmin\/\"}]}<\/script>\n<!-- \/ Yoast SEO plugin. -->","yoast_head_json":{"title":"Crecimiento en Flota de Porta-Contenedores presiona tarifas a la baja - Noticias y Art\u00edculos de Cargox","robots":{"index":"index","follow":"follow","max-snippet":"max-snippet:-1","max-image-preview":"max-image-preview:large","max-video-preview":"max-video-preview:-1"},"canonical":"https:\/\/www.cargox.com\/noticias\/2018\/05\/31\/crecimiento-en-flota-de-porta-contenedores-presiona-tarifas-a-la-baja\/","og_locale":"es_ES","og_type":"article","og_title":"Crecimiento en Flota de Porta-Contenedores presiona tarifas a la baja - Noticias y Art\u00edculos de Cargox","og_description":"Aumento de la Oferta La flota de Porta-Contenedores ha crecido en 2.9% en los primeros cuatro meses de 2018. Los barcos en construcci\u00f3n tienden a ser m\u00e1s grandes que los antiguos, que ir\u00e1n siendo demolidos en los pr\u00f3ximos a\u00f1os. Los barcos que han salido del mercado, para ser reciclados, contaban con capacidad promedio de 1840...","og_url":"https:\/\/www.cargox.com\/noticias\/2018\/05\/31\/crecimiento-en-flota-de-porta-contenedores-presiona-tarifas-a-la-baja\/","og_site_name":"Noticias y Art\u00edculos de Cargox","article_published_time":"2018-05-31T21:43:08+00:00","article_modified_time":"2018-06-01T03:25:01+00:00","og_image":[{"url":"https:\/\/www.cargox.com\/noticias\/wp-content\/uploads\/2018\/05\/ctr_ship.jpg","type":"","width":"","height":""}],"author":"gvkadmin","twitter_card":"summary_large_image","twitter_misc":{"Written by":"gvkadmin","Est. reading time":"2 minutos"},"schema":{"@context":"https:\/\/schema.org","@graph":[{"@type":"Article","@id":"https:\/\/www.cargox.com\/noticias\/2018\/05\/31\/crecimiento-en-flota-de-porta-contenedores-presiona-tarifas-a-la-baja\/#article","isPartOf":{"@id":"https:\/\/www.cargox.com\/noticias\/2018\/05\/31\/crecimiento-en-flota-de-porta-contenedores-presiona-tarifas-a-la-baja\/"},"author":{"name":"gvkadmin","@id":"https:\/\/www.cargox.com\/noticias\/#\/schema\/person\/c432f1d41544d9b7e0d0befcf9005056"},"headline":"Crecimiento en Flota de Porta-Contenedores presiona tarifas a la baja","datePublished":"2018-05-31T21:43:08+00:00","dateModified":"2018-06-01T03:25:01+00:00","mainEntityOfPage":{"@id":"https:\/\/www.cargox.com\/noticias\/2018\/05\/31\/crecimiento-en-flota-de-porta-contenedores-presiona-tarifas-a-la-baja\/"},"wordCount":476,"commentCount":0,"image":{"@id":"https:\/\/www.cargox.com\/noticias\/2018\/05\/31\/crecimiento-en-flota-de-porta-contenedores-presiona-tarifas-a-la-baja\/#primaryimage"},"thumbnailUrl":"https:\/\/www.cargox.com\/noticias\/wp-content\/uploads\/2018\/05\/ctr_ship.jpg","keywords":["comercio internacional","contenedores","linea mar\u00edtima","logistica","mar\u00edtimo","naviera","seguro de carga","seguro de responsabilidad civil","seguro de transporte de carga"],"articleSection":["Art\u00edculos Seguros"],"inLanguage":"es-CR","potentialAction":[{"@type":"CommentAction","name":"Comment","target":["https:\/\/www.cargox.com\/noticias\/2018\/05\/31\/crecimiento-en-flota-de-porta-contenedores-presiona-tarifas-a-la-baja\/#respond"]}]},{"@type":"WebPage","@id":"https:\/\/www.cargox.com\/noticias\/2018\/05\/31\/crecimiento-en-flota-de-porta-contenedores-presiona-tarifas-a-la-baja\/","url":"https:\/\/www.cargox.com\/noticias\/2018\/05\/31\/crecimiento-en-flota-de-porta-contenedores-presiona-tarifas-a-la-baja\/","name":"Crecimiento en Flota de Porta-Contenedores presiona tarifas a la baja - Noticias y Art\u00edculos de Cargox","isPartOf":{"@id":"https:\/\/www.cargox.com\/noticias\/#website"},"primaryImageOfPage":{"@id":"https:\/\/www.cargox.com\/noticias\/2018\/05\/31\/crecimiento-en-flota-de-porta-contenedores-presiona-tarifas-a-la-baja\/#primaryimage"},"image":{"@id":"https:\/\/www.cargox.com\/noticias\/2018\/05\/31\/crecimiento-en-flota-de-porta-contenedores-presiona-tarifas-a-la-baja\/#primaryimage"},"thumbnailUrl":"https:\/\/www.cargox.com\/noticias\/wp-content\/uploads\/2018\/05\/ctr_ship.jpg","datePublished":"2018-05-31T21:43:08+00:00","dateModified":"2018-06-01T03:25:01+00:00","author":{"@id":"https:\/\/www.cargox.com\/noticias\/#\/schema\/person\/c432f1d41544d9b7e0d0befcf9005056"},"breadcrumb":{"@id":"https:\/\/www.cargox.com\/noticias\/2018\/05\/31\/crecimiento-en-flota-de-porta-contenedores-presiona-tarifas-a-la-baja\/#breadcrumb"},"inLanguage":"es-CR","potentialAction":[{"@type":"ReadAction","target":["https:\/\/www.cargox.com\/noticias\/2018\/05\/31\/crecimiento-en-flota-de-porta-contenedores-presiona-tarifas-a-la-baja\/"]}]},{"@type":"ImageObject","inLanguage":"es-CR","@id":"https:\/\/www.cargox.com\/noticias\/2018\/05\/31\/crecimiento-en-flota-de-porta-contenedores-presiona-tarifas-a-la-baja\/#primaryimage","url":"https:\/\/www.cargox.com\/noticias\/wp-content\/uploads\/2018\/05\/ctr_ship.jpg","contentUrl":"https:\/\/www.cargox.com\/noticias\/wp-content\/uploads\/2018\/05\/ctr_ship.jpg"},{"@type":"BreadcrumbList","@id":"https:\/\/www.cargox.com\/noticias\/2018\/05\/31\/crecimiento-en-flota-de-porta-contenedores-presiona-tarifas-a-la-baja\/#breadcrumb","itemListElement":[{"@type":"ListItem","position":1,"name":"Home","item":"https:\/\/www.cargox.com\/noticias\/"},{"@type":"ListItem","position":2,"name":"Crecimiento en Flota de Porta-Contenedores presiona tarifas a la baja"}]},{"@type":"WebSite","@id":"https:\/\/www.cargox.com\/noticias\/#website","url":"https:\/\/www.cargox.com\/noticias\/","name":"Noticias y Art\u00edculos de Cargox","description":"Blog de Cargox, para profesionales en log\u00edstica y transporte internacional de carga.","potentialAction":[{"@type":"SearchAction","target":{"@type":"EntryPoint","urlTemplate":"https:\/\/www.cargox.com\/noticias\/?s={search_term_string}"},"query-input":{"@type":"PropertyValueSpecification","valueRequired":true,"valueName":"search_term_string"}}],"inLanguage":"es-CR"},{"@type":"Person","@id":"https:\/\/www.cargox.com\/noticias\/#\/schema\/person\/c432f1d41544d9b7e0d0befcf9005056","name":"gvkadmin","image":{"@type":"ImageObject","inLanguage":"es-CR","@id":"https:\/\/secure.gravatar.com\/avatar\/eb8b9c8fca0ed0dd4bd390a6ef3ed5a3f61d978f75a18e8b9416c09f85088c6d?s=96&d=mm&r=g","url":"https:\/\/secure.gravatar.com\/avatar\/eb8b9c8fca0ed0dd4bd390a6ef3ed5a3f61d978f75a18e8b9416c09f85088c6d?s=96&d=mm&r=g","contentUrl":"https:\/\/secure.gravatar.com\/avatar\/eb8b9c8fca0ed0dd4bd390a6ef3ed5a3f61d978f75a18e8b9416c09f85088c6d?s=96&d=mm&r=g","caption":"gvkadmin"},"description":"Experto en comercio Internacional, Log\u00edstica y Seguros de Transporte de Carga. CEO de Cargox PTY s.a. (www.cargox.com) Experiencia de m\u00e1s de 30 a\u00f1os en Freight Forwarding y Log\u00edstica (www.multitrans-sjo.net). Experto en Inform\u00e1tica y Socio en ComGlobal IT (www.comglobalit.com)","sameAs":["http:\/\/www.cargox.com"],"url":"https:\/\/www.cargox.com\/noticias\/author\/gvkadmin\/"}]}},"_links":{"self":[{"href":"https:\/\/www.cargox.com\/noticias\/wp-json\/wp\/v2\/posts\/403","targetHints":{"allow":["GET"]}}],"collection":[{"href":"https:\/\/www.cargox.com\/noticias\/wp-json\/wp\/v2\/posts"}],"about":[{"href":"https:\/\/www.cargox.com\/noticias\/wp-json\/wp\/v2\/types\/post"}],"author":[{"embeddable":true,"href":"https:\/\/www.cargox.com\/noticias\/wp-json\/wp\/v2\/users\/1"}],"replies":[{"embeddable":true,"href":"https:\/\/www.cargox.com\/noticias\/wp-json\/wp\/v2\/comments?post=403"}],"version-history":[{"count":3,"href":"https:\/\/www.cargox.com\/noticias\/wp-json\/wp\/v2\/posts\/403\/revisions"}],"predecessor-version":[{"id":421,"href":"https:\/\/www.cargox.com\/noticias\/wp-json\/wp\/v2\/posts\/403\/revisions\/421"}],"wp:attachment":[{"href":"https:\/\/www.cargox.com\/noticias\/wp-json\/wp\/v2\/media?parent=403"}],"wp:term":[{"taxonomy":"category","embeddable":true,"href":"https:\/\/www.cargox.com\/noticias\/wp-json\/wp\/v2\/categories?post=403"},{"taxonomy":"post_tag","embeddable":true,"href":"https:\/\/www.cargox.com\/noticias\/wp-json\/wp\/v2\/tags?post=403"}],"curies":[{"name":"wp","href":"https:\/\/api.w.org\/{rel}","templated":true}]}}