{"id":426,"date":"2018-06-01T14:17:09","date_gmt":"2018-06-01T19:17:09","guid":{"rendered":"https:\/\/www.cargox.com\/noticias\/?p=426"},"modified":"2018-07-16T12:19:10","modified_gmt":"2018-07-16T17:19:10","slug":"mexico-v-s-estados-unidos-o-mejor-dicho-mexico-v-s-donald-trump","status":"publish","type":"post","link":"https:\/\/www.cargox.com\/noticias\/2018\/06\/01\/mexico-v-s-estados-unidos-o-mejor-dicho-mexico-v-s-donald-trump\/","title":{"rendered":"M\u00e9xico v\/s Estados Unidos (o mejor dicho M\u00e9xico v\/s Donald Trump)"},"content":{"rendered":"<p><img loading=\"lazy\" decoding=\"async\" class=\" wp-image-428 aligncenter\" src=\"https:\/\/www.cargox.com\/noticias\/wp-content\/uploads\/2018\/06\/trump-acero-mex-300x83.jpg\" alt=\"\" width=\"745\" height=\"206\" srcset=\"https:\/\/www.cargox.com\/noticias\/wp-content\/uploads\/2018\/06\/trump-acero-mex-300x83.jpg 300w, https:\/\/www.cargox.com\/noticias\/wp-content\/uploads\/2018\/06\/trump-acero-mex-768x213.jpg 768w, https:\/\/www.cargox.com\/noticias\/wp-content\/uploads\/2018\/06\/trump-acero-mex-1024x284.jpg 1024w, https:\/\/www.cargox.com\/noticias\/wp-content\/uploads\/2018\/06\/trump-acero-mex-150x42.jpg 150w, https:\/\/www.cargox.com\/noticias\/wp-content\/uploads\/2018\/06\/trump-acero-mex.jpg 1806w\" sizes=\"auto, (max-width: 745px) 100vw, 745px\" \/><\/p>\n<h2>C\u00f3mo se ver\u00eda afectado M\u00e9xico con aranceles sobre acero y aluminio<\/h2>\n<h3>Exportaciones mexicanas de acero y aluminio<\/h3>\n<p>Seg\u00fan algunos analistas, este nuevo arancel aplicado por EE.UU. para el acero y aluminio importados desde M\u00e9xico, Canad\u00e1 y la UE, impactar\u00e1 de manera limitada a M\u00e9xico, puesto que las ventas de \u00e9ste al mercado estadounidense equivalen s\u00f3lo al 2% de sus exportaciones totales de acero y aluminio.<\/p>\n<p>Y ese impacto limitado en la macroeconom\u00eda, en principio tambi\u00e9n estar\u00eda limitado al sector de la siderurgia, y en t\u00e9rminos geogr\u00e1fico se radicar\u00eda en dos zonas de producci\u00f3n. Pero ello podr\u00eda \u201cpasar la factura\u201d al empleo y a la industria de autopartes, electr\u00f3nicos, semiconductores e incluso de la construcci\u00f3n.<\/p>\n<h3>Negociaci\u00f3n de la que M\u00e9xico se excluy\u00f3<\/h3>\n<p>Cuando Estados Unidos anunci\u00f3 este tema de los aranceles, (marzo del presente a\u00f1o), varios pa\u00edses optaron por el mal menor: cuotas de exportaciones. Entre esos pa\u00edses est\u00e1n Argentina, Brasil, Corea del Sur y Australia. En tanto, China cerr\u00f3 un acuerdo bilateral sectorial.<\/p>\n<p>Pero\u2026, M\u00e9xico se abstuvo de tal acuerdo.<\/p>\n<h3>El TLC<\/h3>\n<p>Y el acuerdo TLC se ve m\u00e1s lejano porque, seg\u00fan algunos economistas, \u00e9ste ya est\u00e1 viciado. La negociaci\u00f3n en s\u00ed ya se enfrenta de manera distinta, con un nuevo arancel de este tipo.<\/p>\n<p>Por otra parte, y seg\u00fan el primer ministro de Canad\u00e1, la Casa Blanca se mantendr\u00e1 firme en la cl\u00e1usula de terminaci\u00f3n autom\u00e1tica cada cinco a\u00f1os. Esta cl\u00e1usula no tan s\u00f3lo incomoda a Canad\u00e1 y M\u00e9xico, sino que tampoco la aceptan.<\/p>\n<h3>La moneda mexicana<\/h3>\n<p>El Peso Mexicano no se perfila precisamente bien, ya que luego vienen las elecciones presidenciales, los sondeos los lidera Andr\u00e9s Manuel L\u00f3pez Obrador (el que menos gusta a los mercados financieros), un ahora m\u00e1s lejano acuerdo TLC y la moneda mexicana ya sufri\u00f3 una depreciaci\u00f3n.<\/p>\n<h3>\u00bfY la industria automotriz a futuro?<\/h3>\n<p>Y esta historia continuar\u00eda con un cap\u00edtulo adicional: el posible gravamen sobre la industria automotriz (cuyo an\u00e1lisis e investigaci\u00f3n EE.UU. iniciar\u00eda en breve). Y \u00e9ste s\u00ed que ser\u00eda un golpe feroz a la macroeconom\u00eda de la naci\u00f3n azteca, ya que este sector significa un tercio de sus exportaciones.<\/p>\n<p style=\"text-align: center;\"><a href=\"https:\/\/www.cargox.com\/contacto.php\"><img loading=\"lazy\" decoding=\"async\" class=\"size-full wp-image-136 aligncenter\" src=\"https:\/\/www.cargox.com\/noticias\/wp-content\/uploads\/2018\/04\/button.png\" sizes=\"auto, (max-width: 209px) 100vw, 209px\" srcset=\"https:\/\/www.cargox.com\/noticias\/wp-content\/uploads\/2018\/04\/button.png 209w, https:\/\/www.cargox.com\/noticias\/wp-content\/uploads\/2018\/04\/button-150x35.png 150w\" alt=\"Contactenos\" width=\"209\" height=\"49\" \/><\/a>Seguros de Transporte de Carga.<br \/>\nSeguros de Stock-Throughput.<br \/>\nSeguro de Responsabilidad Civil.<br \/>\nAsesor\u00eda en Gesti\u00f3n de Reclamo<\/p>\n<p><span style=\"color: #b3b3b3;\"><span style=\"font-size: small;\">JHS<\/span><\/span><\/p>\n<p>Fuente: El Pa\u00eds \u2013 01.Jun.2018<\/p>\n<p>Fuente de imagen: indianexpress.com<\/p>\n","protected":false},"excerpt":{"rendered":"<p>C\u00f3mo se ver\u00eda afectado M\u00e9xico con aranceles sobre acero y aluminio Exportaciones mexicanas de acero y aluminio Seg\u00fan algunos analistas, este nuevo arancel aplicado por EE.UU. para el acero y aluminio importados desde M\u00e9xico, Canad\u00e1 y la UE, impactar\u00e1 de manera limitada a M\u00e9xico, puesto que las ventas de \u00e9ste al mercado estadounidense equivalen s\u00f3lo&#8230;<\/p>\n","protected":false},"author":3,"featured_media":0,"comment_status":"open","ping_status":"open","sticky":false,"template":"","format":"standard","meta":{"footnotes":""},"categories":[3],"tags":[132,134,133,127,116,18,126],"class_list":["post-426","post","type-post","status-publish","format-standard","hentry","category-noticias","tag-acero","tag-arancel","tag-canada","tag-ee-uu","tag-estados-unidos","tag-mexico","tag-restricciones"],"yoast_head":"<!-- This site is optimized with the Yoast SEO plugin v27.2 - https:\/\/yoast.com\/product\/yoast-seo-wordpress\/ -->\n<title>M\u00e9xico v\/s Estados Unidos (o mejor dicho M\u00e9xico v\/s Donald Trump) - Noticias y Art\u00edculos de Cargox<\/title>\n<meta name=\"robots\" content=\"index, follow, max-snippet:-1, max-image-preview:large, max-video-preview:-1\" \/>\n<link rel=\"canonical\" href=\"https:\/\/www.cargox.com\/noticias\/2018\/06\/01\/mexico-v-s-estados-unidos-o-mejor-dicho-mexico-v-s-donald-trump\/\" \/>\n<meta property=\"og:locale\" content=\"es_ES\" \/>\n<meta property=\"og:type\" content=\"article\" \/>\n<meta property=\"og:title\" content=\"M\u00e9xico v\/s Estados Unidos (o mejor dicho M\u00e9xico v\/s Donald Trump) - Noticias y Art\u00edculos de Cargox\" \/>\n<meta property=\"og:description\" content=\"C\u00f3mo se ver\u00eda afectado M\u00e9xico con aranceles sobre acero y aluminio Exportaciones mexicanas de acero y aluminio Seg\u00fan algunos analistas, este nuevo arancel aplicado por EE.UU. para el acero y aluminio importados desde M\u00e9xico, Canad\u00e1 y la UE, impactar\u00e1 de manera limitada a M\u00e9xico, puesto que las ventas de \u00e9ste al mercado estadounidense equivalen s\u00f3lo...\" \/>\n<meta property=\"og:url\" content=\"https:\/\/www.cargox.com\/noticias\/2018\/06\/01\/mexico-v-s-estados-unidos-o-mejor-dicho-mexico-v-s-donald-trump\/\" \/>\n<meta property=\"og:site_name\" content=\"Noticias y Art\u00edculos de Cargox\" \/>\n<meta property=\"article:published_time\" content=\"2018-06-01T19:17:09+00:00\" \/>\n<meta property=\"article:modified_time\" content=\"2018-07-16T17:19:10+00:00\" \/>\n<meta property=\"og:image\" content=\"https:\/\/www.cargox.com\/noticias\/wp-content\/uploads\/2018\/06\/trump-acero-mex-300x83.jpg\" \/>\n<meta name=\"author\" content=\"Juan Humberto Sturione\" \/>\n<meta name=\"twitter:card\" content=\"summary_large_image\" \/>\n<meta name=\"twitter:label1\" content=\"Written by\" \/>\n\t<meta name=\"twitter:data1\" content=\"Juan Humberto Sturione\" \/>\n\t<meta name=\"twitter:label2\" content=\"Est. reading time\" \/>\n\t<meta name=\"twitter:data2\" content=\"2 minutos\" \/>\n<script type=\"application\/ld+json\" class=\"yoast-schema-graph\">{\"@context\":\"https:\/\/schema.org\",\"@graph\":[{\"@type\":\"Article\",\"@id\":\"https:\/\/www.cargox.com\/noticias\/2018\/06\/01\/mexico-v-s-estados-unidos-o-mejor-dicho-mexico-v-s-donald-trump\/#article\",\"isPartOf\":{\"@id\":\"https:\/\/www.cargox.com\/noticias\/2018\/06\/01\/mexico-v-s-estados-unidos-o-mejor-dicho-mexico-v-s-donald-trump\/\"},\"author\":{\"name\":\"Juan Humberto Sturione\",\"@id\":\"https:\/\/www.cargox.com\/noticias\/#\/schema\/person\/6d7b10009f9e7c402dc308eed3aee29f\"},\"headline\":\"M\u00e9xico v\/s Estados Unidos (o mejor dicho M\u00e9xico v\/s Donald Trump)\",\"datePublished\":\"2018-06-01T19:17:09+00:00\",\"dateModified\":\"2018-07-16T17:19:10+00:00\",\"mainEntityOfPage\":{\"@id\":\"https:\/\/www.cargox.com\/noticias\/2018\/06\/01\/mexico-v-s-estados-unidos-o-mejor-dicho-mexico-v-s-donald-trump\/\"},\"wordCount\":440,\"commentCount\":0,\"image\":{\"@id\":\"https:\/\/www.cargox.com\/noticias\/2018\/06\/01\/mexico-v-s-estados-unidos-o-mejor-dicho-mexico-v-s-donald-trump\/#primaryimage\"},\"thumbnailUrl\":\"https:\/\/www.cargox.com\/noticias\/wp-content\/uploads\/2018\/06\/trump-acero-mex-300x83.jpg\",\"keywords\":[\"acero\",\"arancel\",\"Canad\u00e1\",\"EE.UU.\",\"Estados Unidos\",\"m\u00e9xico\",\"restricciones\"],\"articleSection\":[\"Noticias\"],\"inLanguage\":\"es-CR\",\"potentialAction\":[{\"@type\":\"CommentAction\",\"name\":\"Comment\",\"target\":[\"https:\/\/www.cargox.com\/noticias\/2018\/06\/01\/mexico-v-s-estados-unidos-o-mejor-dicho-mexico-v-s-donald-trump\/#respond\"]}]},{\"@type\":\"WebPage\",\"@id\":\"https:\/\/www.cargox.com\/noticias\/2018\/06\/01\/mexico-v-s-estados-unidos-o-mejor-dicho-mexico-v-s-donald-trump\/\",\"url\":\"https:\/\/www.cargox.com\/noticias\/2018\/06\/01\/mexico-v-s-estados-unidos-o-mejor-dicho-mexico-v-s-donald-trump\/\",\"name\":\"M\u00e9xico v\/s Estados Unidos (o mejor dicho M\u00e9xico v\/s Donald Trump) - Noticias y Art\u00edculos de Cargox\",\"isPartOf\":{\"@id\":\"https:\/\/www.cargox.com\/noticias\/#website\"},\"primaryImageOfPage\":{\"@id\":\"https:\/\/www.cargox.com\/noticias\/2018\/06\/01\/mexico-v-s-estados-unidos-o-mejor-dicho-mexico-v-s-donald-trump\/#primaryimage\"},\"image\":{\"@id\":\"https:\/\/www.cargox.com\/noticias\/2018\/06\/01\/mexico-v-s-estados-unidos-o-mejor-dicho-mexico-v-s-donald-trump\/#primaryimage\"},\"thumbnailUrl\":\"https:\/\/www.cargox.com\/noticias\/wp-content\/uploads\/2018\/06\/trump-acero-mex-300x83.jpg\",\"datePublished\":\"2018-06-01T19:17:09+00:00\",\"dateModified\":\"2018-07-16T17:19:10+00:00\",\"author\":{\"@id\":\"https:\/\/www.cargox.com\/noticias\/#\/schema\/person\/6d7b10009f9e7c402dc308eed3aee29f\"},\"breadcrumb\":{\"@id\":\"https:\/\/www.cargox.com\/noticias\/2018\/06\/01\/mexico-v-s-estados-unidos-o-mejor-dicho-mexico-v-s-donald-trump\/#breadcrumb\"},\"inLanguage\":\"es-CR\",\"potentialAction\":[{\"@type\":\"ReadAction\",\"target\":[\"https:\/\/www.cargox.com\/noticias\/2018\/06\/01\/mexico-v-s-estados-unidos-o-mejor-dicho-mexico-v-s-donald-trump\/\"]}]},{\"@type\":\"ImageObject\",\"inLanguage\":\"es-CR\",\"@id\":\"https:\/\/www.cargox.com\/noticias\/2018\/06\/01\/mexico-v-s-estados-unidos-o-mejor-dicho-mexico-v-s-donald-trump\/#primaryimage\",\"url\":\"https:\/\/www.cargox.com\/noticias\/wp-content\/uploads\/2018\/06\/trump-acero-mex-300x83.jpg\",\"contentUrl\":\"https:\/\/www.cargox.com\/noticias\/wp-content\/uploads\/2018\/06\/trump-acero-mex-300x83.jpg\"},{\"@type\":\"BreadcrumbList\",\"@id\":\"https:\/\/www.cargox.com\/noticias\/2018\/06\/01\/mexico-v-s-estados-unidos-o-mejor-dicho-mexico-v-s-donald-trump\/#breadcrumb\",\"itemListElement\":[{\"@type\":\"ListItem\",\"position\":1,\"name\":\"Home\",\"item\":\"https:\/\/www.cargox.com\/noticias\/\"},{\"@type\":\"ListItem\",\"position\":2,\"name\":\"M\u00e9xico v\/s Estados Unidos (o mejor dicho M\u00e9xico v\/s Donald Trump)\"}]},{\"@type\":\"WebSite\",\"@id\":\"https:\/\/www.cargox.com\/noticias\/#website\",\"url\":\"https:\/\/www.cargox.com\/noticias\/\",\"name\":\"Noticias y Art\u00edculos de Cargox\",\"description\":\"Blog de Cargox, para profesionales en log\u00edstica y transporte internacional de carga.\",\"potentialAction\":[{\"@type\":\"SearchAction\",\"target\":{\"@type\":\"EntryPoint\",\"urlTemplate\":\"https:\/\/www.cargox.com\/noticias\/?s={search_term_string}\"},\"query-input\":{\"@type\":\"PropertyValueSpecification\",\"valueRequired\":true,\"valueName\":\"search_term_string\"}}],\"inLanguage\":\"es-CR\"},{\"@type\":\"Person\",\"@id\":\"https:\/\/www.cargox.com\/noticias\/#\/schema\/person\/6d7b10009f9e7c402dc308eed3aee29f\",\"name\":\"Juan Humberto Sturione\",\"image\":{\"@type\":\"ImageObject\",\"inLanguage\":\"es-CR\",\"@id\":\"https:\/\/secure.gravatar.com\/avatar\/753a6443c62b1adf380389dffa0b643d5ec2e03319839276b34050cf5961407d?s=96&d=mm&r=g\",\"url\":\"https:\/\/secure.gravatar.com\/avatar\/753a6443c62b1adf380389dffa0b643d5ec2e03319839276b34050cf5961407d?s=96&d=mm&r=g\",\"contentUrl\":\"https:\/\/secure.gravatar.com\/avatar\/753a6443c62b1adf380389dffa0b643d5ec2e03319839276b34050cf5961407d?s=96&d=mm&r=g\",\"caption\":\"Juan Humberto Sturione\"},\"sameAs\":[\"http:\/\/www.cargox.com\"],\"url\":\"https:\/\/www.cargox.com\/noticias\/author\/jhsturione\/\"}]}<\/script>\n<!-- \/ Yoast SEO plugin. -->","yoast_head_json":{"title":"M\u00e9xico v\/s Estados Unidos (o mejor dicho M\u00e9xico v\/s Donald Trump) - Noticias y Art\u00edculos de Cargox","robots":{"index":"index","follow":"follow","max-snippet":"max-snippet:-1","max-image-preview":"max-image-preview:large","max-video-preview":"max-video-preview:-1"},"canonical":"https:\/\/www.cargox.com\/noticias\/2018\/06\/01\/mexico-v-s-estados-unidos-o-mejor-dicho-mexico-v-s-donald-trump\/","og_locale":"es_ES","og_type":"article","og_title":"M\u00e9xico v\/s Estados Unidos (o mejor dicho M\u00e9xico v\/s Donald Trump) - Noticias y Art\u00edculos de Cargox","og_description":"C\u00f3mo se ver\u00eda afectado M\u00e9xico con aranceles sobre acero y aluminio Exportaciones mexicanas de acero y aluminio Seg\u00fan algunos analistas, este nuevo arancel aplicado por EE.UU. para el acero y aluminio importados desde M\u00e9xico, Canad\u00e1 y la UE, impactar\u00e1 de manera limitada a M\u00e9xico, puesto que las ventas de \u00e9ste al mercado estadounidense equivalen s\u00f3lo...","og_url":"https:\/\/www.cargox.com\/noticias\/2018\/06\/01\/mexico-v-s-estados-unidos-o-mejor-dicho-mexico-v-s-donald-trump\/","og_site_name":"Noticias y Art\u00edculos de Cargox","article_published_time":"2018-06-01T19:17:09+00:00","article_modified_time":"2018-07-16T17:19:10+00:00","og_image":[{"url":"https:\/\/www.cargox.com\/noticias\/wp-content\/uploads\/2018\/06\/trump-acero-mex-300x83.jpg","type":"","width":"","height":""}],"author":"Juan Humberto Sturione","twitter_card":"summary_large_image","twitter_misc":{"Written by":"Juan Humberto Sturione","Est. reading time":"2 minutos"},"schema":{"@context":"https:\/\/schema.org","@graph":[{"@type":"Article","@id":"https:\/\/www.cargox.com\/noticias\/2018\/06\/01\/mexico-v-s-estados-unidos-o-mejor-dicho-mexico-v-s-donald-trump\/#article","isPartOf":{"@id":"https:\/\/www.cargox.com\/noticias\/2018\/06\/01\/mexico-v-s-estados-unidos-o-mejor-dicho-mexico-v-s-donald-trump\/"},"author":{"name":"Juan Humberto Sturione","@id":"https:\/\/www.cargox.com\/noticias\/#\/schema\/person\/6d7b10009f9e7c402dc308eed3aee29f"},"headline":"M\u00e9xico v\/s Estados Unidos (o mejor dicho M\u00e9xico v\/s Donald Trump)","datePublished":"2018-06-01T19:17:09+00:00","dateModified":"2018-07-16T17:19:10+00:00","mainEntityOfPage":{"@id":"https:\/\/www.cargox.com\/noticias\/2018\/06\/01\/mexico-v-s-estados-unidos-o-mejor-dicho-mexico-v-s-donald-trump\/"},"wordCount":440,"commentCount":0,"image":{"@id":"https:\/\/www.cargox.com\/noticias\/2018\/06\/01\/mexico-v-s-estados-unidos-o-mejor-dicho-mexico-v-s-donald-trump\/#primaryimage"},"thumbnailUrl":"https:\/\/www.cargox.com\/noticias\/wp-content\/uploads\/2018\/06\/trump-acero-mex-300x83.jpg","keywords":["acero","arancel","Canad\u00e1","EE.UU.","Estados Unidos","m\u00e9xico","restricciones"],"articleSection":["Noticias"],"inLanguage":"es-CR","potentialAction":[{"@type":"CommentAction","name":"Comment","target":["https:\/\/www.cargox.com\/noticias\/2018\/06\/01\/mexico-v-s-estados-unidos-o-mejor-dicho-mexico-v-s-donald-trump\/#respond"]}]},{"@type":"WebPage","@id":"https:\/\/www.cargox.com\/noticias\/2018\/06\/01\/mexico-v-s-estados-unidos-o-mejor-dicho-mexico-v-s-donald-trump\/","url":"https:\/\/www.cargox.com\/noticias\/2018\/06\/01\/mexico-v-s-estados-unidos-o-mejor-dicho-mexico-v-s-donald-trump\/","name":"M\u00e9xico v\/s Estados Unidos (o mejor dicho M\u00e9xico v\/s Donald Trump) - Noticias y Art\u00edculos de Cargox","isPartOf":{"@id":"https:\/\/www.cargox.com\/noticias\/#website"},"primaryImageOfPage":{"@id":"https:\/\/www.cargox.com\/noticias\/2018\/06\/01\/mexico-v-s-estados-unidos-o-mejor-dicho-mexico-v-s-donald-trump\/#primaryimage"},"image":{"@id":"https:\/\/www.cargox.com\/noticias\/2018\/06\/01\/mexico-v-s-estados-unidos-o-mejor-dicho-mexico-v-s-donald-trump\/#primaryimage"},"thumbnailUrl":"https:\/\/www.cargox.com\/noticias\/wp-content\/uploads\/2018\/06\/trump-acero-mex-300x83.jpg","datePublished":"2018-06-01T19:17:09+00:00","dateModified":"2018-07-16T17:19:10+00:00","author":{"@id":"https:\/\/www.cargox.com\/noticias\/#\/schema\/person\/6d7b10009f9e7c402dc308eed3aee29f"},"breadcrumb":{"@id":"https:\/\/www.cargox.com\/noticias\/2018\/06\/01\/mexico-v-s-estados-unidos-o-mejor-dicho-mexico-v-s-donald-trump\/#breadcrumb"},"inLanguage":"es-CR","potentialAction":[{"@type":"ReadAction","target":["https:\/\/www.cargox.com\/noticias\/2018\/06\/01\/mexico-v-s-estados-unidos-o-mejor-dicho-mexico-v-s-donald-trump\/"]}]},{"@type":"ImageObject","inLanguage":"es-CR","@id":"https:\/\/www.cargox.com\/noticias\/2018\/06\/01\/mexico-v-s-estados-unidos-o-mejor-dicho-mexico-v-s-donald-trump\/#primaryimage","url":"https:\/\/www.cargox.com\/noticias\/wp-content\/uploads\/2018\/06\/trump-acero-mex-300x83.jpg","contentUrl":"https:\/\/www.cargox.com\/noticias\/wp-content\/uploads\/2018\/06\/trump-acero-mex-300x83.jpg"},{"@type":"BreadcrumbList","@id":"https:\/\/www.cargox.com\/noticias\/2018\/06\/01\/mexico-v-s-estados-unidos-o-mejor-dicho-mexico-v-s-donald-trump\/#breadcrumb","itemListElement":[{"@type":"ListItem","position":1,"name":"Home","item":"https:\/\/www.cargox.com\/noticias\/"},{"@type":"ListItem","position":2,"name":"M\u00e9xico v\/s Estados Unidos (o mejor dicho M\u00e9xico v\/s Donald Trump)"}]},{"@type":"WebSite","@id":"https:\/\/www.cargox.com\/noticias\/#website","url":"https:\/\/www.cargox.com\/noticias\/","name":"Noticias y Art\u00edculos de Cargox","description":"Blog de Cargox, para profesionales en log\u00edstica y transporte internacional de carga.","potentialAction":[{"@type":"SearchAction","target":{"@type":"EntryPoint","urlTemplate":"https:\/\/www.cargox.com\/noticias\/?s={search_term_string}"},"query-input":{"@type":"PropertyValueSpecification","valueRequired":true,"valueName":"search_term_string"}}],"inLanguage":"es-CR"},{"@type":"Person","@id":"https:\/\/www.cargox.com\/noticias\/#\/schema\/person\/6d7b10009f9e7c402dc308eed3aee29f","name":"Juan Humberto Sturione","image":{"@type":"ImageObject","inLanguage":"es-CR","@id":"https:\/\/secure.gravatar.com\/avatar\/753a6443c62b1adf380389dffa0b643d5ec2e03319839276b34050cf5961407d?s=96&d=mm&r=g","url":"https:\/\/secure.gravatar.com\/avatar\/753a6443c62b1adf380389dffa0b643d5ec2e03319839276b34050cf5961407d?s=96&d=mm&r=g","contentUrl":"https:\/\/secure.gravatar.com\/avatar\/753a6443c62b1adf380389dffa0b643d5ec2e03319839276b34050cf5961407d?s=96&d=mm&r=g","caption":"Juan Humberto Sturione"},"sameAs":["http:\/\/www.cargox.com"],"url":"https:\/\/www.cargox.com\/noticias\/author\/jhsturione\/"}]}},"_links":{"self":[{"href":"https:\/\/www.cargox.com\/noticias\/wp-json\/wp\/v2\/posts\/426","targetHints":{"allow":["GET"]}}],"collection":[{"href":"https:\/\/www.cargox.com\/noticias\/wp-json\/wp\/v2\/posts"}],"about":[{"href":"https:\/\/www.cargox.com\/noticias\/wp-json\/wp\/v2\/types\/post"}],"author":[{"embeddable":true,"href":"https:\/\/www.cargox.com\/noticias\/wp-json\/wp\/v2\/users\/3"}],"replies":[{"embeddable":true,"href":"https:\/\/www.cargox.com\/noticias\/wp-json\/wp\/v2\/comments?post=426"}],"version-history":[{"count":4,"href":"https:\/\/www.cargox.com\/noticias\/wp-json\/wp\/v2\/posts\/426\/revisions"}],"predecessor-version":[{"id":431,"href":"https:\/\/www.cargox.com\/noticias\/wp-json\/wp\/v2\/posts\/426\/revisions\/431"}],"wp:attachment":[{"href":"https:\/\/www.cargox.com\/noticias\/wp-json\/wp\/v2\/media?parent=426"}],"wp:term":[{"taxonomy":"category","embeddable":true,"href":"https:\/\/www.cargox.com\/noticias\/wp-json\/wp\/v2\/categories?post=426"},{"taxonomy":"post_tag","embeddable":true,"href":"https:\/\/www.cargox.com\/noticias\/wp-json\/wp\/v2\/tags?post=426"}],"curies":[{"name":"wp","href":"https:\/\/api.w.org\/{rel}","templated":true}]}}