{"id":538,"date":"2018-06-10T21:28:04","date_gmt":"2018-06-11T02:28:04","guid":{"rendered":"https:\/\/www.cargox.com\/noticias\/?p=538"},"modified":"2018-06-10T21:32:59","modified_gmt":"2018-06-11T02:32:59","slug":"nicaragua-bloqueado-por-las-protestas-contra-gobierno","status":"publish","type":"post","link":"https:\/\/www.cargox.com\/noticias\/2018\/06\/10\/nicaragua-bloqueado-por-las-protestas-contra-gobierno\/","title":{"rendered":"Nicaragua bloqueado por las protestas contra el gobierno"},"content":{"rendered":"<div id=\"attachment_543\" style=\"width: 310px\" class=\"wp-caption alignleft\"><img loading=\"lazy\" decoding=\"async\" aria-describedby=\"caption-attachment-543\" class=\"wp-image-543 size-medium\" src=\"https:\/\/www.cargox.com\/noticias\/wp-content\/uploads\/2018\/06\/camiones_bloqueados-300x204.jpg\" alt=\"\" width=\"300\" height=\"204\" srcset=\"https:\/\/www.cargox.com\/noticias\/wp-content\/uploads\/2018\/06\/camiones_bloqueados-300x204.jpg 300w, https:\/\/www.cargox.com\/noticias\/wp-content\/uploads\/2018\/06\/camiones_bloqueados-768x523.jpg 768w, https:\/\/www.cargox.com\/noticias\/wp-content\/uploads\/2018\/06\/camiones_bloqueados-150x102.jpg 150w, https:\/\/www.cargox.com\/noticias\/wp-content\/uploads\/2018\/06\/camiones_bloqueados.jpg 800w\" sizes=\"auto, (max-width: 300px) 100vw, 300px\" \/><p id=\"caption-attachment-543\" class=\"wp-caption-text\">M\u00e1s de 6000 camiones se encuentran atrapados en Nicaragua.<\/p><\/div>\n<p>De 40 Bloqueos que se reportaban en Nicaragua hasta la madrugada del s\u00e1bado, el n\u00famero creci\u00f3 a 126 el domingo, distribuidos en las principales ciudades y carreteras. Los ataques de la polic\u00eda nacional logran que se multipliquen los bloqueos. Los manifestantes han lanzado advertencias a los transportistas de carga, de no intentar cruzar, para evitar da\u00f1os en sus unidades.<\/p>\n<h3>Transportes Paralizados<\/h3>\n<p>M\u00e1s de 6000 camiones, procedentes de diferentes pa\u00edses se encuentran atrapados en Nicaragua, sin poder moverse. Se habla de que el paso por las fronteras terrestres es imposible. Igualmente no es posible moverse a lo largo de carreteras ni tampoco se pueden cruzar las ciudades.<\/p>\n<div id=\"attachment_544\" style=\"width: 310px\" class=\"wp-caption alignleft\"><img loading=\"lazy\" decoding=\"async\" aria-describedby=\"caption-attachment-544\" class=\"size-medium wp-image-544\" src=\"https:\/\/www.cargox.com\/noticias\/wp-content\/uploads\/2018\/06\/morteros_nicas-300x228.jpg\" alt=\"\" width=\"300\" height=\"228\" srcset=\"https:\/\/www.cargox.com\/noticias\/wp-content\/uploads\/2018\/06\/morteros_nicas-300x228.jpg 300w, https:\/\/www.cargox.com\/noticias\/wp-content\/uploads\/2018\/06\/morteros_nicas-150x114.jpg 150w, https:\/\/www.cargox.com\/noticias\/wp-content\/uploads\/2018\/06\/morteros_nicas.jpg 574w\" sizes=\"auto, (max-width: 300px) 100vw, 300px\" \/><p id=\"caption-attachment-544\" class=\"wp-caption-text\">Manifestantes defendi\u00e9ndose de la polic\u00eda nacional con armas artesanales.<\/p><\/div>\n<p>Se contabilizan m\u00e1s de 135 muertos desde que iniciaron las protestas, que piden la salida del gobernante Daniel Ortega. El movimiento inici\u00f3 el 18 de abril, tras anunciarse reformas (fallidas) a la seguridad social. Los manifestantes exigen la renuncia del gobierno de Daniel Ortega y su esposa por abuso de poder y corrupci\u00f3n.<\/p>\n<div id=\"attachment_545\" style=\"width: 310px\" class=\"wp-caption alignright\"><img loading=\"lazy\" decoding=\"async\" aria-describedby=\"caption-attachment-545\" class=\"size-medium wp-image-545\" src=\"https:\/\/www.cargox.com\/noticias\/wp-content\/uploads\/2018\/06\/morteros_nicas1-300x200.jpg\" alt=\"\" width=\"300\" height=\"200\" srcset=\"https:\/\/www.cargox.com\/noticias\/wp-content\/uploads\/2018\/06\/morteros_nicas1-300x200.jpg 300w, https:\/\/www.cargox.com\/noticias\/wp-content\/uploads\/2018\/06\/morteros_nicas1-150x100.jpg 150w, https:\/\/www.cargox.com\/noticias\/wp-content\/uploads\/2018\/06\/morteros_nicas1.jpg 654w\" sizes=\"auto, (max-width: 300px) 100vw, 300px\" \/><p id=\"caption-attachment-545\" class=\"wp-caption-text\">Morteros hechos manualmente, por los manifestantes.<\/p><\/div>\n<h3>Armamento Improvisado<\/h3>\n<p>Los manifestantes se defienden de la polic\u00eda, con armas &#8220;hechizas&#8221;, es decir, hechas artesanalmente, entre las cuales se encuentran desde pistolas, hasta morteros.<\/p>\n<p>Es impresionante el valor y la determinaci\u00f3n que muestran los manifestantes, quienes no se han dejado intimidar por la bien armada polic\u00eda y no ceden a pesar de la fuerte represi\u00f3n del gobierno.<\/p>\n<p>(Fuentes: El nuevo Diario, Diario Metro)<\/p>\n<p style=\"text-align: center;\"><a href=\"https:\/\/www.cargox.com\/contacto.php\"><img loading=\"lazy\" decoding=\"async\" class=\"size-full wp-image-136 aligncenter\" src=\"https:\/\/www.cargox.com\/noticias\/wp-content\/uploads\/2018\/04\/button.png\" sizes=\"auto, (max-width: 209px) 100vw, 209px\" srcset=\"https:\/\/www.cargox.com\/noticias\/wp-content\/uploads\/2018\/04\/button.png 209w, https:\/\/www.cargox.com\/noticias\/wp-content\/uploads\/2018\/04\/button-150x35.png 150w\" alt=\"Contactenos\" width=\"209\" height=\"49\" \/><\/a>Seguros de Transporte de Carga.<br \/>\nSeguros de Stock-Throughput.<br \/>\nSeguro de Responsabilidad Civil.<br \/>\nAsesor\u00eda en Gesti\u00f3n de Reclamo<\/p>\n","protected":false},"excerpt":{"rendered":"<p>De 40 Bloqueos que se reportaban en Nicaragua hasta la madrugada del s\u00e1bado, el n\u00famero creci\u00f3 a 126 el domingo, distribuidos en las principales ciudades y carreteras. Los ataques de la polic\u00eda nacional logran que se multipliquen los bloqueos. Los manifestantes han lanzado advertencias a los transportistas de carga, de no intentar cruzar, para evitar&#8230;<\/p>\n","protected":false},"author":1,"featured_media":0,"comment_status":"open","ping_status":"open","sticky":false,"template":"","format":"standard","meta":{"footnotes":""},"categories":[3],"tags":[156,68,158,157,9,47,46,159],"class_list":["post-538","post","type-post","status-publish","format-standard","hentry","category-noticias","tag-bloqueos","tag-camiones","tag-manifestantes-morteros","tag-nicaragua","tag-seguro-de-carga","tag-seguro-de-responsabilidad-civil","tag-seguro-de-transporte-de-carga","tag-transportistas"],"yoast_head":"<!-- This site is optimized with the Yoast SEO plugin v27.2 - https:\/\/yoast.com\/product\/yoast-seo-wordpress\/ -->\n<title>Nicaragua bloqueado por las protestas contra el gobierno - Noticias y Art\u00edculos de Cargox<\/title>\n<meta name=\"robots\" content=\"index, follow, max-snippet:-1, max-image-preview:large, max-video-preview:-1\" \/>\n<link rel=\"canonical\" href=\"https:\/\/www.cargox.com\/noticias\/2018\/06\/10\/nicaragua-bloqueado-por-las-protestas-contra-gobierno\/\" \/>\n<meta property=\"og:locale\" content=\"es_ES\" \/>\n<meta property=\"og:type\" content=\"article\" \/>\n<meta property=\"og:title\" content=\"Nicaragua bloqueado por las protestas contra el gobierno - Noticias y Art\u00edculos de Cargox\" \/>\n<meta property=\"og:description\" content=\"De 40 Bloqueos que se reportaban en Nicaragua hasta la madrugada del s\u00e1bado, el n\u00famero creci\u00f3 a 126 el domingo, distribuidos en las principales ciudades y carreteras. Los ataques de la polic\u00eda nacional logran que se multipliquen los bloqueos. Los manifestantes han lanzado advertencias a los transportistas de carga, de no intentar cruzar, para evitar...\" \/>\n<meta property=\"og:url\" content=\"https:\/\/www.cargox.com\/noticias\/2018\/06\/10\/nicaragua-bloqueado-por-las-protestas-contra-gobierno\/\" \/>\n<meta property=\"og:site_name\" content=\"Noticias y Art\u00edculos de Cargox\" \/>\n<meta property=\"article:published_time\" content=\"2018-06-11T02:28:04+00:00\" \/>\n<meta property=\"article:modified_time\" content=\"2018-06-11T02:32:59+00:00\" \/>\n<meta property=\"og:image\" content=\"https:\/\/www.cargox.com\/noticias\/wp-content\/uploads\/2018\/06\/camiones_bloqueados-300x204.jpg\" \/>\n<meta name=\"author\" content=\"gvkadmin\" \/>\n<meta name=\"twitter:card\" content=\"summary_large_image\" \/>\n<meta name=\"twitter:label1\" content=\"Written by\" \/>\n\t<meta name=\"twitter:data1\" content=\"gvkadmin\" \/>\n\t<meta name=\"twitter:label2\" content=\"Est. reading time\" \/>\n\t<meta name=\"twitter:data2\" content=\"1 minuto\" \/>\n<script type=\"application\/ld+json\" class=\"yoast-schema-graph\">{\"@context\":\"https:\/\/schema.org\",\"@graph\":[{\"@type\":\"Article\",\"@id\":\"https:\/\/www.cargox.com\/noticias\/2018\/06\/10\/nicaragua-bloqueado-por-las-protestas-contra-gobierno\/#article\",\"isPartOf\":{\"@id\":\"https:\/\/www.cargox.com\/noticias\/2018\/06\/10\/nicaragua-bloqueado-por-las-protestas-contra-gobierno\/\"},\"author\":{\"name\":\"gvkadmin\",\"@id\":\"https:\/\/www.cargox.com\/noticias\/#\/schema\/person\/c432f1d41544d9b7e0d0befcf9005056\"},\"headline\":\"Nicaragua bloqueado por las protestas contra el gobierno\",\"datePublished\":\"2018-06-11T02:28:04+00:00\",\"dateModified\":\"2018-06-11T02:32:59+00:00\",\"mainEntityOfPage\":{\"@id\":\"https:\/\/www.cargox.com\/noticias\/2018\/06\/10\/nicaragua-bloqueado-por-las-protestas-contra-gobierno\/\"},\"wordCount\":304,\"commentCount\":0,\"image\":{\"@id\":\"https:\/\/www.cargox.com\/noticias\/2018\/06\/10\/nicaragua-bloqueado-por-las-protestas-contra-gobierno\/#primaryimage\"},\"thumbnailUrl\":\"https:\/\/www.cargox.com\/noticias\/wp-content\/uploads\/2018\/06\/camiones_bloqueados-300x204.jpg\",\"keywords\":[\"bloqueos\",\"camiones\",\"manifestantes morteros\",\"nicaragua\",\"seguro de carga\",\"seguro de responsabilidad civil\",\"seguro de transporte de carga\",\"transportistas\"],\"articleSection\":[\"Noticias\"],\"inLanguage\":\"es-CR\",\"potentialAction\":[{\"@type\":\"CommentAction\",\"name\":\"Comment\",\"target\":[\"https:\/\/www.cargox.com\/noticias\/2018\/06\/10\/nicaragua-bloqueado-por-las-protestas-contra-gobierno\/#respond\"]}]},{\"@type\":\"WebPage\",\"@id\":\"https:\/\/www.cargox.com\/noticias\/2018\/06\/10\/nicaragua-bloqueado-por-las-protestas-contra-gobierno\/\",\"url\":\"https:\/\/www.cargox.com\/noticias\/2018\/06\/10\/nicaragua-bloqueado-por-las-protestas-contra-gobierno\/\",\"name\":\"Nicaragua bloqueado por las protestas contra el gobierno - Noticias y Art\u00edculos de Cargox\",\"isPartOf\":{\"@id\":\"https:\/\/www.cargox.com\/noticias\/#website\"},\"primaryImageOfPage\":{\"@id\":\"https:\/\/www.cargox.com\/noticias\/2018\/06\/10\/nicaragua-bloqueado-por-las-protestas-contra-gobierno\/#primaryimage\"},\"image\":{\"@id\":\"https:\/\/www.cargox.com\/noticias\/2018\/06\/10\/nicaragua-bloqueado-por-las-protestas-contra-gobierno\/#primaryimage\"},\"thumbnailUrl\":\"https:\/\/www.cargox.com\/noticias\/wp-content\/uploads\/2018\/06\/camiones_bloqueados-300x204.jpg\",\"datePublished\":\"2018-06-11T02:28:04+00:00\",\"dateModified\":\"2018-06-11T02:32:59+00:00\",\"author\":{\"@id\":\"https:\/\/www.cargox.com\/noticias\/#\/schema\/person\/c432f1d41544d9b7e0d0befcf9005056\"},\"breadcrumb\":{\"@id\":\"https:\/\/www.cargox.com\/noticias\/2018\/06\/10\/nicaragua-bloqueado-por-las-protestas-contra-gobierno\/#breadcrumb\"},\"inLanguage\":\"es-CR\",\"potentialAction\":[{\"@type\":\"ReadAction\",\"target\":[\"https:\/\/www.cargox.com\/noticias\/2018\/06\/10\/nicaragua-bloqueado-por-las-protestas-contra-gobierno\/\"]}]},{\"@type\":\"ImageObject\",\"inLanguage\":\"es-CR\",\"@id\":\"https:\/\/www.cargox.com\/noticias\/2018\/06\/10\/nicaragua-bloqueado-por-las-protestas-contra-gobierno\/#primaryimage\",\"url\":\"https:\/\/www.cargox.com\/noticias\/wp-content\/uploads\/2018\/06\/camiones_bloqueados-300x204.jpg\",\"contentUrl\":\"https:\/\/www.cargox.com\/noticias\/wp-content\/uploads\/2018\/06\/camiones_bloqueados-300x204.jpg\"},{\"@type\":\"BreadcrumbList\",\"@id\":\"https:\/\/www.cargox.com\/noticias\/2018\/06\/10\/nicaragua-bloqueado-por-las-protestas-contra-gobierno\/#breadcrumb\",\"itemListElement\":[{\"@type\":\"ListItem\",\"position\":1,\"name\":\"Home\",\"item\":\"https:\/\/www.cargox.com\/noticias\/\"},{\"@type\":\"ListItem\",\"position\":2,\"name\":\"Nicaragua bloqueado por las protestas contra el gobierno\"}]},{\"@type\":\"WebSite\",\"@id\":\"https:\/\/www.cargox.com\/noticias\/#website\",\"url\":\"https:\/\/www.cargox.com\/noticias\/\",\"name\":\"Noticias y Art\u00edculos de Cargox\",\"description\":\"Blog de Cargox, para profesionales en log\u00edstica y transporte internacional de carga.\",\"potentialAction\":[{\"@type\":\"SearchAction\",\"target\":{\"@type\":\"EntryPoint\",\"urlTemplate\":\"https:\/\/www.cargox.com\/noticias\/?s={search_term_string}\"},\"query-input\":{\"@type\":\"PropertyValueSpecification\",\"valueRequired\":true,\"valueName\":\"search_term_string\"}}],\"inLanguage\":\"es-CR\"},{\"@type\":\"Person\",\"@id\":\"https:\/\/www.cargox.com\/noticias\/#\/schema\/person\/c432f1d41544d9b7e0d0befcf9005056\",\"name\":\"gvkadmin\",\"image\":{\"@type\":\"ImageObject\",\"inLanguage\":\"es-CR\",\"@id\":\"https:\/\/secure.gravatar.com\/avatar\/eb8b9c8fca0ed0dd4bd390a6ef3ed5a3f61d978f75a18e8b9416c09f85088c6d?s=96&d=mm&r=g\",\"url\":\"https:\/\/secure.gravatar.com\/avatar\/eb8b9c8fca0ed0dd4bd390a6ef3ed5a3f61d978f75a18e8b9416c09f85088c6d?s=96&d=mm&r=g\",\"contentUrl\":\"https:\/\/secure.gravatar.com\/avatar\/eb8b9c8fca0ed0dd4bd390a6ef3ed5a3f61d978f75a18e8b9416c09f85088c6d?s=96&d=mm&r=g\",\"caption\":\"gvkadmin\"},\"description\":\"Experto en comercio Internacional, Log\u00edstica y Seguros de Transporte de Carga. CEO de Cargox PTY s.a. (www.cargox.com) Experiencia de m\u00e1s de 30 a\u00f1os en Freight Forwarding y Log\u00edstica (www.multitrans-sjo.net). Experto en Inform\u00e1tica y Socio en ComGlobal IT (www.comglobalit.com)\",\"sameAs\":[\"http:\/\/www.cargox.com\"],\"url\":\"https:\/\/www.cargox.com\/noticias\/author\/gvkadmin\/\"}]}<\/script>\n<!-- \/ Yoast SEO plugin. -->","yoast_head_json":{"title":"Nicaragua bloqueado por las protestas contra el gobierno - Noticias y Art\u00edculos de Cargox","robots":{"index":"index","follow":"follow","max-snippet":"max-snippet:-1","max-image-preview":"max-image-preview:large","max-video-preview":"max-video-preview:-1"},"canonical":"https:\/\/www.cargox.com\/noticias\/2018\/06\/10\/nicaragua-bloqueado-por-las-protestas-contra-gobierno\/","og_locale":"es_ES","og_type":"article","og_title":"Nicaragua bloqueado por las protestas contra el gobierno - Noticias y Art\u00edculos de Cargox","og_description":"De 40 Bloqueos que se reportaban en Nicaragua hasta la madrugada del s\u00e1bado, el n\u00famero creci\u00f3 a 126 el domingo, distribuidos en las principales ciudades y carreteras. Los ataques de la polic\u00eda nacional logran que se multipliquen los bloqueos. Los manifestantes han lanzado advertencias a los transportistas de carga, de no intentar cruzar, para evitar...","og_url":"https:\/\/www.cargox.com\/noticias\/2018\/06\/10\/nicaragua-bloqueado-por-las-protestas-contra-gobierno\/","og_site_name":"Noticias y Art\u00edculos de Cargox","article_published_time":"2018-06-11T02:28:04+00:00","article_modified_time":"2018-06-11T02:32:59+00:00","og_image":[{"url":"https:\/\/www.cargox.com\/noticias\/wp-content\/uploads\/2018\/06\/camiones_bloqueados-300x204.jpg","type":"","width":"","height":""}],"author":"gvkadmin","twitter_card":"summary_large_image","twitter_misc":{"Written by":"gvkadmin","Est. reading time":"1 minuto"},"schema":{"@context":"https:\/\/schema.org","@graph":[{"@type":"Article","@id":"https:\/\/www.cargox.com\/noticias\/2018\/06\/10\/nicaragua-bloqueado-por-las-protestas-contra-gobierno\/#article","isPartOf":{"@id":"https:\/\/www.cargox.com\/noticias\/2018\/06\/10\/nicaragua-bloqueado-por-las-protestas-contra-gobierno\/"},"author":{"name":"gvkadmin","@id":"https:\/\/www.cargox.com\/noticias\/#\/schema\/person\/c432f1d41544d9b7e0d0befcf9005056"},"headline":"Nicaragua bloqueado por las protestas contra el gobierno","datePublished":"2018-06-11T02:28:04+00:00","dateModified":"2018-06-11T02:32:59+00:00","mainEntityOfPage":{"@id":"https:\/\/www.cargox.com\/noticias\/2018\/06\/10\/nicaragua-bloqueado-por-las-protestas-contra-gobierno\/"},"wordCount":304,"commentCount":0,"image":{"@id":"https:\/\/www.cargox.com\/noticias\/2018\/06\/10\/nicaragua-bloqueado-por-las-protestas-contra-gobierno\/#primaryimage"},"thumbnailUrl":"https:\/\/www.cargox.com\/noticias\/wp-content\/uploads\/2018\/06\/camiones_bloqueados-300x204.jpg","keywords":["bloqueos","camiones","manifestantes morteros","nicaragua","seguro de carga","seguro de responsabilidad civil","seguro de transporte de carga","transportistas"],"articleSection":["Noticias"],"inLanguage":"es-CR","potentialAction":[{"@type":"CommentAction","name":"Comment","target":["https:\/\/www.cargox.com\/noticias\/2018\/06\/10\/nicaragua-bloqueado-por-las-protestas-contra-gobierno\/#respond"]}]},{"@type":"WebPage","@id":"https:\/\/www.cargox.com\/noticias\/2018\/06\/10\/nicaragua-bloqueado-por-las-protestas-contra-gobierno\/","url":"https:\/\/www.cargox.com\/noticias\/2018\/06\/10\/nicaragua-bloqueado-por-las-protestas-contra-gobierno\/","name":"Nicaragua bloqueado por las protestas contra el gobierno - Noticias y Art\u00edculos de Cargox","isPartOf":{"@id":"https:\/\/www.cargox.com\/noticias\/#website"},"primaryImageOfPage":{"@id":"https:\/\/www.cargox.com\/noticias\/2018\/06\/10\/nicaragua-bloqueado-por-las-protestas-contra-gobierno\/#primaryimage"},"image":{"@id":"https:\/\/www.cargox.com\/noticias\/2018\/06\/10\/nicaragua-bloqueado-por-las-protestas-contra-gobierno\/#primaryimage"},"thumbnailUrl":"https:\/\/www.cargox.com\/noticias\/wp-content\/uploads\/2018\/06\/camiones_bloqueados-300x204.jpg","datePublished":"2018-06-11T02:28:04+00:00","dateModified":"2018-06-11T02:32:59+00:00","author":{"@id":"https:\/\/www.cargox.com\/noticias\/#\/schema\/person\/c432f1d41544d9b7e0d0befcf9005056"},"breadcrumb":{"@id":"https:\/\/www.cargox.com\/noticias\/2018\/06\/10\/nicaragua-bloqueado-por-las-protestas-contra-gobierno\/#breadcrumb"},"inLanguage":"es-CR","potentialAction":[{"@type":"ReadAction","target":["https:\/\/www.cargox.com\/noticias\/2018\/06\/10\/nicaragua-bloqueado-por-las-protestas-contra-gobierno\/"]}]},{"@type":"ImageObject","inLanguage":"es-CR","@id":"https:\/\/www.cargox.com\/noticias\/2018\/06\/10\/nicaragua-bloqueado-por-las-protestas-contra-gobierno\/#primaryimage","url":"https:\/\/www.cargox.com\/noticias\/wp-content\/uploads\/2018\/06\/camiones_bloqueados-300x204.jpg","contentUrl":"https:\/\/www.cargox.com\/noticias\/wp-content\/uploads\/2018\/06\/camiones_bloqueados-300x204.jpg"},{"@type":"BreadcrumbList","@id":"https:\/\/www.cargox.com\/noticias\/2018\/06\/10\/nicaragua-bloqueado-por-las-protestas-contra-gobierno\/#breadcrumb","itemListElement":[{"@type":"ListItem","position":1,"name":"Home","item":"https:\/\/www.cargox.com\/noticias\/"},{"@type":"ListItem","position":2,"name":"Nicaragua bloqueado por las protestas contra el gobierno"}]},{"@type":"WebSite","@id":"https:\/\/www.cargox.com\/noticias\/#website","url":"https:\/\/www.cargox.com\/noticias\/","name":"Noticias y Art\u00edculos de Cargox","description":"Blog de Cargox, para profesionales en log\u00edstica y transporte internacional de carga.","potentialAction":[{"@type":"SearchAction","target":{"@type":"EntryPoint","urlTemplate":"https:\/\/www.cargox.com\/noticias\/?s={search_term_string}"},"query-input":{"@type":"PropertyValueSpecification","valueRequired":true,"valueName":"search_term_string"}}],"inLanguage":"es-CR"},{"@type":"Person","@id":"https:\/\/www.cargox.com\/noticias\/#\/schema\/person\/c432f1d41544d9b7e0d0befcf9005056","name":"gvkadmin","image":{"@type":"ImageObject","inLanguage":"es-CR","@id":"https:\/\/secure.gravatar.com\/avatar\/eb8b9c8fca0ed0dd4bd390a6ef3ed5a3f61d978f75a18e8b9416c09f85088c6d?s=96&d=mm&r=g","url":"https:\/\/secure.gravatar.com\/avatar\/eb8b9c8fca0ed0dd4bd390a6ef3ed5a3f61d978f75a18e8b9416c09f85088c6d?s=96&d=mm&r=g","contentUrl":"https:\/\/secure.gravatar.com\/avatar\/eb8b9c8fca0ed0dd4bd390a6ef3ed5a3f61d978f75a18e8b9416c09f85088c6d?s=96&d=mm&r=g","caption":"gvkadmin"},"description":"Experto en comercio Internacional, Log\u00edstica y Seguros de Transporte de Carga. CEO de Cargox PTY s.a. (www.cargox.com) Experiencia de m\u00e1s de 30 a\u00f1os en Freight Forwarding y Log\u00edstica (www.multitrans-sjo.net). Experto en Inform\u00e1tica y Socio en ComGlobal IT (www.comglobalit.com)","sameAs":["http:\/\/www.cargox.com"],"url":"https:\/\/www.cargox.com\/noticias\/author\/gvkadmin\/"}]}},"_links":{"self":[{"href":"https:\/\/www.cargox.com\/noticias\/wp-json\/wp\/v2\/posts\/538","targetHints":{"allow":["GET"]}}],"collection":[{"href":"https:\/\/www.cargox.com\/noticias\/wp-json\/wp\/v2\/posts"}],"about":[{"href":"https:\/\/www.cargox.com\/noticias\/wp-json\/wp\/v2\/types\/post"}],"author":[{"embeddable":true,"href":"https:\/\/www.cargox.com\/noticias\/wp-json\/wp\/v2\/users\/1"}],"replies":[{"embeddable":true,"href":"https:\/\/www.cargox.com\/noticias\/wp-json\/wp\/v2\/comments?post=538"}],"version-history":[{"count":2,"href":"https:\/\/www.cargox.com\/noticias\/wp-json\/wp\/v2\/posts\/538\/revisions"}],"predecessor-version":[{"id":547,"href":"https:\/\/www.cargox.com\/noticias\/wp-json\/wp\/v2\/posts\/538\/revisions\/547"}],"wp:attachment":[{"href":"https:\/\/www.cargox.com\/noticias\/wp-json\/wp\/v2\/media?parent=538"}],"wp:term":[{"taxonomy":"category","embeddable":true,"href":"https:\/\/www.cargox.com\/noticias\/wp-json\/wp\/v2\/categories?post=538"},{"taxonomy":"post_tag","embeddable":true,"href":"https:\/\/www.cargox.com\/noticias\/wp-json\/wp\/v2\/tags?post=538"}],"curies":[{"name":"wp","href":"https:\/\/api.w.org\/{rel}","templated":true}]}}