{"id":572,"date":"2018-06-14T15:54:16","date_gmt":"2018-06-14T20:54:16","guid":{"rendered":"https:\/\/www.cargox.com\/noticias\/?p=572"},"modified":"2018-06-15T13:26:56","modified_gmt":"2018-06-15T18:26:56","slug":"carbon-identificado-como-causante-de-incendio-en-barcos","status":"publish","type":"post","link":"https:\/\/www.cargox.com\/noticias\/2018\/06\/14\/carbon-identificado-como-causante-de-incendio-en-barcos\/","title":{"rendered":"Carb\u00f3n en Contenedores identificado como causante de Incendio en Barcos"},"content":{"rendered":"<div id=\"attachment_573\" style=\"width: 310px\" class=\"wp-caption alignleft\"><img loading=\"lazy\" decoding=\"async\" aria-describedby=\"caption-attachment-573\" class=\"wp-image-573 size-medium\" src=\"https:\/\/www.cargox.com\/noticias\/wp-content\/uploads\/2018\/06\/class_4.2_spontaneously_combustible_-300x298.gif\" alt=\"\" width=\"300\" height=\"298\" srcset=\"https:\/\/www.cargox.com\/noticias\/wp-content\/uploads\/2018\/06\/class_4.2_spontaneously_combustible_-300x298.gif 300w, https:\/\/www.cargox.com\/noticias\/wp-content\/uploads\/2018\/06\/class_4.2_spontaneously_combustible_-150x150.gif 150w\" sizes=\"auto, (max-width: 300px) 100vw, 300px\" \/><p id=\"caption-attachment-573\" class=\"wp-caption-text\">IMO 4.2 Combusti\u00f3n Espontanea<\/p><\/div>\n<p>Investigadores Federales en Alemania est\u00e1n llamando la atenci\u00f3n de la Organizaci\u00f3n Mar\u00edtima Internacional (IMO), para actualizar las regulaciones para el transporte de carga de Carb\u00f3n en contenedores, luego de dos incendios a bordo de dos barcos porta-contenedores.<\/p>\n<p>Ambos casos pudieron haber causado desastres de grandes magnitudes.<\/p>\n<p>En ambos casos se determin\u00f3 ignici\u00f3n espont\u00e1nea, o auto-combusti\u00f3n, como origen del incendio.<\/p>\n<p>&nbsp;<\/p>\n<p>&nbsp;<\/p>\n<p>&nbsp;<\/p>\n<p>Los casos se dieron a bordo de los buques:<\/p>\n<div id=\"attachment_574\" style=\"width: 310px\" class=\"wp-caption alignright\"><img loading=\"lazy\" decoding=\"async\" aria-describedby=\"caption-attachment-574\" class=\"size-medium wp-image-574\" src=\"https:\/\/www.cargox.com\/noticias\/wp-content\/uploads\/2018\/06\/mscKatrina-300x169.jpg\" alt=\"\" width=\"300\" height=\"169\" srcset=\"https:\/\/www.cargox.com\/noticias\/wp-content\/uploads\/2018\/06\/mscKatrina-300x169.jpg 300w, https:\/\/www.cargox.com\/noticias\/wp-content\/uploads\/2018\/06\/mscKatrina-150x84.jpg 150w, https:\/\/www.cargox.com\/noticias\/wp-content\/uploads\/2018\/06\/mscKatrina.jpg 724w\" sizes=\"auto, (max-width: 300px) 100vw, 300px\" \/><p id=\"caption-attachment-574\" class=\"wp-caption-text\">MSC Katrina en el estuario del Rio Elba, durante el incendio, en 2015.<\/p><\/div>\n<ul>\n<li>MSC KATRINA en Noviembre 2015, en el estuario del R\u00edo Elba, cerca de Hamburgo, Alemania\u00a0 (Detalles del Buque: Operado por Mediterranean Shipping Company, Capacidad 12.400 TEU, Bandera Paname\u00f1a, construido en 2012.) .<br \/>\nLa emergencia fue atendida por bomberos y por el Comando Central de Emergencias Mar\u00edtimas de Alemania, logrando extinguir el fuego con da\u00f1os m\u00ednimos para los contenedores y ning\u00fan da\u00f1o para el barco.<\/li>\n<li>\n<div id=\"attachment_575\" style=\"width: 310px\" class=\"wp-caption alignright\"><img loading=\"lazy\" decoding=\"async\" aria-describedby=\"caption-attachment-575\" class=\"size-medium wp-image-575\" src=\"https:\/\/www.cargox.com\/noticias\/wp-content\/uploads\/2018\/06\/LugwigshafenExpress-300x202.jpg\" alt=\"\" width=\"300\" height=\"202\" srcset=\"https:\/\/www.cargox.com\/noticias\/wp-content\/uploads\/2018\/06\/LugwigshafenExpress-300x202.jpg 300w, https:\/\/www.cargox.com\/noticias\/wp-content\/uploads\/2018\/06\/LugwigshafenExpress-768x516.jpg 768w, https:\/\/www.cargox.com\/noticias\/wp-content\/uploads\/2018\/06\/LugwigshafenExpress-150x101.jpg 150w, https:\/\/www.cargox.com\/noticias\/wp-content\/uploads\/2018\/06\/LugwigshafenExpress.jpg 800w\" sizes=\"auto, (max-width: 300px) 100vw, 300px\" \/><p id=\"caption-attachment-575\" class=\"wp-caption-text\">Ludwigshafen Express.<\/p><\/div>\n<p>LUDWIGSHAFEN EXPRESS en Febrero de 2016, durante la traves\u00eda por el Mar Rojo (Detalles del Buque: Operado por Hapag Lloyd, Capacidad 13.092 TEU, Bandera Alemana, construido en 2013.) .<br \/>\nLa tripulaci\u00f3n logr\u00f3 extinguir el fuego, sin da\u00f1os para el barco.<\/li>\n<\/ul>\n<p>En ambos casos, el carb\u00f3n proced\u00eda de Borneo, Indonesia, destinado a una misma empresa en Francia. Debido a la similitud de los casos, las investigaciones fueron sumidas en una sola.<\/p>\n<p>Si bien el carb\u00f3n no est\u00e1 considerado como peligroso, la tripulaci\u00f3n del Ludwigshafen Exprtess hab\u00eda colocado los contenedores en slots accesibles, sobre cubierta, al considerar que el carb\u00f3n constituye un riesgo mayor que cargas convencionales. Esto permiti\u00f3 extinguir el fuego f\u00e1cilmentte.<\/p>\n<p>En el caso del MSC Katrina, la colocaci\u00f3n del contenedor no hubiera permitido que la tripulaci\u00f3n lo extinguiera. Result\u00f3 afortunado el hecho de que el siniestro ocurriera cerca de Hamburgo, lo cual permiti\u00f3 que fuera atendido por bomberos y otros equipos debidamente equipados para la situaci\u00f3n.<\/p>\n<p><strong>Auto-Oxidaci\u00f3n y Auto-Combusti\u00f3n<\/strong><\/p>\n<p>El incidente fue causado por auto-oxidaci\u00f3n, que produce calentamiento del carb\u00f3n, que eventualmente desencadena la combusti\u00f3n. El fen\u00f3meno se explica por la oxidaci\u00f3n superficial del carb\u00f3n, propiciada por una atm\u00f3sfera con ox\u00edgeno y humedad presentes. Este fen\u00f3meno se ha observado repetidas veces en minas, as\u00ed como durante el transporte.<\/p>\n<p>La oxidaci\u00f3n del carb\u00f3n, es una reacci\u00f3n exot\u00e9rmica que calienta el carb\u00f3n. Si contin\u00faa por suficiente tiempo y con la intensidad necesaria, puede desencadenar oxidaci\u00f3n violenta, es decir, fuego.<\/p>\n<h2>IMO 4.2<\/h2>\n<p>Luego del estudio de los investigadores alemanes, se han relacionado al menos cinco casos m\u00e1s, ocurridos entre 2011 y 2015. En ning\u00fan caso se hab\u00eda clasificado el carb\u00f3n como &#8220;Carga Peligrosa&#8221;.<\/p>\n<p>Con base en el estudio, se ha recomendado a la IMO, para incluir el Carb\u00f3n, en la clasificaci\u00f3n 4.2, correspondientes a bienes auto-combustibles.<\/p>\n<p>Como medidas de seguridad, se propone que los contenedores con este tipo de carga sean\u00a0 posicionados sobre cubierta. Deben estar accesibles para que la tripulaci\u00f3n pueda acceder con facilidad, para atender f\u00e1cilmente un incendio, si llegara a ocurrir.<\/p>\n<p style=\"text-align: center;\"><a href=\"https:\/\/www.cargox.com\/contacto.php\"><img loading=\"lazy\" decoding=\"async\" class=\"size-full wp-image-136 aligncenter\" src=\"https:\/\/www.cargox.com\/noticias\/wp-content\/uploads\/2018\/04\/button.png\" sizes=\"auto, (max-width: 209px) 100vw, 209px\" srcset=\"https:\/\/www.cargox.com\/noticias\/wp-content\/uploads\/2018\/04\/button.png 209w, https:\/\/www.cargox.com\/noticias\/wp-content\/uploads\/2018\/04\/button-150x35.png 150w\" alt=\"Contactenos\" width=\"209\" height=\"49\" \/><\/a>Seguros de Transporte de Carga.<br \/>\nSeguros de Stock-Throughput.<br \/>\nSeguro de Responsabilidad Civil.<br \/>\nAsesor\u00eda en Gesti\u00f3n de Reclamo<\/p>\n<p>(Fuentes: gCaptain, Insurance Marine News, Science Direct)<\/p>\n<p>&nbsp;<\/p>\n","protected":false},"excerpt":{"rendered":"<p>Investigadores Federales en Alemania est\u00e1n llamando la atenci\u00f3n de la Organizaci\u00f3n Mar\u00edtima Internacional (IMO), para actualizar las regulaciones para el transporte de carga de Carb\u00f3n en contenedores, luego de dos incendios a bordo de dos barcos porta-contenedores. Ambos casos pudieron haber causado desastres de grandes magnitudes. En ambos casos se determin\u00f3 ignici\u00f3n espont\u00e1nea, o auto-combusti\u00f3n,&#8230;<\/p>\n","protected":false},"author":1,"featured_media":0,"comment_status":"open","ping_status":"open","sticky":false,"template":"","format":"standard","meta":{"footnotes":""},"categories":[2],"tags":[172,171,173,76,9,47,46,89],"class_list":["post-572","post","type-post","status-publish","format-standard","hentry","category-articulos-seguros","tag-auto-combustion","tag-carbon","tag-imo-4-2","tag-incendio","tag-seguro-de-carga","tag-seguro-de-responsabilidad-civil","tag-seguro-de-transporte-de-carga","tag-seguros-de-carga"],"yoast_head":"<!-- This site is optimized with the Yoast SEO plugin v27.2 - https:\/\/yoast.com\/product\/yoast-seo-wordpress\/ -->\n<title>Carb\u00f3n en Contenedores identificado como causante de Incendio en Barcos - Noticias y Art\u00edculos de Cargox<\/title>\n<meta name=\"robots\" content=\"index, follow, max-snippet:-1, max-image-preview:large, max-video-preview:-1\" \/>\n<link rel=\"canonical\" href=\"https:\/\/www.cargox.com\/noticias\/2018\/06\/14\/carbon-identificado-como-causante-de-incendio-en-barcos\/\" \/>\n<meta property=\"og:locale\" content=\"es_ES\" \/>\n<meta property=\"og:type\" content=\"article\" \/>\n<meta property=\"og:title\" content=\"Carb\u00f3n en Contenedores identificado como causante de Incendio en Barcos - Noticias y Art\u00edculos de Cargox\" \/>\n<meta property=\"og:description\" content=\"Investigadores Federales en Alemania est\u00e1n llamando la atenci\u00f3n de la Organizaci\u00f3n Mar\u00edtima Internacional (IMO), para actualizar las regulaciones para el transporte de carga de Carb\u00f3n en contenedores, luego de dos incendios a bordo de dos barcos porta-contenedores. Ambos casos pudieron haber causado desastres de grandes magnitudes. En ambos casos se determin\u00f3 ignici\u00f3n espont\u00e1nea, o auto-combusti\u00f3n,...\" \/>\n<meta property=\"og:url\" content=\"https:\/\/www.cargox.com\/noticias\/2018\/06\/14\/carbon-identificado-como-causante-de-incendio-en-barcos\/\" \/>\n<meta property=\"og:site_name\" content=\"Noticias y Art\u00edculos de Cargox\" \/>\n<meta property=\"article:published_time\" content=\"2018-06-14T20:54:16+00:00\" \/>\n<meta property=\"article:modified_time\" content=\"2018-06-15T18:26:56+00:00\" \/>\n<meta property=\"og:image\" content=\"https:\/\/www.cargox.com\/noticias\/wp-content\/uploads\/2018\/06\/class_4.2_spontaneously_combustible_-300x298.gif\" \/>\n<meta name=\"author\" content=\"gvkadmin\" \/>\n<meta name=\"twitter:card\" content=\"summary_large_image\" \/>\n<meta name=\"twitter:label1\" content=\"Written by\" \/>\n\t<meta name=\"twitter:data1\" content=\"gvkadmin\" \/>\n\t<meta name=\"twitter:label2\" content=\"Est. reading time\" \/>\n\t<meta name=\"twitter:data2\" content=\"3 minutos\" \/>\n<script type=\"application\/ld+json\" class=\"yoast-schema-graph\">{\"@context\":\"https:\/\/schema.org\",\"@graph\":[{\"@type\":\"Article\",\"@id\":\"https:\/\/www.cargox.com\/noticias\/2018\/06\/14\/carbon-identificado-como-causante-de-incendio-en-barcos\/#article\",\"isPartOf\":{\"@id\":\"https:\/\/www.cargox.com\/noticias\/2018\/06\/14\/carbon-identificado-como-causante-de-incendio-en-barcos\/\"},\"author\":{\"name\":\"gvkadmin\",\"@id\":\"https:\/\/www.cargox.com\/noticias\/#\/schema\/person\/c432f1d41544d9b7e0d0befcf9005056\"},\"headline\":\"Carb\u00f3n en Contenedores identificado como causante de Incendio en Barcos\",\"datePublished\":\"2018-06-14T20:54:16+00:00\",\"dateModified\":\"2018-06-15T18:26:56+00:00\",\"mainEntityOfPage\":{\"@id\":\"https:\/\/www.cargox.com\/noticias\/2018\/06\/14\/carbon-identificado-como-causante-de-incendio-en-barcos\/\"},\"wordCount\":586,\"commentCount\":0,\"image\":{\"@id\":\"https:\/\/www.cargox.com\/noticias\/2018\/06\/14\/carbon-identificado-como-causante-de-incendio-en-barcos\/#primaryimage\"},\"thumbnailUrl\":\"https:\/\/www.cargox.com\/noticias\/wp-content\/uploads\/2018\/06\/class_4.2_spontaneously_combustible_-300x298.gif\",\"keywords\":[\"auto-combustion\",\"carbon\",\"imo 4.2\",\"incendio\",\"seguro de carga\",\"seguro de responsabilidad civil\",\"seguro de transporte de carga\",\"seguros de carga\"],\"articleSection\":[\"Art\u00edculos Seguros\"],\"inLanguage\":\"es-CR\",\"potentialAction\":[{\"@type\":\"CommentAction\",\"name\":\"Comment\",\"target\":[\"https:\/\/www.cargox.com\/noticias\/2018\/06\/14\/carbon-identificado-como-causante-de-incendio-en-barcos\/#respond\"]}]},{\"@type\":\"WebPage\",\"@id\":\"https:\/\/www.cargox.com\/noticias\/2018\/06\/14\/carbon-identificado-como-causante-de-incendio-en-barcos\/\",\"url\":\"https:\/\/www.cargox.com\/noticias\/2018\/06\/14\/carbon-identificado-como-causante-de-incendio-en-barcos\/\",\"name\":\"Carb\u00f3n en Contenedores identificado como causante de Incendio en Barcos - Noticias y Art\u00edculos de Cargox\",\"isPartOf\":{\"@id\":\"https:\/\/www.cargox.com\/noticias\/#website\"},\"primaryImageOfPage\":{\"@id\":\"https:\/\/www.cargox.com\/noticias\/2018\/06\/14\/carbon-identificado-como-causante-de-incendio-en-barcos\/#primaryimage\"},\"image\":{\"@id\":\"https:\/\/www.cargox.com\/noticias\/2018\/06\/14\/carbon-identificado-como-causante-de-incendio-en-barcos\/#primaryimage\"},\"thumbnailUrl\":\"https:\/\/www.cargox.com\/noticias\/wp-content\/uploads\/2018\/06\/class_4.2_spontaneously_combustible_-300x298.gif\",\"datePublished\":\"2018-06-14T20:54:16+00:00\",\"dateModified\":\"2018-06-15T18:26:56+00:00\",\"author\":{\"@id\":\"https:\/\/www.cargox.com\/noticias\/#\/schema\/person\/c432f1d41544d9b7e0d0befcf9005056\"},\"breadcrumb\":{\"@id\":\"https:\/\/www.cargox.com\/noticias\/2018\/06\/14\/carbon-identificado-como-causante-de-incendio-en-barcos\/#breadcrumb\"},\"inLanguage\":\"es-CR\",\"potentialAction\":[{\"@type\":\"ReadAction\",\"target\":[\"https:\/\/www.cargox.com\/noticias\/2018\/06\/14\/carbon-identificado-como-causante-de-incendio-en-barcos\/\"]}]},{\"@type\":\"ImageObject\",\"inLanguage\":\"es-CR\",\"@id\":\"https:\/\/www.cargox.com\/noticias\/2018\/06\/14\/carbon-identificado-como-causante-de-incendio-en-barcos\/#primaryimage\",\"url\":\"https:\/\/www.cargox.com\/noticias\/wp-content\/uploads\/2018\/06\/class_4.2_spontaneously_combustible_-300x298.gif\",\"contentUrl\":\"https:\/\/www.cargox.com\/noticias\/wp-content\/uploads\/2018\/06\/class_4.2_spontaneously_combustible_-300x298.gif\"},{\"@type\":\"BreadcrumbList\",\"@id\":\"https:\/\/www.cargox.com\/noticias\/2018\/06\/14\/carbon-identificado-como-causante-de-incendio-en-barcos\/#breadcrumb\",\"itemListElement\":[{\"@type\":\"ListItem\",\"position\":1,\"name\":\"Home\",\"item\":\"https:\/\/www.cargox.com\/noticias\/\"},{\"@type\":\"ListItem\",\"position\":2,\"name\":\"Carb\u00f3n en Contenedores identificado como causante de Incendio en Barcos\"}]},{\"@type\":\"WebSite\",\"@id\":\"https:\/\/www.cargox.com\/noticias\/#website\",\"url\":\"https:\/\/www.cargox.com\/noticias\/\",\"name\":\"Noticias y Art\u00edculos de Cargox\",\"description\":\"Blog de Cargox, para profesionales en log\u00edstica y transporte internacional de carga.\",\"potentialAction\":[{\"@type\":\"SearchAction\",\"target\":{\"@type\":\"EntryPoint\",\"urlTemplate\":\"https:\/\/www.cargox.com\/noticias\/?s={search_term_string}\"},\"query-input\":{\"@type\":\"PropertyValueSpecification\",\"valueRequired\":true,\"valueName\":\"search_term_string\"}}],\"inLanguage\":\"es-CR\"},{\"@type\":\"Person\",\"@id\":\"https:\/\/www.cargox.com\/noticias\/#\/schema\/person\/c432f1d41544d9b7e0d0befcf9005056\",\"name\":\"gvkadmin\",\"image\":{\"@type\":\"ImageObject\",\"inLanguage\":\"es-CR\",\"@id\":\"https:\/\/secure.gravatar.com\/avatar\/eb8b9c8fca0ed0dd4bd390a6ef3ed5a3f61d978f75a18e8b9416c09f85088c6d?s=96&d=mm&r=g\",\"url\":\"https:\/\/secure.gravatar.com\/avatar\/eb8b9c8fca0ed0dd4bd390a6ef3ed5a3f61d978f75a18e8b9416c09f85088c6d?s=96&d=mm&r=g\",\"contentUrl\":\"https:\/\/secure.gravatar.com\/avatar\/eb8b9c8fca0ed0dd4bd390a6ef3ed5a3f61d978f75a18e8b9416c09f85088c6d?s=96&d=mm&r=g\",\"caption\":\"gvkadmin\"},\"description\":\"Experto en comercio Internacional, Log\u00edstica y Seguros de Transporte de Carga. CEO de Cargox PTY s.a. (www.cargox.com) Experiencia de m\u00e1s de 30 a\u00f1os en Freight Forwarding y Log\u00edstica (www.multitrans-sjo.net). Experto en Inform\u00e1tica y Socio en ComGlobal IT (www.comglobalit.com)\",\"sameAs\":[\"http:\/\/www.cargox.com\"],\"url\":\"https:\/\/www.cargox.com\/noticias\/author\/gvkadmin\/\"}]}<\/script>\n<!-- \/ Yoast SEO plugin. -->","yoast_head_json":{"title":"Carb\u00f3n en Contenedores identificado como causante de Incendio en Barcos - Noticias y Art\u00edculos de Cargox","robots":{"index":"index","follow":"follow","max-snippet":"max-snippet:-1","max-image-preview":"max-image-preview:large","max-video-preview":"max-video-preview:-1"},"canonical":"https:\/\/www.cargox.com\/noticias\/2018\/06\/14\/carbon-identificado-como-causante-de-incendio-en-barcos\/","og_locale":"es_ES","og_type":"article","og_title":"Carb\u00f3n en Contenedores identificado como causante de Incendio en Barcos - Noticias y Art\u00edculos de Cargox","og_description":"Investigadores Federales en Alemania est\u00e1n llamando la atenci\u00f3n de la Organizaci\u00f3n Mar\u00edtima Internacional (IMO), para actualizar las regulaciones para el transporte de carga de Carb\u00f3n en contenedores, luego de dos incendios a bordo de dos barcos porta-contenedores. Ambos casos pudieron haber causado desastres de grandes magnitudes. En ambos casos se determin\u00f3 ignici\u00f3n espont\u00e1nea, o auto-combusti\u00f3n,...","og_url":"https:\/\/www.cargox.com\/noticias\/2018\/06\/14\/carbon-identificado-como-causante-de-incendio-en-barcos\/","og_site_name":"Noticias y Art\u00edculos de Cargox","article_published_time":"2018-06-14T20:54:16+00:00","article_modified_time":"2018-06-15T18:26:56+00:00","og_image":[{"url":"https:\/\/www.cargox.com\/noticias\/wp-content\/uploads\/2018\/06\/class_4.2_spontaneously_combustible_-300x298.gif","type":"","width":"","height":""}],"author":"gvkadmin","twitter_card":"summary_large_image","twitter_misc":{"Written by":"gvkadmin","Est. reading time":"3 minutos"},"schema":{"@context":"https:\/\/schema.org","@graph":[{"@type":"Article","@id":"https:\/\/www.cargox.com\/noticias\/2018\/06\/14\/carbon-identificado-como-causante-de-incendio-en-barcos\/#article","isPartOf":{"@id":"https:\/\/www.cargox.com\/noticias\/2018\/06\/14\/carbon-identificado-como-causante-de-incendio-en-barcos\/"},"author":{"name":"gvkadmin","@id":"https:\/\/www.cargox.com\/noticias\/#\/schema\/person\/c432f1d41544d9b7e0d0befcf9005056"},"headline":"Carb\u00f3n en Contenedores identificado como causante de Incendio en Barcos","datePublished":"2018-06-14T20:54:16+00:00","dateModified":"2018-06-15T18:26:56+00:00","mainEntityOfPage":{"@id":"https:\/\/www.cargox.com\/noticias\/2018\/06\/14\/carbon-identificado-como-causante-de-incendio-en-barcos\/"},"wordCount":586,"commentCount":0,"image":{"@id":"https:\/\/www.cargox.com\/noticias\/2018\/06\/14\/carbon-identificado-como-causante-de-incendio-en-barcos\/#primaryimage"},"thumbnailUrl":"https:\/\/www.cargox.com\/noticias\/wp-content\/uploads\/2018\/06\/class_4.2_spontaneously_combustible_-300x298.gif","keywords":["auto-combustion","carbon","imo 4.2","incendio","seguro de carga","seguro de responsabilidad civil","seguro de transporte de carga","seguros de carga"],"articleSection":["Art\u00edculos Seguros"],"inLanguage":"es-CR","potentialAction":[{"@type":"CommentAction","name":"Comment","target":["https:\/\/www.cargox.com\/noticias\/2018\/06\/14\/carbon-identificado-como-causante-de-incendio-en-barcos\/#respond"]}]},{"@type":"WebPage","@id":"https:\/\/www.cargox.com\/noticias\/2018\/06\/14\/carbon-identificado-como-causante-de-incendio-en-barcos\/","url":"https:\/\/www.cargox.com\/noticias\/2018\/06\/14\/carbon-identificado-como-causante-de-incendio-en-barcos\/","name":"Carb\u00f3n en Contenedores identificado como causante de Incendio en Barcos - Noticias y Art\u00edculos de Cargox","isPartOf":{"@id":"https:\/\/www.cargox.com\/noticias\/#website"},"primaryImageOfPage":{"@id":"https:\/\/www.cargox.com\/noticias\/2018\/06\/14\/carbon-identificado-como-causante-de-incendio-en-barcos\/#primaryimage"},"image":{"@id":"https:\/\/www.cargox.com\/noticias\/2018\/06\/14\/carbon-identificado-como-causante-de-incendio-en-barcos\/#primaryimage"},"thumbnailUrl":"https:\/\/www.cargox.com\/noticias\/wp-content\/uploads\/2018\/06\/class_4.2_spontaneously_combustible_-300x298.gif","datePublished":"2018-06-14T20:54:16+00:00","dateModified":"2018-06-15T18:26:56+00:00","author":{"@id":"https:\/\/www.cargox.com\/noticias\/#\/schema\/person\/c432f1d41544d9b7e0d0befcf9005056"},"breadcrumb":{"@id":"https:\/\/www.cargox.com\/noticias\/2018\/06\/14\/carbon-identificado-como-causante-de-incendio-en-barcos\/#breadcrumb"},"inLanguage":"es-CR","potentialAction":[{"@type":"ReadAction","target":["https:\/\/www.cargox.com\/noticias\/2018\/06\/14\/carbon-identificado-como-causante-de-incendio-en-barcos\/"]}]},{"@type":"ImageObject","inLanguage":"es-CR","@id":"https:\/\/www.cargox.com\/noticias\/2018\/06\/14\/carbon-identificado-como-causante-de-incendio-en-barcos\/#primaryimage","url":"https:\/\/www.cargox.com\/noticias\/wp-content\/uploads\/2018\/06\/class_4.2_spontaneously_combustible_-300x298.gif","contentUrl":"https:\/\/www.cargox.com\/noticias\/wp-content\/uploads\/2018\/06\/class_4.2_spontaneously_combustible_-300x298.gif"},{"@type":"BreadcrumbList","@id":"https:\/\/www.cargox.com\/noticias\/2018\/06\/14\/carbon-identificado-como-causante-de-incendio-en-barcos\/#breadcrumb","itemListElement":[{"@type":"ListItem","position":1,"name":"Home","item":"https:\/\/www.cargox.com\/noticias\/"},{"@type":"ListItem","position":2,"name":"Carb\u00f3n en Contenedores identificado como causante de Incendio en Barcos"}]},{"@type":"WebSite","@id":"https:\/\/www.cargox.com\/noticias\/#website","url":"https:\/\/www.cargox.com\/noticias\/","name":"Noticias y Art\u00edculos de Cargox","description":"Blog de Cargox, para profesionales en log\u00edstica y transporte internacional de carga.","potentialAction":[{"@type":"SearchAction","target":{"@type":"EntryPoint","urlTemplate":"https:\/\/www.cargox.com\/noticias\/?s={search_term_string}"},"query-input":{"@type":"PropertyValueSpecification","valueRequired":true,"valueName":"search_term_string"}}],"inLanguage":"es-CR"},{"@type":"Person","@id":"https:\/\/www.cargox.com\/noticias\/#\/schema\/person\/c432f1d41544d9b7e0d0befcf9005056","name":"gvkadmin","image":{"@type":"ImageObject","inLanguage":"es-CR","@id":"https:\/\/secure.gravatar.com\/avatar\/eb8b9c8fca0ed0dd4bd390a6ef3ed5a3f61d978f75a18e8b9416c09f85088c6d?s=96&d=mm&r=g","url":"https:\/\/secure.gravatar.com\/avatar\/eb8b9c8fca0ed0dd4bd390a6ef3ed5a3f61d978f75a18e8b9416c09f85088c6d?s=96&d=mm&r=g","contentUrl":"https:\/\/secure.gravatar.com\/avatar\/eb8b9c8fca0ed0dd4bd390a6ef3ed5a3f61d978f75a18e8b9416c09f85088c6d?s=96&d=mm&r=g","caption":"gvkadmin"},"description":"Experto en comercio Internacional, Log\u00edstica y Seguros de Transporte de Carga. CEO de Cargox PTY s.a. (www.cargox.com) Experiencia de m\u00e1s de 30 a\u00f1os en Freight Forwarding y Log\u00edstica (www.multitrans-sjo.net). Experto en Inform\u00e1tica y Socio en ComGlobal IT (www.comglobalit.com)","sameAs":["http:\/\/www.cargox.com"],"url":"https:\/\/www.cargox.com\/noticias\/author\/gvkadmin\/"}]}},"_links":{"self":[{"href":"https:\/\/www.cargox.com\/noticias\/wp-json\/wp\/v2\/posts\/572","targetHints":{"allow":["GET"]}}],"collection":[{"href":"https:\/\/www.cargox.com\/noticias\/wp-json\/wp\/v2\/posts"}],"about":[{"href":"https:\/\/www.cargox.com\/noticias\/wp-json\/wp\/v2\/types\/post"}],"author":[{"embeddable":true,"href":"https:\/\/www.cargox.com\/noticias\/wp-json\/wp\/v2\/users\/1"}],"replies":[{"embeddable":true,"href":"https:\/\/www.cargox.com\/noticias\/wp-json\/wp\/v2\/comments?post=572"}],"version-history":[{"count":7,"href":"https:\/\/www.cargox.com\/noticias\/wp-json\/wp\/v2\/posts\/572\/revisions"}],"predecessor-version":[{"id":586,"href":"https:\/\/www.cargox.com\/noticias\/wp-json\/wp\/v2\/posts\/572\/revisions\/586"}],"wp:attachment":[{"href":"https:\/\/www.cargox.com\/noticias\/wp-json\/wp\/v2\/media?parent=572"}],"wp:term":[{"taxonomy":"category","embeddable":true,"href":"https:\/\/www.cargox.com\/noticias\/wp-json\/wp\/v2\/categories?post=572"},{"taxonomy":"post_tag","embeddable":true,"href":"https:\/\/www.cargox.com\/noticias\/wp-json\/wp\/v2\/tags?post=572"}],"curies":[{"name":"wp","href":"https:\/\/api.w.org\/{rel}","templated":true}]}}