{"id":595,"date":"2018-06-18T14:06:34","date_gmt":"2018-06-18T19:06:34","guid":{"rendered":"https:\/\/www.cargox.com\/noticias\/?p=595"},"modified":"2018-06-18T15:27:17","modified_gmt":"2018-06-18T20:27:17","slug":"carguero-turco-se-hunde-en-el-mar-adriatico","status":"publish","type":"post","link":"https:\/\/www.cargox.com\/noticias\/2018\/06\/18\/carguero-turco-se-hunde-en-el-mar-adriatico\/","title":{"rendered":"Carguero turco se hunde en el Mar Adri\u00e1tico"},"content":{"rendered":"<div id=\"attachment_596\" style=\"width: 680px\" class=\"wp-caption alignleft\"><img loading=\"lazy\" decoding=\"async\" aria-describedby=\"caption-attachment-596\" class=\"wp-image-596 size-full\" src=\"https:\/\/www.cargox.com\/noticias\/wp-content\/uploads\/2018\/06\/haksa.jpg\" alt=\" \" width=\"670\" height=\"400\" srcset=\"https:\/\/www.cargox.com\/noticias\/wp-content\/uploads\/2018\/06\/haksa.jpg 670w, https:\/\/www.cargox.com\/noticias\/wp-content\/uploads\/2018\/06\/haksa-300x179.jpg 300w, https:\/\/www.cargox.com\/noticias\/wp-content\/uploads\/2018\/06\/haksa-150x90.jpg 150w\" sizes=\"auto, (max-width: 670px) 100vw, 670px\" \/><p id=\"caption-attachment-596\" class=\"wp-caption-text\">MV HAKSA siendo evacuado en el Mar Adri\u00e1tico.<\/p><\/div>\n<p>El Carguero MV HAKSA, con bandera de Palau, report\u00f3 ingreso de agua a su sala de m\u00e1quinas y consiguiente hundimiento en el Mar Adri\u00e1tico, a 40 millas n\u00e1uticas de Sibenik, Croacia. El barco se encontraba en ruta desde Izmit, Turqu\u00eda, hacia Koper, en Eslovenia, con una tripulaci\u00f3n de 13 marineros. Su cargamento consiste en 3000 toneladas m\u00e9tricas de \u00d3xido Magnesio.<\/p>\n<p>Ocho tripulantes fueron evacuados y transferidos a Split, mientras que los otros cinco, incluyendo al capit\u00e1n, permanecieron a bordo, procurando salvar la nave. Adem\u00e1s del cargamento de Magnesio, se estima que contiene 70 toneladas de combustible y lubricantes.<\/p>\n<p>Seg\u00fan se report\u00f3 posteriormente, el barco no se hundi\u00f3 completamente, y se encontraba siendo remolcado al puerto de Split, cuando se inform\u00f3 de una nueva entrada de agua al buque, que pudo ser tapada. No se reportan al momento fugas de aceite o combustible, ni entrada de agua a las bodegas.<\/p>\n<div id=\"attachment_597\" style=\"width: 310px\" class=\"wp-caption alignleft\"><img loading=\"lazy\" decoding=\"async\" aria-describedby=\"caption-attachment-597\" class=\"size-medium wp-image-597\" src=\"https:\/\/www.cargox.com\/noticias\/wp-content\/uploads\/2018\/06\/mv-haksa-300x200.jpg\" alt=\"\" width=\"300\" height=\"200\" srcset=\"https:\/\/www.cargox.com\/noticias\/wp-content\/uploads\/2018\/06\/mv-haksa-300x200.jpg 300w, https:\/\/www.cargox.com\/noticias\/wp-content\/uploads\/2018\/06\/mv-haksa-150x100.jpg 150w, https:\/\/www.cargox.com\/noticias\/wp-content\/uploads\/2018\/06\/mv-haksa.jpg 570w\" sizes=\"auto, (max-width: 300px) 100vw, 300px\" \/><p id=\"caption-attachment-597\" class=\"wp-caption-text\">MV HAKSA, construido en 1993, eslora 85m, manga 15m.<\/p><\/div>\n<p>Se teme una cat\u00e1strofe ecol\u00f3gica, si este barco se llegara a hundir, pues tanto su cargamento, como el combustible y lubricantes, son altamente contaminantes.<\/p>\n<p>El carguero fue construido en 1993. Se cuestiona como ha sido posible que un barco en tan malas condiciones de casco, hubiera obtenido los permisos de navegaci\u00f3n que le permitieron hasta la fecha continuar navegando y prestando servicios de transporte de carga.<\/p>\n<h2>An\u00e1lisis:<\/h2>\n<p>La antig\u00fcedad de la nave, hace dif\u00edcil asegurar la carga que portaba. Las cl\u00e1usulas de antig\u00fcedad que utilizan las aseguradoras, permiten normalmente una antig\u00fcedad m\u00e1xima para cargueros de 10 a\u00f1os y, bajo ciertas condiciones, hasta 15 a\u00f1os. Sin embargo en este caso hablamos de un barco de 25 a\u00f1os. En este caso, el due\u00f1o de la carga, muy probablemente arriesg\u00f3 su cargamento quiz\u00e1s por ahorrar unos cuantos miles de Euros&#8230;<\/p>\n<p>El casco de acero de un barco expuesto por tanto tiempo al agua de mar, debe estar profundamente corro\u00eddo, por lo cual lo \u00fanico sensato que se deber\u00eda hacer con un buque de esta edad, es desarmarlo y reciclar su metal.<\/p>\n<p style=\"text-align: center;\"><a href=\"https:\/\/www.cargox.com\/contacto.php\"><img loading=\"lazy\" decoding=\"async\" class=\"size-full wp-image-136 aligncenter\" src=\"https:\/\/www.cargox.com\/noticias\/wp-content\/uploads\/2018\/04\/button.png\" sizes=\"auto, (max-width: 209px) 100vw, 209px\" srcset=\"https:\/\/www.cargox.com\/noticias\/wp-content\/uploads\/2018\/04\/button.png 209w, https:\/\/www.cargox.com\/noticias\/wp-content\/uploads\/2018\/04\/button-150x35.png 150w\" alt=\"Contactenos\" width=\"209\" height=\"49\" \/><\/a>Seguros de Transporte de Carga.<br \/>\nSeguros de Stock-Throughput.<br \/>\nSeguro de Responsabilidad Civil.<br \/>\nAsesor\u00eda en Gesti\u00f3n de Reclamo<\/p>\n<p>(Fuentes: FleetMon, Dnevnik)<\/p>\n","protected":false},"excerpt":{"rendered":"<p>El Carguero MV HAKSA, con bandera de Palau, report\u00f3 ingreso de agua a su sala de m\u00e1quinas y consiguiente hundimiento en el Mar Adri\u00e1tico, a 40 millas n\u00e1uticas de Sibenik, Croacia. El barco se encontraba en ruta desde Izmit, Turqu\u00eda, hacia Koper, en Eslovenia, con una tripulaci\u00f3n de 13 marineros. Su cargamento consiste en 3000&#8230;<\/p>\n","protected":false},"author":1,"featured_media":0,"comment_status":"open","ping_status":"open","sticky":false,"template":"","format":"standard","meta":{"footnotes":""},"categories":[3],"tags":[178,177,176,9,47,46],"class_list":["post-595","post","type-post","status-publish","format-standard","hentry","category-noticias","tag-hundiendo","tag-hunimiento","tag-mv-haksa","tag-seguro-de-carga","tag-seguro-de-responsabilidad-civil","tag-seguro-de-transporte-de-carga"],"yoast_head":"<!-- This site is optimized with the Yoast SEO plugin v27.2 - https:\/\/yoast.com\/product\/yoast-seo-wordpress\/ -->\n<title>Carguero turco se hunde en el Mar Adri\u00e1tico - Noticias y Art\u00edculos de Cargox<\/title>\n<meta name=\"robots\" content=\"index, follow, max-snippet:-1, max-image-preview:large, max-video-preview:-1\" \/>\n<link rel=\"canonical\" href=\"https:\/\/www.cargox.com\/noticias\/2018\/06\/18\/carguero-turco-se-hunde-en-el-mar-adriatico\/\" \/>\n<meta property=\"og:locale\" content=\"es_ES\" \/>\n<meta property=\"og:type\" content=\"article\" \/>\n<meta property=\"og:title\" content=\"Carguero turco se hunde en el Mar Adri\u00e1tico - Noticias y Art\u00edculos de Cargox\" \/>\n<meta property=\"og:description\" content=\"El Carguero MV HAKSA, con bandera de Palau, report\u00f3 ingreso de agua a su sala de m\u00e1quinas y consiguiente hundimiento en el Mar Adri\u00e1tico, a 40 millas n\u00e1uticas de Sibenik, Croacia. El barco se encontraba en ruta desde Izmit, Turqu\u00eda, hacia Koper, en Eslovenia, con una tripulaci\u00f3n de 13 marineros. Su cargamento consiste en 3000...\" \/>\n<meta property=\"og:url\" content=\"https:\/\/www.cargox.com\/noticias\/2018\/06\/18\/carguero-turco-se-hunde-en-el-mar-adriatico\/\" \/>\n<meta property=\"og:site_name\" content=\"Noticias y Art\u00edculos de Cargox\" \/>\n<meta property=\"article:published_time\" content=\"2018-06-18T19:06:34+00:00\" \/>\n<meta property=\"article:modified_time\" content=\"2018-06-18T20:27:17+00:00\" \/>\n<meta property=\"og:image\" content=\"https:\/\/www.cargox.com\/noticias\/wp-content\/uploads\/2018\/06\/haksa.jpg\" \/>\n<meta name=\"author\" content=\"gvkadmin\" \/>\n<meta name=\"twitter:card\" content=\"summary_large_image\" \/>\n<meta name=\"twitter:label1\" content=\"Written by\" \/>\n\t<meta name=\"twitter:data1\" content=\"gvkadmin\" \/>\n\t<meta name=\"twitter:label2\" content=\"Est. reading time\" \/>\n\t<meta name=\"twitter:data2\" content=\"2 minutos\" \/>\n<script type=\"application\/ld+json\" class=\"yoast-schema-graph\">{\"@context\":\"https:\/\/schema.org\",\"@graph\":[{\"@type\":\"Article\",\"@id\":\"https:\/\/www.cargox.com\/noticias\/2018\/06\/18\/carguero-turco-se-hunde-en-el-mar-adriatico\/#article\",\"isPartOf\":{\"@id\":\"https:\/\/www.cargox.com\/noticias\/2018\/06\/18\/carguero-turco-se-hunde-en-el-mar-adriatico\/\"},\"author\":{\"name\":\"gvkadmin\",\"@id\":\"https:\/\/www.cargox.com\/noticias\/#\/schema\/person\/c432f1d41544d9b7e0d0befcf9005056\"},\"headline\":\"Carguero turco se hunde en el Mar Adri\u00e1tico\",\"datePublished\":\"2018-06-18T19:06:34+00:00\",\"dateModified\":\"2018-06-18T20:27:17+00:00\",\"mainEntityOfPage\":{\"@id\":\"https:\/\/www.cargox.com\/noticias\/2018\/06\/18\/carguero-turco-se-hunde-en-el-mar-adriatico\/\"},\"wordCount\":407,\"commentCount\":0,\"image\":{\"@id\":\"https:\/\/www.cargox.com\/noticias\/2018\/06\/18\/carguero-turco-se-hunde-en-el-mar-adriatico\/#primaryimage\"},\"thumbnailUrl\":\"https:\/\/www.cargox.com\/noticias\/wp-content\/uploads\/2018\/06\/haksa.jpg\",\"keywords\":[\"hundiendo\",\"hunimiento\",\"MV HAKSA\",\"seguro de carga\",\"seguro de responsabilidad civil\",\"seguro de transporte de carga\"],\"articleSection\":[\"Noticias\"],\"inLanguage\":\"es-CR\",\"potentialAction\":[{\"@type\":\"CommentAction\",\"name\":\"Comment\",\"target\":[\"https:\/\/www.cargox.com\/noticias\/2018\/06\/18\/carguero-turco-se-hunde-en-el-mar-adriatico\/#respond\"]}]},{\"@type\":\"WebPage\",\"@id\":\"https:\/\/www.cargox.com\/noticias\/2018\/06\/18\/carguero-turco-se-hunde-en-el-mar-adriatico\/\",\"url\":\"https:\/\/www.cargox.com\/noticias\/2018\/06\/18\/carguero-turco-se-hunde-en-el-mar-adriatico\/\",\"name\":\"Carguero turco se hunde en el Mar Adri\u00e1tico - Noticias y Art\u00edculos de Cargox\",\"isPartOf\":{\"@id\":\"https:\/\/www.cargox.com\/noticias\/#website\"},\"primaryImageOfPage\":{\"@id\":\"https:\/\/www.cargox.com\/noticias\/2018\/06\/18\/carguero-turco-se-hunde-en-el-mar-adriatico\/#primaryimage\"},\"image\":{\"@id\":\"https:\/\/www.cargox.com\/noticias\/2018\/06\/18\/carguero-turco-se-hunde-en-el-mar-adriatico\/#primaryimage\"},\"thumbnailUrl\":\"https:\/\/www.cargox.com\/noticias\/wp-content\/uploads\/2018\/06\/haksa.jpg\",\"datePublished\":\"2018-06-18T19:06:34+00:00\",\"dateModified\":\"2018-06-18T20:27:17+00:00\",\"author\":{\"@id\":\"https:\/\/www.cargox.com\/noticias\/#\/schema\/person\/c432f1d41544d9b7e0d0befcf9005056\"},\"breadcrumb\":{\"@id\":\"https:\/\/www.cargox.com\/noticias\/2018\/06\/18\/carguero-turco-se-hunde-en-el-mar-adriatico\/#breadcrumb\"},\"inLanguage\":\"es-CR\",\"potentialAction\":[{\"@type\":\"ReadAction\",\"target\":[\"https:\/\/www.cargox.com\/noticias\/2018\/06\/18\/carguero-turco-se-hunde-en-el-mar-adriatico\/\"]}]},{\"@type\":\"ImageObject\",\"inLanguage\":\"es-CR\",\"@id\":\"https:\/\/www.cargox.com\/noticias\/2018\/06\/18\/carguero-turco-se-hunde-en-el-mar-adriatico\/#primaryimage\",\"url\":\"https:\/\/www.cargox.com\/noticias\/wp-content\/uploads\/2018\/06\/haksa.jpg\",\"contentUrl\":\"https:\/\/www.cargox.com\/noticias\/wp-content\/uploads\/2018\/06\/haksa.jpg\"},{\"@type\":\"BreadcrumbList\",\"@id\":\"https:\/\/www.cargox.com\/noticias\/2018\/06\/18\/carguero-turco-se-hunde-en-el-mar-adriatico\/#breadcrumb\",\"itemListElement\":[{\"@type\":\"ListItem\",\"position\":1,\"name\":\"Home\",\"item\":\"https:\/\/www.cargox.com\/noticias\/\"},{\"@type\":\"ListItem\",\"position\":2,\"name\":\"Carguero turco se hunde en el Mar Adri\u00e1tico\"}]},{\"@type\":\"WebSite\",\"@id\":\"https:\/\/www.cargox.com\/noticias\/#website\",\"url\":\"https:\/\/www.cargox.com\/noticias\/\",\"name\":\"Noticias y Art\u00edculos de Cargox\",\"description\":\"Blog de Cargox, para profesionales en log\u00edstica y transporte internacional de carga.\",\"potentialAction\":[{\"@type\":\"SearchAction\",\"target\":{\"@type\":\"EntryPoint\",\"urlTemplate\":\"https:\/\/www.cargox.com\/noticias\/?s={search_term_string}\"},\"query-input\":{\"@type\":\"PropertyValueSpecification\",\"valueRequired\":true,\"valueName\":\"search_term_string\"}}],\"inLanguage\":\"es-CR\"},{\"@type\":\"Person\",\"@id\":\"https:\/\/www.cargox.com\/noticias\/#\/schema\/person\/c432f1d41544d9b7e0d0befcf9005056\",\"name\":\"gvkadmin\",\"image\":{\"@type\":\"ImageObject\",\"inLanguage\":\"es-CR\",\"@id\":\"https:\/\/secure.gravatar.com\/avatar\/eb8b9c8fca0ed0dd4bd390a6ef3ed5a3f61d978f75a18e8b9416c09f85088c6d?s=96&d=mm&r=g\",\"url\":\"https:\/\/secure.gravatar.com\/avatar\/eb8b9c8fca0ed0dd4bd390a6ef3ed5a3f61d978f75a18e8b9416c09f85088c6d?s=96&d=mm&r=g\",\"contentUrl\":\"https:\/\/secure.gravatar.com\/avatar\/eb8b9c8fca0ed0dd4bd390a6ef3ed5a3f61d978f75a18e8b9416c09f85088c6d?s=96&d=mm&r=g\",\"caption\":\"gvkadmin\"},\"description\":\"Experto en comercio Internacional, Log\u00edstica y Seguros de Transporte de Carga. CEO de Cargox PTY s.a. (www.cargox.com) Experiencia de m\u00e1s de 30 a\u00f1os en Freight Forwarding y Log\u00edstica (www.multitrans-sjo.net). Experto en Inform\u00e1tica y Socio en ComGlobal IT (www.comglobalit.com)\",\"sameAs\":[\"http:\/\/www.cargox.com\"],\"url\":\"https:\/\/www.cargox.com\/noticias\/author\/gvkadmin\/\"}]}<\/script>\n<!-- \/ Yoast SEO plugin. -->","yoast_head_json":{"title":"Carguero turco se hunde en el Mar Adri\u00e1tico - Noticias y Art\u00edculos de Cargox","robots":{"index":"index","follow":"follow","max-snippet":"max-snippet:-1","max-image-preview":"max-image-preview:large","max-video-preview":"max-video-preview:-1"},"canonical":"https:\/\/www.cargox.com\/noticias\/2018\/06\/18\/carguero-turco-se-hunde-en-el-mar-adriatico\/","og_locale":"es_ES","og_type":"article","og_title":"Carguero turco se hunde en el Mar Adri\u00e1tico - Noticias y Art\u00edculos de Cargox","og_description":"El Carguero MV HAKSA, con bandera de Palau, report\u00f3 ingreso de agua a su sala de m\u00e1quinas y consiguiente hundimiento en el Mar Adri\u00e1tico, a 40 millas n\u00e1uticas de Sibenik, Croacia. El barco se encontraba en ruta desde Izmit, Turqu\u00eda, hacia Koper, en Eslovenia, con una tripulaci\u00f3n de 13 marineros. Su cargamento consiste en 3000...","og_url":"https:\/\/www.cargox.com\/noticias\/2018\/06\/18\/carguero-turco-se-hunde-en-el-mar-adriatico\/","og_site_name":"Noticias y Art\u00edculos de Cargox","article_published_time":"2018-06-18T19:06:34+00:00","article_modified_time":"2018-06-18T20:27:17+00:00","og_image":[{"url":"https:\/\/www.cargox.com\/noticias\/wp-content\/uploads\/2018\/06\/haksa.jpg","type":"","width":"","height":""}],"author":"gvkadmin","twitter_card":"summary_large_image","twitter_misc":{"Written by":"gvkadmin","Est. reading time":"2 minutos"},"schema":{"@context":"https:\/\/schema.org","@graph":[{"@type":"Article","@id":"https:\/\/www.cargox.com\/noticias\/2018\/06\/18\/carguero-turco-se-hunde-en-el-mar-adriatico\/#article","isPartOf":{"@id":"https:\/\/www.cargox.com\/noticias\/2018\/06\/18\/carguero-turco-se-hunde-en-el-mar-adriatico\/"},"author":{"name":"gvkadmin","@id":"https:\/\/www.cargox.com\/noticias\/#\/schema\/person\/c432f1d41544d9b7e0d0befcf9005056"},"headline":"Carguero turco se hunde en el Mar Adri\u00e1tico","datePublished":"2018-06-18T19:06:34+00:00","dateModified":"2018-06-18T20:27:17+00:00","mainEntityOfPage":{"@id":"https:\/\/www.cargox.com\/noticias\/2018\/06\/18\/carguero-turco-se-hunde-en-el-mar-adriatico\/"},"wordCount":407,"commentCount":0,"image":{"@id":"https:\/\/www.cargox.com\/noticias\/2018\/06\/18\/carguero-turco-se-hunde-en-el-mar-adriatico\/#primaryimage"},"thumbnailUrl":"https:\/\/www.cargox.com\/noticias\/wp-content\/uploads\/2018\/06\/haksa.jpg","keywords":["hundiendo","hunimiento","MV HAKSA","seguro de carga","seguro de responsabilidad civil","seguro de transporte de carga"],"articleSection":["Noticias"],"inLanguage":"es-CR","potentialAction":[{"@type":"CommentAction","name":"Comment","target":["https:\/\/www.cargox.com\/noticias\/2018\/06\/18\/carguero-turco-se-hunde-en-el-mar-adriatico\/#respond"]}]},{"@type":"WebPage","@id":"https:\/\/www.cargox.com\/noticias\/2018\/06\/18\/carguero-turco-se-hunde-en-el-mar-adriatico\/","url":"https:\/\/www.cargox.com\/noticias\/2018\/06\/18\/carguero-turco-se-hunde-en-el-mar-adriatico\/","name":"Carguero turco se hunde en el Mar Adri\u00e1tico - Noticias y Art\u00edculos de Cargox","isPartOf":{"@id":"https:\/\/www.cargox.com\/noticias\/#website"},"primaryImageOfPage":{"@id":"https:\/\/www.cargox.com\/noticias\/2018\/06\/18\/carguero-turco-se-hunde-en-el-mar-adriatico\/#primaryimage"},"image":{"@id":"https:\/\/www.cargox.com\/noticias\/2018\/06\/18\/carguero-turco-se-hunde-en-el-mar-adriatico\/#primaryimage"},"thumbnailUrl":"https:\/\/www.cargox.com\/noticias\/wp-content\/uploads\/2018\/06\/haksa.jpg","datePublished":"2018-06-18T19:06:34+00:00","dateModified":"2018-06-18T20:27:17+00:00","author":{"@id":"https:\/\/www.cargox.com\/noticias\/#\/schema\/person\/c432f1d41544d9b7e0d0befcf9005056"},"breadcrumb":{"@id":"https:\/\/www.cargox.com\/noticias\/2018\/06\/18\/carguero-turco-se-hunde-en-el-mar-adriatico\/#breadcrumb"},"inLanguage":"es-CR","potentialAction":[{"@type":"ReadAction","target":["https:\/\/www.cargox.com\/noticias\/2018\/06\/18\/carguero-turco-se-hunde-en-el-mar-adriatico\/"]}]},{"@type":"ImageObject","inLanguage":"es-CR","@id":"https:\/\/www.cargox.com\/noticias\/2018\/06\/18\/carguero-turco-se-hunde-en-el-mar-adriatico\/#primaryimage","url":"https:\/\/www.cargox.com\/noticias\/wp-content\/uploads\/2018\/06\/haksa.jpg","contentUrl":"https:\/\/www.cargox.com\/noticias\/wp-content\/uploads\/2018\/06\/haksa.jpg"},{"@type":"BreadcrumbList","@id":"https:\/\/www.cargox.com\/noticias\/2018\/06\/18\/carguero-turco-se-hunde-en-el-mar-adriatico\/#breadcrumb","itemListElement":[{"@type":"ListItem","position":1,"name":"Home","item":"https:\/\/www.cargox.com\/noticias\/"},{"@type":"ListItem","position":2,"name":"Carguero turco se hunde en el Mar Adri\u00e1tico"}]},{"@type":"WebSite","@id":"https:\/\/www.cargox.com\/noticias\/#website","url":"https:\/\/www.cargox.com\/noticias\/","name":"Noticias y Art\u00edculos de Cargox","description":"Blog de Cargox, para profesionales en log\u00edstica y transporte internacional de carga.","potentialAction":[{"@type":"SearchAction","target":{"@type":"EntryPoint","urlTemplate":"https:\/\/www.cargox.com\/noticias\/?s={search_term_string}"},"query-input":{"@type":"PropertyValueSpecification","valueRequired":true,"valueName":"search_term_string"}}],"inLanguage":"es-CR"},{"@type":"Person","@id":"https:\/\/www.cargox.com\/noticias\/#\/schema\/person\/c432f1d41544d9b7e0d0befcf9005056","name":"gvkadmin","image":{"@type":"ImageObject","inLanguage":"es-CR","@id":"https:\/\/secure.gravatar.com\/avatar\/eb8b9c8fca0ed0dd4bd390a6ef3ed5a3f61d978f75a18e8b9416c09f85088c6d?s=96&d=mm&r=g","url":"https:\/\/secure.gravatar.com\/avatar\/eb8b9c8fca0ed0dd4bd390a6ef3ed5a3f61d978f75a18e8b9416c09f85088c6d?s=96&d=mm&r=g","contentUrl":"https:\/\/secure.gravatar.com\/avatar\/eb8b9c8fca0ed0dd4bd390a6ef3ed5a3f61d978f75a18e8b9416c09f85088c6d?s=96&d=mm&r=g","caption":"gvkadmin"},"description":"Experto en comercio Internacional, Log\u00edstica y Seguros de Transporte de Carga. CEO de Cargox PTY s.a. (www.cargox.com) Experiencia de m\u00e1s de 30 a\u00f1os en Freight Forwarding y Log\u00edstica (www.multitrans-sjo.net). Experto en Inform\u00e1tica y Socio en ComGlobal IT (www.comglobalit.com)","sameAs":["http:\/\/www.cargox.com"],"url":"https:\/\/www.cargox.com\/noticias\/author\/gvkadmin\/"}]}},"_links":{"self":[{"href":"https:\/\/www.cargox.com\/noticias\/wp-json\/wp\/v2\/posts\/595","targetHints":{"allow":["GET"]}}],"collection":[{"href":"https:\/\/www.cargox.com\/noticias\/wp-json\/wp\/v2\/posts"}],"about":[{"href":"https:\/\/www.cargox.com\/noticias\/wp-json\/wp\/v2\/types\/post"}],"author":[{"embeddable":true,"href":"https:\/\/www.cargox.com\/noticias\/wp-json\/wp\/v2\/users\/1"}],"replies":[{"embeddable":true,"href":"https:\/\/www.cargox.com\/noticias\/wp-json\/wp\/v2\/comments?post=595"}],"version-history":[{"count":4,"href":"https:\/\/www.cargox.com\/noticias\/wp-json\/wp\/v2\/posts\/595\/revisions"}],"predecessor-version":[{"id":601,"href":"https:\/\/www.cargox.com\/noticias\/wp-json\/wp\/v2\/posts\/595\/revisions\/601"}],"wp:attachment":[{"href":"https:\/\/www.cargox.com\/noticias\/wp-json\/wp\/v2\/media?parent=595"}],"wp:term":[{"taxonomy":"category","embeddable":true,"href":"https:\/\/www.cargox.com\/noticias\/wp-json\/wp\/v2\/categories?post=595"},{"taxonomy":"post_tag","embeddable":true,"href":"https:\/\/www.cargox.com\/noticias\/wp-json\/wp\/v2\/tags?post=595"}],"curies":[{"name":"wp","href":"https:\/\/api.w.org\/{rel}","templated":true}]}}