{"id":634,"date":"2018-06-22T17:12:46","date_gmt":"2018-06-22T22:12:46","guid":{"rendered":"https:\/\/www.cargox.com\/noticias\/?p=634"},"modified":"2018-06-22T19:09:03","modified_gmt":"2018-06-23T00:09:03","slug":"porta-contenedores-de-evergreen-colisiona-con-carguero-en-kaohsiung","status":"publish","type":"post","link":"https:\/\/www.cargox.com\/noticias\/2018\/06\/22\/porta-contenedores-de-evergreen-colisiona-con-carguero-en-kaohsiung\/","title":{"rendered":"Porta-Contenedores de Evergreen colisiona con carguero en Kaohsiung"},"content":{"rendered":"<p>(<img loading=\"lazy\" decoding=\"async\" class=\"size-medium wp-image-635 alignleft\" src=\"https:\/\/www.cargox.com\/noticias\/wp-content\/uploads\/2018\/06\/everLadenChinaSteelInnovator-300x179.jpg\" alt=\"\" width=\"300\" height=\"179\" srcset=\"https:\/\/www.cargox.com\/noticias\/wp-content\/uploads\/2018\/06\/everLadenChinaSteelInnovator-300x179.jpg 300w, https:\/\/www.cargox.com\/noticias\/wp-content\/uploads\/2018\/06\/everLadenChinaSteelInnovator-150x90.jpg 150w, https:\/\/www.cargox.com\/noticias\/wp-content\/uploads\/2018\/06\/everLadenChinaSteelInnovator.jpg 670w\" sizes=\"auto, (max-width: 300px) 100vw, 300px\" \/>Kaohsiung, 19.6.2018) El EVER LADEN (perteneciente a Evergreen) tuvo una colisi\u00f3n con el carguero CHINA STEEL INNOVATOR en Kaohsiung, Taiw\u00e1n. El accidente se debi\u00f3 aparentemente al movimiento de inercia del carguero, el cual estaba siendo asistido por tres remolcadores. Contaba con dos pilotos a bordo. Se informa que a pesar de haber lanzado dos anclas, adem\u00e1s de los esfuerzos de todas las partes, no lograron alterar el curso para evitar la colisi\u00f3n.<\/p>\n<p>El CHINA STEEL INNOVATO golpe\u00f3 la popa del EVER LADEN. No se reportan heridos ni da\u00f1os en cargas. Ambos barcos permanecen en Kaohsiung, a la espera de las investigaciones de las autoridades portuarias.<\/p>\n<p style=\"text-align: center;\"><a href=\"https:\/\/www.cargox.com\/contacto.php\"><img loading=\"lazy\" decoding=\"async\" class=\"size-full wp-image-136 aligncenter\" src=\"https:\/\/www.cargox.com\/noticias\/wp-content\/uploads\/2018\/04\/button.png\" sizes=\"auto, (max-width: 209px) 100vw, 209px\" srcset=\"https:\/\/www.cargox.com\/noticias\/wp-content\/uploads\/2018\/04\/button.png 209w, https:\/\/www.cargox.com\/noticias\/wp-content\/uploads\/2018\/04\/button-150x35.png 150w\" alt=\"Contactenos\" width=\"209\" height=\"49\" \/><\/a>Seguros de Transporte de Carga.<br \/>\nSeguros de Stock-Throughput.<br \/>\nSeguro de Responsabilidad Civil.<br \/>\nAsesor\u00eda en Gesti\u00f3n de Reclamo<\/p>\n<p>(Fuentes: gCaptain, Fleetmon, World Maritime News)<\/p>\n","protected":false},"excerpt":{"rendered":"<p>(Kaohsiung, 19.6.2018) El EVER LADEN (perteneciente a Evergreen) tuvo una colisi\u00f3n con el carguero CHINA STEEL INNOVATOR en Kaohsiung, Taiw\u00e1n. El accidente se debi\u00f3 aparentemente al movimiento de inercia del carguero, el cual estaba siendo asistido por tres remolcadores. Contaba con dos pilotos a bordo. Se informa que a pesar de haber lanzado dos anclas,&#8230;<\/p>\n","protected":false},"author":1,"featured_media":0,"comment_status":"open","ping_status":"open","sticky":false,"template":"","format":"standard","meta":{"footnotes":""},"categories":[3],"tags":[21,189,9,47,46],"class_list":["post-634","post","type-post","status-publish","format-standard","hentry","category-noticias","tag-colision","tag-evergreen","tag-seguro-de-carga","tag-seguro-de-responsabilidad-civil","tag-seguro-de-transporte-de-carga"],"yoast_head":"<!-- This site is optimized with the Yoast SEO plugin v27.2 - https:\/\/yoast.com\/product\/yoast-seo-wordpress\/ -->\n<title>Porta-Contenedores de Evergreen colisiona con carguero en Kaohsiung - Noticias y Art\u00edculos de Cargox<\/title>\n<meta name=\"robots\" content=\"index, follow, max-snippet:-1, max-image-preview:large, max-video-preview:-1\" \/>\n<link rel=\"canonical\" href=\"https:\/\/www.cargox.com\/noticias\/2018\/06\/22\/porta-contenedores-de-evergreen-colisiona-con-carguero-en-kaohsiung\/\" \/>\n<meta property=\"og:locale\" content=\"es_ES\" \/>\n<meta property=\"og:type\" content=\"article\" \/>\n<meta property=\"og:title\" content=\"Porta-Contenedores de Evergreen colisiona con carguero en Kaohsiung - Noticias y Art\u00edculos de Cargox\" \/>\n<meta property=\"og:description\" content=\"(Kaohsiung, 19.6.2018) El EVER LADEN (perteneciente a Evergreen) tuvo una colisi\u00f3n con el carguero CHINA STEEL INNOVATOR en Kaohsiung, Taiw\u00e1n. El accidente se debi\u00f3 aparentemente al movimiento de inercia del carguero, el cual estaba siendo asistido por tres remolcadores. Contaba con dos pilotos a bordo. Se informa que a pesar de haber lanzado dos anclas,...\" \/>\n<meta property=\"og:url\" content=\"https:\/\/www.cargox.com\/noticias\/2018\/06\/22\/porta-contenedores-de-evergreen-colisiona-con-carguero-en-kaohsiung\/\" \/>\n<meta property=\"og:site_name\" content=\"Noticias y Art\u00edculos de Cargox\" \/>\n<meta property=\"article:published_time\" content=\"2018-06-22T22:12:46+00:00\" \/>\n<meta property=\"article:modified_time\" content=\"2018-06-23T00:09:03+00:00\" \/>\n<meta property=\"og:image\" content=\"https:\/\/www.cargox.com\/noticias\/wp-content\/uploads\/2018\/06\/everLadenChinaSteelInnovator-300x179.jpg\" \/>\n<meta name=\"author\" content=\"gvkadmin\" \/>\n<meta name=\"twitter:card\" content=\"summary_large_image\" \/>\n<meta name=\"twitter:label1\" content=\"Written by\" \/>\n\t<meta name=\"twitter:data1\" content=\"gvkadmin\" \/>\n\t<meta name=\"twitter:label2\" content=\"Est. reading time\" \/>\n\t<meta name=\"twitter:data2\" content=\"1 minuto\" \/>\n<script type=\"application\/ld+json\" class=\"yoast-schema-graph\">{\"@context\":\"https:\/\/schema.org\",\"@graph\":[{\"@type\":\"Article\",\"@id\":\"https:\/\/www.cargox.com\/noticias\/2018\/06\/22\/porta-contenedores-de-evergreen-colisiona-con-carguero-en-kaohsiung\/#article\",\"isPartOf\":{\"@id\":\"https:\/\/www.cargox.com\/noticias\/2018\/06\/22\/porta-contenedores-de-evergreen-colisiona-con-carguero-en-kaohsiung\/\"},\"author\":{\"name\":\"gvkadmin\",\"@id\":\"https:\/\/www.cargox.com\/noticias\/#\/schema\/person\/c432f1d41544d9b7e0d0befcf9005056\"},\"headline\":\"Porta-Contenedores de Evergreen colisiona con carguero en Kaohsiung\",\"datePublished\":\"2018-06-22T22:12:46+00:00\",\"dateModified\":\"2018-06-23T00:09:03+00:00\",\"mainEntityOfPage\":{\"@id\":\"https:\/\/www.cargox.com\/noticias\/2018\/06\/22\/porta-contenedores-de-evergreen-colisiona-con-carguero-en-kaohsiung\/\"},\"wordCount\":142,\"commentCount\":0,\"image\":{\"@id\":\"https:\/\/www.cargox.com\/noticias\/2018\/06\/22\/porta-contenedores-de-evergreen-colisiona-con-carguero-en-kaohsiung\/#primaryimage\"},\"thumbnailUrl\":\"https:\/\/www.cargox.com\/noticias\/wp-content\/uploads\/2018\/06\/everLadenChinaSteelInnovator-300x179.jpg\",\"keywords\":[\"colisi\u00f3n\",\"evergreen\",\"seguro de carga\",\"seguro de responsabilidad civil\",\"seguro de transporte de carga\"],\"articleSection\":[\"Noticias\"],\"inLanguage\":\"es-CR\",\"potentialAction\":[{\"@type\":\"CommentAction\",\"name\":\"Comment\",\"target\":[\"https:\/\/www.cargox.com\/noticias\/2018\/06\/22\/porta-contenedores-de-evergreen-colisiona-con-carguero-en-kaohsiung\/#respond\"]}]},{\"@type\":\"WebPage\",\"@id\":\"https:\/\/www.cargox.com\/noticias\/2018\/06\/22\/porta-contenedores-de-evergreen-colisiona-con-carguero-en-kaohsiung\/\",\"url\":\"https:\/\/www.cargox.com\/noticias\/2018\/06\/22\/porta-contenedores-de-evergreen-colisiona-con-carguero-en-kaohsiung\/\",\"name\":\"Porta-Contenedores de Evergreen colisiona con carguero en Kaohsiung - Noticias y Art\u00edculos de Cargox\",\"isPartOf\":{\"@id\":\"https:\/\/www.cargox.com\/noticias\/#website\"},\"primaryImageOfPage\":{\"@id\":\"https:\/\/www.cargox.com\/noticias\/2018\/06\/22\/porta-contenedores-de-evergreen-colisiona-con-carguero-en-kaohsiung\/#primaryimage\"},\"image\":{\"@id\":\"https:\/\/www.cargox.com\/noticias\/2018\/06\/22\/porta-contenedores-de-evergreen-colisiona-con-carguero-en-kaohsiung\/#primaryimage\"},\"thumbnailUrl\":\"https:\/\/www.cargox.com\/noticias\/wp-content\/uploads\/2018\/06\/everLadenChinaSteelInnovator-300x179.jpg\",\"datePublished\":\"2018-06-22T22:12:46+00:00\",\"dateModified\":\"2018-06-23T00:09:03+00:00\",\"author\":{\"@id\":\"https:\/\/www.cargox.com\/noticias\/#\/schema\/person\/c432f1d41544d9b7e0d0befcf9005056\"},\"breadcrumb\":{\"@id\":\"https:\/\/www.cargox.com\/noticias\/2018\/06\/22\/porta-contenedores-de-evergreen-colisiona-con-carguero-en-kaohsiung\/#breadcrumb\"},\"inLanguage\":\"es-CR\",\"potentialAction\":[{\"@type\":\"ReadAction\",\"target\":[\"https:\/\/www.cargox.com\/noticias\/2018\/06\/22\/porta-contenedores-de-evergreen-colisiona-con-carguero-en-kaohsiung\/\"]}]},{\"@type\":\"ImageObject\",\"inLanguage\":\"es-CR\",\"@id\":\"https:\/\/www.cargox.com\/noticias\/2018\/06\/22\/porta-contenedores-de-evergreen-colisiona-con-carguero-en-kaohsiung\/#primaryimage\",\"url\":\"https:\/\/www.cargox.com\/noticias\/wp-content\/uploads\/2018\/06\/everLadenChinaSteelInnovator-300x179.jpg\",\"contentUrl\":\"https:\/\/www.cargox.com\/noticias\/wp-content\/uploads\/2018\/06\/everLadenChinaSteelInnovator-300x179.jpg\"},{\"@type\":\"BreadcrumbList\",\"@id\":\"https:\/\/www.cargox.com\/noticias\/2018\/06\/22\/porta-contenedores-de-evergreen-colisiona-con-carguero-en-kaohsiung\/#breadcrumb\",\"itemListElement\":[{\"@type\":\"ListItem\",\"position\":1,\"name\":\"Home\",\"item\":\"https:\/\/www.cargox.com\/noticias\/\"},{\"@type\":\"ListItem\",\"position\":2,\"name\":\"Porta-Contenedores de Evergreen colisiona con carguero en Kaohsiung\"}]},{\"@type\":\"WebSite\",\"@id\":\"https:\/\/www.cargox.com\/noticias\/#website\",\"url\":\"https:\/\/www.cargox.com\/noticias\/\",\"name\":\"Noticias y Art\u00edculos de Cargox\",\"description\":\"Blog de Cargox, para profesionales en log\u00edstica y transporte internacional de carga.\",\"potentialAction\":[{\"@type\":\"SearchAction\",\"target\":{\"@type\":\"EntryPoint\",\"urlTemplate\":\"https:\/\/www.cargox.com\/noticias\/?s={search_term_string}\"},\"query-input\":{\"@type\":\"PropertyValueSpecification\",\"valueRequired\":true,\"valueName\":\"search_term_string\"}}],\"inLanguage\":\"es-CR\"},{\"@type\":\"Person\",\"@id\":\"https:\/\/www.cargox.com\/noticias\/#\/schema\/person\/c432f1d41544d9b7e0d0befcf9005056\",\"name\":\"gvkadmin\",\"image\":{\"@type\":\"ImageObject\",\"inLanguage\":\"es-CR\",\"@id\":\"https:\/\/secure.gravatar.com\/avatar\/eb8b9c8fca0ed0dd4bd390a6ef3ed5a3f61d978f75a18e8b9416c09f85088c6d?s=96&d=mm&r=g\",\"url\":\"https:\/\/secure.gravatar.com\/avatar\/eb8b9c8fca0ed0dd4bd390a6ef3ed5a3f61d978f75a18e8b9416c09f85088c6d?s=96&d=mm&r=g\",\"contentUrl\":\"https:\/\/secure.gravatar.com\/avatar\/eb8b9c8fca0ed0dd4bd390a6ef3ed5a3f61d978f75a18e8b9416c09f85088c6d?s=96&d=mm&r=g\",\"caption\":\"gvkadmin\"},\"description\":\"Experto en comercio Internacional, Log\u00edstica y Seguros de Transporte de Carga. CEO de Cargox PTY s.a. (www.cargox.com) Experiencia de m\u00e1s de 30 a\u00f1os en Freight Forwarding y Log\u00edstica (www.multitrans-sjo.net). Experto en Inform\u00e1tica y Socio en ComGlobal IT (www.comglobalit.com)\",\"sameAs\":[\"http:\/\/www.cargox.com\"],\"url\":\"https:\/\/www.cargox.com\/noticias\/author\/gvkadmin\/\"}]}<\/script>\n<!-- \/ Yoast SEO plugin. -->","yoast_head_json":{"title":"Porta-Contenedores de Evergreen colisiona con carguero en Kaohsiung - Noticias y Art\u00edculos de Cargox","robots":{"index":"index","follow":"follow","max-snippet":"max-snippet:-1","max-image-preview":"max-image-preview:large","max-video-preview":"max-video-preview:-1"},"canonical":"https:\/\/www.cargox.com\/noticias\/2018\/06\/22\/porta-contenedores-de-evergreen-colisiona-con-carguero-en-kaohsiung\/","og_locale":"es_ES","og_type":"article","og_title":"Porta-Contenedores de Evergreen colisiona con carguero en Kaohsiung - Noticias y Art\u00edculos de Cargox","og_description":"(Kaohsiung, 19.6.2018) El EVER LADEN (perteneciente a Evergreen) tuvo una colisi\u00f3n con el carguero CHINA STEEL INNOVATOR en Kaohsiung, Taiw\u00e1n. El accidente se debi\u00f3 aparentemente al movimiento de inercia del carguero, el cual estaba siendo asistido por tres remolcadores. Contaba con dos pilotos a bordo. Se informa que a pesar de haber lanzado dos anclas,...","og_url":"https:\/\/www.cargox.com\/noticias\/2018\/06\/22\/porta-contenedores-de-evergreen-colisiona-con-carguero-en-kaohsiung\/","og_site_name":"Noticias y Art\u00edculos de Cargox","article_published_time":"2018-06-22T22:12:46+00:00","article_modified_time":"2018-06-23T00:09:03+00:00","og_image":[{"url":"https:\/\/www.cargox.com\/noticias\/wp-content\/uploads\/2018\/06\/everLadenChinaSteelInnovator-300x179.jpg","type":"","width":"","height":""}],"author":"gvkadmin","twitter_card":"summary_large_image","twitter_misc":{"Written by":"gvkadmin","Est. reading time":"1 minuto"},"schema":{"@context":"https:\/\/schema.org","@graph":[{"@type":"Article","@id":"https:\/\/www.cargox.com\/noticias\/2018\/06\/22\/porta-contenedores-de-evergreen-colisiona-con-carguero-en-kaohsiung\/#article","isPartOf":{"@id":"https:\/\/www.cargox.com\/noticias\/2018\/06\/22\/porta-contenedores-de-evergreen-colisiona-con-carguero-en-kaohsiung\/"},"author":{"name":"gvkadmin","@id":"https:\/\/www.cargox.com\/noticias\/#\/schema\/person\/c432f1d41544d9b7e0d0befcf9005056"},"headline":"Porta-Contenedores de Evergreen colisiona con carguero en Kaohsiung","datePublished":"2018-06-22T22:12:46+00:00","dateModified":"2018-06-23T00:09:03+00:00","mainEntityOfPage":{"@id":"https:\/\/www.cargox.com\/noticias\/2018\/06\/22\/porta-contenedores-de-evergreen-colisiona-con-carguero-en-kaohsiung\/"},"wordCount":142,"commentCount":0,"image":{"@id":"https:\/\/www.cargox.com\/noticias\/2018\/06\/22\/porta-contenedores-de-evergreen-colisiona-con-carguero-en-kaohsiung\/#primaryimage"},"thumbnailUrl":"https:\/\/www.cargox.com\/noticias\/wp-content\/uploads\/2018\/06\/everLadenChinaSteelInnovator-300x179.jpg","keywords":["colisi\u00f3n","evergreen","seguro de carga","seguro de responsabilidad civil","seguro de transporte de carga"],"articleSection":["Noticias"],"inLanguage":"es-CR","potentialAction":[{"@type":"CommentAction","name":"Comment","target":["https:\/\/www.cargox.com\/noticias\/2018\/06\/22\/porta-contenedores-de-evergreen-colisiona-con-carguero-en-kaohsiung\/#respond"]}]},{"@type":"WebPage","@id":"https:\/\/www.cargox.com\/noticias\/2018\/06\/22\/porta-contenedores-de-evergreen-colisiona-con-carguero-en-kaohsiung\/","url":"https:\/\/www.cargox.com\/noticias\/2018\/06\/22\/porta-contenedores-de-evergreen-colisiona-con-carguero-en-kaohsiung\/","name":"Porta-Contenedores de Evergreen colisiona con carguero en Kaohsiung - Noticias y Art\u00edculos de Cargox","isPartOf":{"@id":"https:\/\/www.cargox.com\/noticias\/#website"},"primaryImageOfPage":{"@id":"https:\/\/www.cargox.com\/noticias\/2018\/06\/22\/porta-contenedores-de-evergreen-colisiona-con-carguero-en-kaohsiung\/#primaryimage"},"image":{"@id":"https:\/\/www.cargox.com\/noticias\/2018\/06\/22\/porta-contenedores-de-evergreen-colisiona-con-carguero-en-kaohsiung\/#primaryimage"},"thumbnailUrl":"https:\/\/www.cargox.com\/noticias\/wp-content\/uploads\/2018\/06\/everLadenChinaSteelInnovator-300x179.jpg","datePublished":"2018-06-22T22:12:46+00:00","dateModified":"2018-06-23T00:09:03+00:00","author":{"@id":"https:\/\/www.cargox.com\/noticias\/#\/schema\/person\/c432f1d41544d9b7e0d0befcf9005056"},"breadcrumb":{"@id":"https:\/\/www.cargox.com\/noticias\/2018\/06\/22\/porta-contenedores-de-evergreen-colisiona-con-carguero-en-kaohsiung\/#breadcrumb"},"inLanguage":"es-CR","potentialAction":[{"@type":"ReadAction","target":["https:\/\/www.cargox.com\/noticias\/2018\/06\/22\/porta-contenedores-de-evergreen-colisiona-con-carguero-en-kaohsiung\/"]}]},{"@type":"ImageObject","inLanguage":"es-CR","@id":"https:\/\/www.cargox.com\/noticias\/2018\/06\/22\/porta-contenedores-de-evergreen-colisiona-con-carguero-en-kaohsiung\/#primaryimage","url":"https:\/\/www.cargox.com\/noticias\/wp-content\/uploads\/2018\/06\/everLadenChinaSteelInnovator-300x179.jpg","contentUrl":"https:\/\/www.cargox.com\/noticias\/wp-content\/uploads\/2018\/06\/everLadenChinaSteelInnovator-300x179.jpg"},{"@type":"BreadcrumbList","@id":"https:\/\/www.cargox.com\/noticias\/2018\/06\/22\/porta-contenedores-de-evergreen-colisiona-con-carguero-en-kaohsiung\/#breadcrumb","itemListElement":[{"@type":"ListItem","position":1,"name":"Home","item":"https:\/\/www.cargox.com\/noticias\/"},{"@type":"ListItem","position":2,"name":"Porta-Contenedores de Evergreen colisiona con carguero en Kaohsiung"}]},{"@type":"WebSite","@id":"https:\/\/www.cargox.com\/noticias\/#website","url":"https:\/\/www.cargox.com\/noticias\/","name":"Noticias y Art\u00edculos de Cargox","description":"Blog de Cargox, para profesionales en log\u00edstica y transporte internacional de carga.","potentialAction":[{"@type":"SearchAction","target":{"@type":"EntryPoint","urlTemplate":"https:\/\/www.cargox.com\/noticias\/?s={search_term_string}"},"query-input":{"@type":"PropertyValueSpecification","valueRequired":true,"valueName":"search_term_string"}}],"inLanguage":"es-CR"},{"@type":"Person","@id":"https:\/\/www.cargox.com\/noticias\/#\/schema\/person\/c432f1d41544d9b7e0d0befcf9005056","name":"gvkadmin","image":{"@type":"ImageObject","inLanguage":"es-CR","@id":"https:\/\/secure.gravatar.com\/avatar\/eb8b9c8fca0ed0dd4bd390a6ef3ed5a3f61d978f75a18e8b9416c09f85088c6d?s=96&d=mm&r=g","url":"https:\/\/secure.gravatar.com\/avatar\/eb8b9c8fca0ed0dd4bd390a6ef3ed5a3f61d978f75a18e8b9416c09f85088c6d?s=96&d=mm&r=g","contentUrl":"https:\/\/secure.gravatar.com\/avatar\/eb8b9c8fca0ed0dd4bd390a6ef3ed5a3f61d978f75a18e8b9416c09f85088c6d?s=96&d=mm&r=g","caption":"gvkadmin"},"description":"Experto en comercio Internacional, Log\u00edstica y Seguros de Transporte de Carga. CEO de Cargox PTY s.a. (www.cargox.com) Experiencia de m\u00e1s de 30 a\u00f1os en Freight Forwarding y Log\u00edstica (www.multitrans-sjo.net). Experto en Inform\u00e1tica y Socio en ComGlobal IT (www.comglobalit.com)","sameAs":["http:\/\/www.cargox.com"],"url":"https:\/\/www.cargox.com\/noticias\/author\/gvkadmin\/"}]}},"_links":{"self":[{"href":"https:\/\/www.cargox.com\/noticias\/wp-json\/wp\/v2\/posts\/634","targetHints":{"allow":["GET"]}}],"collection":[{"href":"https:\/\/www.cargox.com\/noticias\/wp-json\/wp\/v2\/posts"}],"about":[{"href":"https:\/\/www.cargox.com\/noticias\/wp-json\/wp\/v2\/types\/post"}],"author":[{"embeddable":true,"href":"https:\/\/www.cargox.com\/noticias\/wp-json\/wp\/v2\/users\/1"}],"replies":[{"embeddable":true,"href":"https:\/\/www.cargox.com\/noticias\/wp-json\/wp\/v2\/comments?post=634"}],"version-history":[{"count":2,"href":"https:\/\/www.cargox.com\/noticias\/wp-json\/wp\/v2\/posts\/634\/revisions"}],"predecessor-version":[{"id":639,"href":"https:\/\/www.cargox.com\/noticias\/wp-json\/wp\/v2\/posts\/634\/revisions\/639"}],"wp:attachment":[{"href":"https:\/\/www.cargox.com\/noticias\/wp-json\/wp\/v2\/media?parent=634"}],"wp:term":[{"taxonomy":"category","embeddable":true,"href":"https:\/\/www.cargox.com\/noticias\/wp-json\/wp\/v2\/categories?post=634"},{"taxonomy":"post_tag","embeddable":true,"href":"https:\/\/www.cargox.com\/noticias\/wp-json\/wp\/v2\/tags?post=634"}],"curies":[{"name":"wp","href":"https:\/\/api.w.org\/{rel}","templated":true}]}}