{"id":640,"date":"2018-06-26T21:50:11","date_gmt":"2018-06-27T02:50:11","guid":{"rendered":"https:\/\/www.cargox.com\/noticias\/?p=640"},"modified":"2018-07-16T12:15:25","modified_gmt":"2018-07-16T17:15:25","slug":"harley-davidson-calentando-motores-para-salir-en-dos-ruedas-desde-ee-uu","status":"publish","type":"post","link":"https:\/\/www.cargox.com\/noticias\/2018\/06\/26\/harley-davidson-calentando-motores-para-salir-en-dos-ruedas-desde-ee-uu\/","title":{"rendered":"Harley-Davidson calentando motores para salir en dos ruedas desde EE.UU."},"content":{"rendered":"<p style=\"text-align: center;\"><img loading=\"lazy\" decoding=\"async\" class=\"alignnone wp-image-642\" src=\"https:\/\/www.cargox.com\/noticias\/wp-content\/uploads\/2018\/06\/Foto-historica-300x169.jpg\" alt=\"\" width=\"499\" height=\"281\" srcset=\"https:\/\/www.cargox.com\/noticias\/wp-content\/uploads\/2018\/06\/Foto-historica-300x169.jpg 300w, https:\/\/www.cargox.com\/noticias\/wp-content\/uploads\/2018\/06\/Foto-historica-768x434.jpg 768w, https:\/\/www.cargox.com\/noticias\/wp-content\/uploads\/2018\/06\/Foto-historica-150x85.jpg 150w, https:\/\/www.cargox.com\/noticias\/wp-content\/uploads\/2018\/06\/Foto-historica.jpg 930w\" sizes=\"auto, (max-width: 499px) 100vw, 499px\" \/><\/p>\n<p style=\"text-align: center;\">Esta foto ya es historia<\/p>\n<h2>Harley-Davidson quiere evitar el sobreimpuesto para sus motocicletas en Europa<\/h2>\n<p>A principios de este mes de junio, publicamos los comentarios del renombrado economista franc\u00e9s Guy Sorman, quien dijo que ser\u00edan \u201clos propios estadounidenses los m\u00e1s perjudicados con las medidas arancelarias adoptadas por Donald Trump, puesto que los aranceles tendr\u00e1n un costo \u201cdram\u00e1tico\u201d para consumidores y productores. \u201cLos precios de los autom\u00f3viles van a empezar a subir de manera importante, afectando a la industria.\u201d<\/p>\n<p><span style=\"color: #ffffff;\">.<\/span><\/p>\n<p>No han pasado ni veinte d\u00edas y ya se dio algo similar con un primer caso: Harley-Davidson revel\u00f3 su intenci\u00f3n de trasladar parte de la fabricaci\u00f3n de sus motocicletas a otras latitudes. \u00bfPara qu\u00e9&#8230;?, para evitar el arancel impuesto por la Uni\u00f3n Europea.<\/p>\n<p>Harley-Davidson declar\u00f3 que esta decisi\u00f3n no es por &#8220;preferencia&#8221; sino para &#8220;continuar con el negocio viable\u201d, especialmente en Europa, su mayor mercado fuera de los EE.UU.<\/p>\n<p>El nuevo arancel aumentar\u00eda su precio final al p\u00fablico europeo en alrededor de US$ 2.000.-<\/p>\n<p>Esta intenci\u00f3n de Harley-Davidson molest\u00f3 de sobremanera al presidente Donald Trump, quien amenaz\u00f3 a esta empresa con altos impuestos si despu\u00e9s regresan al pa\u00eds.<\/p>\n<p>Cosas del mercado&#8230; en el Pa\u00eds del Norte.<\/p>\n<p style=\"padding-left: 30px;\"><span style=\"color: #3366ff;\"><em><strong>Ver art\u00edculo relacionado:<\/strong><\/em><\/span><\/p>\n<p><a href=\"https:\/\/www.cargox.com\/noticias\/2018\/06\/10\/aranceles-costo-dramatico-para-estados-unidos\/\">Aranceles: Costo dram\u00e1tico para Estados Unidos<\/a><\/p>\n<p style=\"text-align: center;\"><a href=\"https:\/\/www.cargox.com\/contacto.php\"><img loading=\"lazy\" decoding=\"async\" class=\"size-full wp-image-136 aligncenter\" src=\"https:\/\/www.cargox.com\/noticias\/wp-content\/uploads\/2018\/04\/button.png\" sizes=\"auto, (max-width: 209px) 100vw, 209px\" srcset=\"https:\/\/www.cargox.com\/noticias\/wp-content\/uploads\/2018\/04\/button.png 209w, https:\/\/www.cargox.com\/noticias\/wp-content\/uploads\/2018\/04\/button-150x35.png 150w\" alt=\"Contactenos\" width=\"209\" height=\"49\" \/><\/a>Seguros de Transporte de Carga.<br \/>\nSeguros de Stock-Throughput.<br \/>\nSeguro de Responsabilidad Civil.<br \/>\nAsesor\u00eda en Gesti\u00f3n de Reclamo<\/p>\n<p><span style=\"color: #cccccc;\"><span style=\"font-size: small;\"><b>JHS<\/b><\/span><\/span><\/p>\n<p><span style=\"font-size: small;\">Fecha: 27.Jun.2018<\/span><\/p>\n<p><span style=\"font-size: small;\">Fuente: elpais.com<\/span><\/p>\n<p><span style=\"font-size: small;\">Fuente de imagen: clarin.com<\/span><\/p>\n","protected":false},"excerpt":{"rendered":"<p>Esta foto ya es historia Harley-Davidson quiere evitar el sobreimpuesto para sus motocicletas en Europa A principios de este mes de junio, publicamos los comentarios del renombrado economista franc\u00e9s Guy Sorman, quien dijo que ser\u00edan \u201clos propios estadounidenses los m\u00e1s perjudicados con las medidas arancelarias adoptadas por Donald Trump, puesto que los aranceles tendr\u00e1n un&#8230;<\/p>\n","protected":false},"author":3,"featured_media":0,"comment_status":"open","ping_status":"open","sticky":false,"template":"","format":"standard","meta":{"footnotes":""},"categories":[3],"tags":[],"class_list":["post-640","post","type-post","status-publish","format-standard","hentry","category-noticias"],"yoast_head":"<!-- This site is optimized with the Yoast SEO plugin v27.2 - https:\/\/yoast.com\/product\/yoast-seo-wordpress\/ -->\n<title>Harley-Davidson calentando motores para salir en dos ruedas desde EE.UU. - Noticias y Art\u00edculos de Cargox<\/title>\n<meta name=\"robots\" content=\"index, follow, max-snippet:-1, max-image-preview:large, max-video-preview:-1\" \/>\n<link rel=\"canonical\" href=\"https:\/\/www.cargox.com\/noticias\/2018\/06\/26\/harley-davidson-calentando-motores-para-salir-en-dos-ruedas-desde-ee-uu\/\" \/>\n<meta property=\"og:locale\" content=\"es_ES\" \/>\n<meta property=\"og:type\" content=\"article\" \/>\n<meta property=\"og:title\" content=\"Harley-Davidson calentando motores para salir en dos ruedas desde EE.UU. - Noticias y Art\u00edculos de Cargox\" \/>\n<meta property=\"og:description\" content=\"Esta foto ya es historia Harley-Davidson quiere evitar el sobreimpuesto para sus motocicletas en Europa A principios de este mes de junio, publicamos los comentarios del renombrado economista franc\u00e9s Guy Sorman, quien dijo que ser\u00edan \u201clos propios estadounidenses los m\u00e1s perjudicados con las medidas arancelarias adoptadas por Donald Trump, puesto que los aranceles tendr\u00e1n un...\" \/>\n<meta property=\"og:url\" content=\"https:\/\/www.cargox.com\/noticias\/2018\/06\/26\/harley-davidson-calentando-motores-para-salir-en-dos-ruedas-desde-ee-uu\/\" \/>\n<meta property=\"og:site_name\" content=\"Noticias y Art\u00edculos de Cargox\" \/>\n<meta property=\"article:published_time\" content=\"2018-06-27T02:50:11+00:00\" \/>\n<meta property=\"article:modified_time\" content=\"2018-07-16T17:15:25+00:00\" \/>\n<meta property=\"og:image\" content=\"https:\/\/www.cargox.com\/noticias\/wp-content\/uploads\/2018\/06\/Foto-historica-300x169.jpg\" \/>\n<meta name=\"author\" content=\"Juan Humberto Sturione\" \/>\n<meta name=\"twitter:card\" content=\"summary_large_image\" \/>\n<meta name=\"twitter:label1\" content=\"Written by\" \/>\n\t<meta name=\"twitter:data1\" content=\"Juan Humberto Sturione\" \/>\n\t<meta name=\"twitter:label2\" content=\"Est. reading time\" \/>\n\t<meta name=\"twitter:data2\" content=\"1 minuto\" \/>\n<script type=\"application\/ld+json\" class=\"yoast-schema-graph\">{\"@context\":\"https:\/\/schema.org\",\"@graph\":[{\"@type\":\"Article\",\"@id\":\"https:\/\/www.cargox.com\/noticias\/2018\/06\/26\/harley-davidson-calentando-motores-para-salir-en-dos-ruedas-desde-ee-uu\/#article\",\"isPartOf\":{\"@id\":\"https:\/\/www.cargox.com\/noticias\/2018\/06\/26\/harley-davidson-calentando-motores-para-salir-en-dos-ruedas-desde-ee-uu\/\"},\"author\":{\"name\":\"Juan Humberto Sturione\",\"@id\":\"https:\/\/www.cargox.com\/noticias\/#\/schema\/person\/6d7b10009f9e7c402dc308eed3aee29f\"},\"headline\":\"Harley-Davidson calentando motores para salir en dos ruedas desde EE.UU.\",\"datePublished\":\"2018-06-27T02:50:11+00:00\",\"dateModified\":\"2018-07-16T17:15:25+00:00\",\"mainEntityOfPage\":{\"@id\":\"https:\/\/www.cargox.com\/noticias\/2018\/06\/26\/harley-davidson-calentando-motores-para-salir-en-dos-ruedas-desde-ee-uu\/\"},\"wordCount\":264,\"commentCount\":0,\"image\":{\"@id\":\"https:\/\/www.cargox.com\/noticias\/2018\/06\/26\/harley-davidson-calentando-motores-para-salir-en-dos-ruedas-desde-ee-uu\/#primaryimage\"},\"thumbnailUrl\":\"https:\/\/www.cargox.com\/noticias\/wp-content\/uploads\/2018\/06\/Foto-historica-300x169.jpg\",\"articleSection\":[\"Noticias\"],\"inLanguage\":\"es-CR\",\"potentialAction\":[{\"@type\":\"CommentAction\",\"name\":\"Comment\",\"target\":[\"https:\/\/www.cargox.com\/noticias\/2018\/06\/26\/harley-davidson-calentando-motores-para-salir-en-dos-ruedas-desde-ee-uu\/#respond\"]}]},{\"@type\":\"WebPage\",\"@id\":\"https:\/\/www.cargox.com\/noticias\/2018\/06\/26\/harley-davidson-calentando-motores-para-salir-en-dos-ruedas-desde-ee-uu\/\",\"url\":\"https:\/\/www.cargox.com\/noticias\/2018\/06\/26\/harley-davidson-calentando-motores-para-salir-en-dos-ruedas-desde-ee-uu\/\",\"name\":\"Harley-Davidson calentando motores para salir en dos ruedas desde EE.UU. - Noticias y Art\u00edculos de Cargox\",\"isPartOf\":{\"@id\":\"https:\/\/www.cargox.com\/noticias\/#website\"},\"primaryImageOfPage\":{\"@id\":\"https:\/\/www.cargox.com\/noticias\/2018\/06\/26\/harley-davidson-calentando-motores-para-salir-en-dos-ruedas-desde-ee-uu\/#primaryimage\"},\"image\":{\"@id\":\"https:\/\/www.cargox.com\/noticias\/2018\/06\/26\/harley-davidson-calentando-motores-para-salir-en-dos-ruedas-desde-ee-uu\/#primaryimage\"},\"thumbnailUrl\":\"https:\/\/www.cargox.com\/noticias\/wp-content\/uploads\/2018\/06\/Foto-historica-300x169.jpg\",\"datePublished\":\"2018-06-27T02:50:11+00:00\",\"dateModified\":\"2018-07-16T17:15:25+00:00\",\"author\":{\"@id\":\"https:\/\/www.cargox.com\/noticias\/#\/schema\/person\/6d7b10009f9e7c402dc308eed3aee29f\"},\"breadcrumb\":{\"@id\":\"https:\/\/www.cargox.com\/noticias\/2018\/06\/26\/harley-davidson-calentando-motores-para-salir-en-dos-ruedas-desde-ee-uu\/#breadcrumb\"},\"inLanguage\":\"es-CR\",\"potentialAction\":[{\"@type\":\"ReadAction\",\"target\":[\"https:\/\/www.cargox.com\/noticias\/2018\/06\/26\/harley-davidson-calentando-motores-para-salir-en-dos-ruedas-desde-ee-uu\/\"]}]},{\"@type\":\"ImageObject\",\"inLanguage\":\"es-CR\",\"@id\":\"https:\/\/www.cargox.com\/noticias\/2018\/06\/26\/harley-davidson-calentando-motores-para-salir-en-dos-ruedas-desde-ee-uu\/#primaryimage\",\"url\":\"https:\/\/www.cargox.com\/noticias\/wp-content\/uploads\/2018\/06\/Foto-historica-300x169.jpg\",\"contentUrl\":\"https:\/\/www.cargox.com\/noticias\/wp-content\/uploads\/2018\/06\/Foto-historica-300x169.jpg\"},{\"@type\":\"BreadcrumbList\",\"@id\":\"https:\/\/www.cargox.com\/noticias\/2018\/06\/26\/harley-davidson-calentando-motores-para-salir-en-dos-ruedas-desde-ee-uu\/#breadcrumb\",\"itemListElement\":[{\"@type\":\"ListItem\",\"position\":1,\"name\":\"Home\",\"item\":\"https:\/\/www.cargox.com\/noticias\/\"},{\"@type\":\"ListItem\",\"position\":2,\"name\":\"Harley-Davidson calentando motores para salir en dos ruedas desde EE.UU.\"}]},{\"@type\":\"WebSite\",\"@id\":\"https:\/\/www.cargox.com\/noticias\/#website\",\"url\":\"https:\/\/www.cargox.com\/noticias\/\",\"name\":\"Noticias y Art\u00edculos de Cargox\",\"description\":\"Blog de Cargox, para profesionales en log\u00edstica y transporte internacional de carga.\",\"potentialAction\":[{\"@type\":\"SearchAction\",\"target\":{\"@type\":\"EntryPoint\",\"urlTemplate\":\"https:\/\/www.cargox.com\/noticias\/?s={search_term_string}\"},\"query-input\":{\"@type\":\"PropertyValueSpecification\",\"valueRequired\":true,\"valueName\":\"search_term_string\"}}],\"inLanguage\":\"es-CR\"},{\"@type\":\"Person\",\"@id\":\"https:\/\/www.cargox.com\/noticias\/#\/schema\/person\/6d7b10009f9e7c402dc308eed3aee29f\",\"name\":\"Juan Humberto Sturione\",\"image\":{\"@type\":\"ImageObject\",\"inLanguage\":\"es-CR\",\"@id\":\"https:\/\/secure.gravatar.com\/avatar\/753a6443c62b1adf380389dffa0b643d5ec2e03319839276b34050cf5961407d?s=96&d=mm&r=g\",\"url\":\"https:\/\/secure.gravatar.com\/avatar\/753a6443c62b1adf380389dffa0b643d5ec2e03319839276b34050cf5961407d?s=96&d=mm&r=g\",\"contentUrl\":\"https:\/\/secure.gravatar.com\/avatar\/753a6443c62b1adf380389dffa0b643d5ec2e03319839276b34050cf5961407d?s=96&d=mm&r=g\",\"caption\":\"Juan Humberto Sturione\"},\"sameAs\":[\"http:\/\/www.cargox.com\"],\"url\":\"https:\/\/www.cargox.com\/noticias\/author\/jhsturione\/\"}]}<\/script>\n<!-- \/ Yoast SEO plugin. -->","yoast_head_json":{"title":"Harley-Davidson calentando motores para salir en dos ruedas desde EE.UU. - Noticias y Art\u00edculos de Cargox","robots":{"index":"index","follow":"follow","max-snippet":"max-snippet:-1","max-image-preview":"max-image-preview:large","max-video-preview":"max-video-preview:-1"},"canonical":"https:\/\/www.cargox.com\/noticias\/2018\/06\/26\/harley-davidson-calentando-motores-para-salir-en-dos-ruedas-desde-ee-uu\/","og_locale":"es_ES","og_type":"article","og_title":"Harley-Davidson calentando motores para salir en dos ruedas desde EE.UU. - Noticias y Art\u00edculos de Cargox","og_description":"Esta foto ya es historia Harley-Davidson quiere evitar el sobreimpuesto para sus motocicletas en Europa A principios de este mes de junio, publicamos los comentarios del renombrado economista franc\u00e9s Guy Sorman, quien dijo que ser\u00edan \u201clos propios estadounidenses los m\u00e1s perjudicados con las medidas arancelarias adoptadas por Donald Trump, puesto que los aranceles tendr\u00e1n un...","og_url":"https:\/\/www.cargox.com\/noticias\/2018\/06\/26\/harley-davidson-calentando-motores-para-salir-en-dos-ruedas-desde-ee-uu\/","og_site_name":"Noticias y Art\u00edculos de Cargox","article_published_time":"2018-06-27T02:50:11+00:00","article_modified_time":"2018-07-16T17:15:25+00:00","og_image":[{"url":"https:\/\/www.cargox.com\/noticias\/wp-content\/uploads\/2018\/06\/Foto-historica-300x169.jpg","type":"","width":"","height":""}],"author":"Juan Humberto Sturione","twitter_card":"summary_large_image","twitter_misc":{"Written by":"Juan Humberto Sturione","Est. reading time":"1 minuto"},"schema":{"@context":"https:\/\/schema.org","@graph":[{"@type":"Article","@id":"https:\/\/www.cargox.com\/noticias\/2018\/06\/26\/harley-davidson-calentando-motores-para-salir-en-dos-ruedas-desde-ee-uu\/#article","isPartOf":{"@id":"https:\/\/www.cargox.com\/noticias\/2018\/06\/26\/harley-davidson-calentando-motores-para-salir-en-dos-ruedas-desde-ee-uu\/"},"author":{"name":"Juan Humberto Sturione","@id":"https:\/\/www.cargox.com\/noticias\/#\/schema\/person\/6d7b10009f9e7c402dc308eed3aee29f"},"headline":"Harley-Davidson calentando motores para salir en dos ruedas desde EE.UU.","datePublished":"2018-06-27T02:50:11+00:00","dateModified":"2018-07-16T17:15:25+00:00","mainEntityOfPage":{"@id":"https:\/\/www.cargox.com\/noticias\/2018\/06\/26\/harley-davidson-calentando-motores-para-salir-en-dos-ruedas-desde-ee-uu\/"},"wordCount":264,"commentCount":0,"image":{"@id":"https:\/\/www.cargox.com\/noticias\/2018\/06\/26\/harley-davidson-calentando-motores-para-salir-en-dos-ruedas-desde-ee-uu\/#primaryimage"},"thumbnailUrl":"https:\/\/www.cargox.com\/noticias\/wp-content\/uploads\/2018\/06\/Foto-historica-300x169.jpg","articleSection":["Noticias"],"inLanguage":"es-CR","potentialAction":[{"@type":"CommentAction","name":"Comment","target":["https:\/\/www.cargox.com\/noticias\/2018\/06\/26\/harley-davidson-calentando-motores-para-salir-en-dos-ruedas-desde-ee-uu\/#respond"]}]},{"@type":"WebPage","@id":"https:\/\/www.cargox.com\/noticias\/2018\/06\/26\/harley-davidson-calentando-motores-para-salir-en-dos-ruedas-desde-ee-uu\/","url":"https:\/\/www.cargox.com\/noticias\/2018\/06\/26\/harley-davidson-calentando-motores-para-salir-en-dos-ruedas-desde-ee-uu\/","name":"Harley-Davidson calentando motores para salir en dos ruedas desde EE.UU. - Noticias y Art\u00edculos de Cargox","isPartOf":{"@id":"https:\/\/www.cargox.com\/noticias\/#website"},"primaryImageOfPage":{"@id":"https:\/\/www.cargox.com\/noticias\/2018\/06\/26\/harley-davidson-calentando-motores-para-salir-en-dos-ruedas-desde-ee-uu\/#primaryimage"},"image":{"@id":"https:\/\/www.cargox.com\/noticias\/2018\/06\/26\/harley-davidson-calentando-motores-para-salir-en-dos-ruedas-desde-ee-uu\/#primaryimage"},"thumbnailUrl":"https:\/\/www.cargox.com\/noticias\/wp-content\/uploads\/2018\/06\/Foto-historica-300x169.jpg","datePublished":"2018-06-27T02:50:11+00:00","dateModified":"2018-07-16T17:15:25+00:00","author":{"@id":"https:\/\/www.cargox.com\/noticias\/#\/schema\/person\/6d7b10009f9e7c402dc308eed3aee29f"},"breadcrumb":{"@id":"https:\/\/www.cargox.com\/noticias\/2018\/06\/26\/harley-davidson-calentando-motores-para-salir-en-dos-ruedas-desde-ee-uu\/#breadcrumb"},"inLanguage":"es-CR","potentialAction":[{"@type":"ReadAction","target":["https:\/\/www.cargox.com\/noticias\/2018\/06\/26\/harley-davidson-calentando-motores-para-salir-en-dos-ruedas-desde-ee-uu\/"]}]},{"@type":"ImageObject","inLanguage":"es-CR","@id":"https:\/\/www.cargox.com\/noticias\/2018\/06\/26\/harley-davidson-calentando-motores-para-salir-en-dos-ruedas-desde-ee-uu\/#primaryimage","url":"https:\/\/www.cargox.com\/noticias\/wp-content\/uploads\/2018\/06\/Foto-historica-300x169.jpg","contentUrl":"https:\/\/www.cargox.com\/noticias\/wp-content\/uploads\/2018\/06\/Foto-historica-300x169.jpg"},{"@type":"BreadcrumbList","@id":"https:\/\/www.cargox.com\/noticias\/2018\/06\/26\/harley-davidson-calentando-motores-para-salir-en-dos-ruedas-desde-ee-uu\/#breadcrumb","itemListElement":[{"@type":"ListItem","position":1,"name":"Home","item":"https:\/\/www.cargox.com\/noticias\/"},{"@type":"ListItem","position":2,"name":"Harley-Davidson calentando motores para salir en dos ruedas desde EE.UU."}]},{"@type":"WebSite","@id":"https:\/\/www.cargox.com\/noticias\/#website","url":"https:\/\/www.cargox.com\/noticias\/","name":"Noticias y Art\u00edculos de Cargox","description":"Blog de Cargox, para profesionales en log\u00edstica y transporte internacional de carga.","potentialAction":[{"@type":"SearchAction","target":{"@type":"EntryPoint","urlTemplate":"https:\/\/www.cargox.com\/noticias\/?s={search_term_string}"},"query-input":{"@type":"PropertyValueSpecification","valueRequired":true,"valueName":"search_term_string"}}],"inLanguage":"es-CR"},{"@type":"Person","@id":"https:\/\/www.cargox.com\/noticias\/#\/schema\/person\/6d7b10009f9e7c402dc308eed3aee29f","name":"Juan Humberto Sturione","image":{"@type":"ImageObject","inLanguage":"es-CR","@id":"https:\/\/secure.gravatar.com\/avatar\/753a6443c62b1adf380389dffa0b643d5ec2e03319839276b34050cf5961407d?s=96&d=mm&r=g","url":"https:\/\/secure.gravatar.com\/avatar\/753a6443c62b1adf380389dffa0b643d5ec2e03319839276b34050cf5961407d?s=96&d=mm&r=g","contentUrl":"https:\/\/secure.gravatar.com\/avatar\/753a6443c62b1adf380389dffa0b643d5ec2e03319839276b34050cf5961407d?s=96&d=mm&r=g","caption":"Juan Humberto Sturione"},"sameAs":["http:\/\/www.cargox.com"],"url":"https:\/\/www.cargox.com\/noticias\/author\/jhsturione\/"}]}},"_links":{"self":[{"href":"https:\/\/www.cargox.com\/noticias\/wp-json\/wp\/v2\/posts\/640","targetHints":{"allow":["GET"]}}],"collection":[{"href":"https:\/\/www.cargox.com\/noticias\/wp-json\/wp\/v2\/posts"}],"about":[{"href":"https:\/\/www.cargox.com\/noticias\/wp-json\/wp\/v2\/types\/post"}],"author":[{"embeddable":true,"href":"https:\/\/www.cargox.com\/noticias\/wp-json\/wp\/v2\/users\/3"}],"replies":[{"embeddable":true,"href":"https:\/\/www.cargox.com\/noticias\/wp-json\/wp\/v2\/comments?post=640"}],"version-history":[{"count":7,"href":"https:\/\/www.cargox.com\/noticias\/wp-json\/wp\/v2\/posts\/640\/revisions"}],"predecessor-version":[{"id":649,"href":"https:\/\/www.cargox.com\/noticias\/wp-json\/wp\/v2\/posts\/640\/revisions\/649"}],"wp:attachment":[{"href":"https:\/\/www.cargox.com\/noticias\/wp-json\/wp\/v2\/media?parent=640"}],"wp:term":[{"taxonomy":"category","embeddable":true,"href":"https:\/\/www.cargox.com\/noticias\/wp-json\/wp\/v2\/categories?post=640"},{"taxonomy":"post_tag","embeddable":true,"href":"https:\/\/www.cargox.com\/noticias\/wp-json\/wp\/v2\/tags?post=640"}],"curies":[{"name":"wp","href":"https:\/\/api.w.org\/{rel}","templated":true}]}}