{"id":702,"date":"2018-07-18T17:17:42","date_gmt":"2018-07-18T22:17:42","guid":{"rendered":"https:\/\/www.cargox.com\/noticias\/?p=702"},"modified":"2018-07-19T14:44:08","modified_gmt":"2018-07-19T19:44:08","slug":"multiple-colision-de-barcos-bloqueo-el-canal-de-suez","status":"publish","type":"post","link":"https:\/\/www.cargox.com\/noticias\/2018\/07\/18\/multiple-colision-de-barcos-bloqueo-el-canal-de-suez\/","title":{"rendered":"M\u00faltiple colisi\u00f3n de Barcos bloque\u00f3 el Canal de Suez"},"content":{"rendered":"<div id=\"attachment_703\" style=\"width: 1034px\" class=\"wp-caption aligncenter\"><img loading=\"lazy\" decoding=\"async\" aria-describedby=\"caption-attachment-703\" class=\"wp-image-703 size-large\" src=\"https:\/\/www.cargox.com\/noticias\/wp-content\/uploads\/2018\/07\/Suez-canal-1280x640-1024x512.jpg\" alt=\"\" width=\"1024\" height=\"512\" srcset=\"https:\/\/www.cargox.com\/noticias\/wp-content\/uploads\/2018\/07\/Suez-canal-1280x640-1024x512.jpg 1024w, https:\/\/www.cargox.com\/noticias\/wp-content\/uploads\/2018\/07\/Suez-canal-1280x640-300x150.jpg 300w, https:\/\/www.cargox.com\/noticias\/wp-content\/uploads\/2018\/07\/Suez-canal-1280x640-768x384.jpg 768w, https:\/\/www.cargox.com\/noticias\/wp-content\/uploads\/2018\/07\/Suez-canal-1280x640-150x75.jpg 150w, https:\/\/www.cargox.com\/noticias\/wp-content\/uploads\/2018\/07\/Suez-canal-1280x640.jpg 1280w\" sizes=\"auto, (max-width: 1024px) 100vw, 1024px\" \/><p id=\"caption-attachment-703\" class=\"wp-caption-text\">M\u00faltiple Colisi\u00f3n de Cargueros y Porta Contenedores en Canal de Suez<\/p><\/div>\n<p>(18.07.2018) Cinco barcos involucrados en la colisi\u00f3n de tres barcos durante tr\u00e1nsito por el Canal de Suez, forzaron a detener el tr\u00e1nsito en la importante v\u00eda Mar\u00edtima, que comunica el Mar Mediterr\u00e1neo con el Mar Rojo, Mar de Arabia y el Oc\u00e9ano \u00cdndico.<\/p>\n<p>El incidente ocurri\u00f3 el d\u00eda 15 de Julio, en un confuso episodio que a\u00fan no se ha podido esclarecer. Se cree que no hubo culpa exclusiva de los barcos, sino tambi\u00e9n de la Administraci\u00f3n del Canal de Suez. El buque porta contenedores AENEAS, se mov\u00eda con rumbo sur, cuando sufre da\u00f1o de motor, por lo cual se detiene. Esto caus\u00f3 que los cargueros PANAMAX ALEXANDER, SAKIZAYA KALON Y OSIOS DAVID colisionaran, al no poder detenerse o maniobrar a tiempo para evitar el accidente. Todas las naves sostuvieron da\u00f1os, por lo cual debieron ser retiradas y separadas por remolcadores, coloc\u00e1ndolas a lo largo del canal. Posteriormente, el porta contenedores NYK ORPHEUS golpe\u00f3 al PANAMAX ALEXANDER.<\/p>\n<p>El PANAMAX ALEXANDER, OSIOS DAVID Y SAKIZAYA KALON debieron ser remolcados al norte y anclados en el Gran Lago Amargo, la parte m\u00e1s amplia del trayecto por el Canal de Suez. El NYK ORPHEUS parece haber quedado en capacidad de navegar, por lo cual continu\u00f3 su viaje a Rotterdam. El tr\u00e1fico por el canal qued\u00f3 restablecido.<\/p>\n<p>D\u00edas atr\u00e1s, el 13 de Julio, el buque tanque KIMOLOS sostuvo da\u00f1os, al raspar el fondo del Canal de Suez durante el tr\u00e1nsito. Afortunadamente no hubo fugas, ni contaminaci\u00f3n ni da\u00f1o alguno a su tripulaci\u00f3n. El barco continu\u00f3 su tr\u00e1nsito para llegar a puerto, donde ser\u00eda inspeccionado detalladamente.<\/p>\n<p style=\"text-align: center;\"><a href=\"https:\/\/www.cargox.com\/contacto.php\"><img loading=\"lazy\" decoding=\"async\" class=\"size-full wp-image-136 aligncenter\" src=\"https:\/\/www.cargox.com\/noticias\/wp-content\/uploads\/2018\/04\/button.png\" sizes=\"auto, (max-width: 209px) 100vw, 209px\" srcset=\"https:\/\/www.cargox.com\/noticias\/wp-content\/uploads\/2018\/04\/button.png 209w, https:\/\/www.cargox.com\/noticias\/wp-content\/uploads\/2018\/04\/button-150x35.png 150w\" alt=\"Contactenos\" width=\"209\" height=\"49\" \/><\/a>Seguros de Transporte de Carga.<br \/>\nSeguros de Stock-Throughput.<br \/>\nSeguro de Responsabilidad Civil.<br \/>\nAsesor\u00eda en Gesti\u00f3n de Reclamo.<br \/>\nSeguro de Casco para Barcos.<\/p>\n<p>(Fuentes: FleetMon, Safety4Sea, World Maritime News)<\/p>\n","protected":false},"excerpt":{"rendered":"<p>(18.07.2018) Cinco barcos involucrados en la colisi\u00f3n de tres barcos durante tr\u00e1nsito por el Canal de Suez, forzaron a detener el tr\u00e1nsito en la importante v\u00eda Mar\u00edtima, que comunica el Mar Mediterr\u00e1neo con el Mar Rojo, Mar de Arabia y el Oc\u00e9ano \u00cdndico. El incidente ocurri\u00f3 el d\u00eda 15 de Julio, en un confuso episodio&#8230;<\/p>\n","protected":false},"author":1,"featured_media":0,"comment_status":"open","ping_status":"open","sticky":false,"template":"","format":"standard","meta":{"footnotes":""},"categories":[3],"tags":[65,22,205,24,9,47,46,89],"class_list":["post-702","post","type-post","status-publish","format-standard","hentry","category-noticias","tag-barco","tag-barcos","tag-canal-de-suez","tag-contenedores","tag-seguro-de-carga","tag-seguro-de-responsabilidad-civil","tag-seguro-de-transporte-de-carga","tag-seguros-de-carga"],"yoast_head":"<!-- This site is optimized with the Yoast SEO plugin v27.2 - https:\/\/yoast.com\/product\/yoast-seo-wordpress\/ -->\n<title>M\u00faltiple colisi\u00f3n de Barcos bloque\u00f3 el Canal de Suez - Noticias y Art\u00edculos de Cargox<\/title>\n<meta name=\"robots\" content=\"index, follow, max-snippet:-1, max-image-preview:large, max-video-preview:-1\" \/>\n<link rel=\"canonical\" href=\"https:\/\/www.cargox.com\/noticias\/2018\/07\/18\/multiple-colision-de-barcos-bloqueo-el-canal-de-suez\/\" \/>\n<meta property=\"og:locale\" content=\"es_ES\" \/>\n<meta property=\"og:type\" content=\"article\" \/>\n<meta property=\"og:title\" content=\"M\u00faltiple colisi\u00f3n de Barcos bloque\u00f3 el Canal de Suez - Noticias y Art\u00edculos de Cargox\" \/>\n<meta property=\"og:description\" content=\"(18.07.2018) Cinco barcos involucrados en la colisi\u00f3n de tres barcos durante tr\u00e1nsito por el Canal de Suez, forzaron a detener el tr\u00e1nsito en la importante v\u00eda Mar\u00edtima, que comunica el Mar Mediterr\u00e1neo con el Mar Rojo, Mar de Arabia y el Oc\u00e9ano \u00cdndico. El incidente ocurri\u00f3 el d\u00eda 15 de Julio, en un confuso episodio...\" \/>\n<meta property=\"og:url\" content=\"https:\/\/www.cargox.com\/noticias\/2018\/07\/18\/multiple-colision-de-barcos-bloqueo-el-canal-de-suez\/\" \/>\n<meta property=\"og:site_name\" content=\"Noticias y Art\u00edculos de Cargox\" \/>\n<meta property=\"article:published_time\" content=\"2018-07-18T22:17:42+00:00\" \/>\n<meta property=\"article:modified_time\" content=\"2018-07-19T19:44:08+00:00\" \/>\n<meta property=\"og:image\" content=\"https:\/\/www.cargox.com\/noticias\/wp-content\/uploads\/2018\/07\/Suez-canal-1280x640-1024x512.jpg\" \/>\n<meta name=\"author\" content=\"gvkadmin\" \/>\n<meta name=\"twitter:card\" content=\"summary_large_image\" \/>\n<meta name=\"twitter:label1\" content=\"Written by\" \/>\n\t<meta name=\"twitter:data1\" content=\"gvkadmin\" \/>\n\t<meta name=\"twitter:label2\" content=\"Est. reading time\" \/>\n\t<meta name=\"twitter:data2\" content=\"2 minutos\" \/>\n<script type=\"application\/ld+json\" class=\"yoast-schema-graph\">{\"@context\":\"https:\/\/schema.org\",\"@graph\":[{\"@type\":\"Article\",\"@id\":\"https:\/\/www.cargox.com\/noticias\/2018\/07\/18\/multiple-colision-de-barcos-bloqueo-el-canal-de-suez\/#article\",\"isPartOf\":{\"@id\":\"https:\/\/www.cargox.com\/noticias\/2018\/07\/18\/multiple-colision-de-barcos-bloqueo-el-canal-de-suez\/\"},\"author\":{\"name\":\"gvkadmin\",\"@id\":\"https:\/\/www.cargox.com\/noticias\/#\/schema\/person\/c432f1d41544d9b7e0d0befcf9005056\"},\"headline\":\"M\u00faltiple colisi\u00f3n de Barcos bloque\u00f3 el Canal de Suez\",\"datePublished\":\"2018-07-18T22:17:42+00:00\",\"dateModified\":\"2018-07-19T19:44:08+00:00\",\"mainEntityOfPage\":{\"@id\":\"https:\/\/www.cargox.com\/noticias\/2018\/07\/18\/multiple-colision-de-barcos-bloqueo-el-canal-de-suez\/\"},\"wordCount\":346,\"commentCount\":0,\"image\":{\"@id\":\"https:\/\/www.cargox.com\/noticias\/2018\/07\/18\/multiple-colision-de-barcos-bloqueo-el-canal-de-suez\/#primaryimage\"},\"thumbnailUrl\":\"https:\/\/www.cargox.com\/noticias\/wp-content\/uploads\/2018\/07\/Suez-canal-1280x640-1024x512.jpg\",\"keywords\":[\"barco\",\"barcos\",\"Canal de Suez\",\"contenedores\",\"seguro de carga\",\"seguro de responsabilidad civil\",\"seguro de transporte de carga\",\"seguros de carga\"],\"articleSection\":[\"Noticias\"],\"inLanguage\":\"es-CR\",\"potentialAction\":[{\"@type\":\"CommentAction\",\"name\":\"Comment\",\"target\":[\"https:\/\/www.cargox.com\/noticias\/2018\/07\/18\/multiple-colision-de-barcos-bloqueo-el-canal-de-suez\/#respond\"]}]},{\"@type\":\"WebPage\",\"@id\":\"https:\/\/www.cargox.com\/noticias\/2018\/07\/18\/multiple-colision-de-barcos-bloqueo-el-canal-de-suez\/\",\"url\":\"https:\/\/www.cargox.com\/noticias\/2018\/07\/18\/multiple-colision-de-barcos-bloqueo-el-canal-de-suez\/\",\"name\":\"M\u00faltiple colisi\u00f3n de Barcos bloque\u00f3 el Canal de Suez - Noticias y Art\u00edculos de Cargox\",\"isPartOf\":{\"@id\":\"https:\/\/www.cargox.com\/noticias\/#website\"},\"primaryImageOfPage\":{\"@id\":\"https:\/\/www.cargox.com\/noticias\/2018\/07\/18\/multiple-colision-de-barcos-bloqueo-el-canal-de-suez\/#primaryimage\"},\"image\":{\"@id\":\"https:\/\/www.cargox.com\/noticias\/2018\/07\/18\/multiple-colision-de-barcos-bloqueo-el-canal-de-suez\/#primaryimage\"},\"thumbnailUrl\":\"https:\/\/www.cargox.com\/noticias\/wp-content\/uploads\/2018\/07\/Suez-canal-1280x640-1024x512.jpg\",\"datePublished\":\"2018-07-18T22:17:42+00:00\",\"dateModified\":\"2018-07-19T19:44:08+00:00\",\"author\":{\"@id\":\"https:\/\/www.cargox.com\/noticias\/#\/schema\/person\/c432f1d41544d9b7e0d0befcf9005056\"},\"breadcrumb\":{\"@id\":\"https:\/\/www.cargox.com\/noticias\/2018\/07\/18\/multiple-colision-de-barcos-bloqueo-el-canal-de-suez\/#breadcrumb\"},\"inLanguage\":\"es-CR\",\"potentialAction\":[{\"@type\":\"ReadAction\",\"target\":[\"https:\/\/www.cargox.com\/noticias\/2018\/07\/18\/multiple-colision-de-barcos-bloqueo-el-canal-de-suez\/\"]}]},{\"@type\":\"ImageObject\",\"inLanguage\":\"es-CR\",\"@id\":\"https:\/\/www.cargox.com\/noticias\/2018\/07\/18\/multiple-colision-de-barcos-bloqueo-el-canal-de-suez\/#primaryimage\",\"url\":\"https:\/\/www.cargox.com\/noticias\/wp-content\/uploads\/2018\/07\/Suez-canal-1280x640-1024x512.jpg\",\"contentUrl\":\"https:\/\/www.cargox.com\/noticias\/wp-content\/uploads\/2018\/07\/Suez-canal-1280x640-1024x512.jpg\"},{\"@type\":\"BreadcrumbList\",\"@id\":\"https:\/\/www.cargox.com\/noticias\/2018\/07\/18\/multiple-colision-de-barcos-bloqueo-el-canal-de-suez\/#breadcrumb\",\"itemListElement\":[{\"@type\":\"ListItem\",\"position\":1,\"name\":\"Home\",\"item\":\"https:\/\/www.cargox.com\/noticias\/\"},{\"@type\":\"ListItem\",\"position\":2,\"name\":\"M\u00faltiple colisi\u00f3n de Barcos bloque\u00f3 el Canal de Suez\"}]},{\"@type\":\"WebSite\",\"@id\":\"https:\/\/www.cargox.com\/noticias\/#website\",\"url\":\"https:\/\/www.cargox.com\/noticias\/\",\"name\":\"Noticias y Art\u00edculos de Cargox\",\"description\":\"Blog de Cargox, para profesionales en log\u00edstica y transporte internacional de carga.\",\"potentialAction\":[{\"@type\":\"SearchAction\",\"target\":{\"@type\":\"EntryPoint\",\"urlTemplate\":\"https:\/\/www.cargox.com\/noticias\/?s={search_term_string}\"},\"query-input\":{\"@type\":\"PropertyValueSpecification\",\"valueRequired\":true,\"valueName\":\"search_term_string\"}}],\"inLanguage\":\"es-CR\"},{\"@type\":\"Person\",\"@id\":\"https:\/\/www.cargox.com\/noticias\/#\/schema\/person\/c432f1d41544d9b7e0d0befcf9005056\",\"name\":\"gvkadmin\",\"image\":{\"@type\":\"ImageObject\",\"inLanguage\":\"es-CR\",\"@id\":\"https:\/\/secure.gravatar.com\/avatar\/eb8b9c8fca0ed0dd4bd390a6ef3ed5a3f61d978f75a18e8b9416c09f85088c6d?s=96&d=mm&r=g\",\"url\":\"https:\/\/secure.gravatar.com\/avatar\/eb8b9c8fca0ed0dd4bd390a6ef3ed5a3f61d978f75a18e8b9416c09f85088c6d?s=96&d=mm&r=g\",\"contentUrl\":\"https:\/\/secure.gravatar.com\/avatar\/eb8b9c8fca0ed0dd4bd390a6ef3ed5a3f61d978f75a18e8b9416c09f85088c6d?s=96&d=mm&r=g\",\"caption\":\"gvkadmin\"},\"description\":\"Experto en comercio Internacional, Log\u00edstica y Seguros de Transporte de Carga. CEO de Cargox PTY s.a. (www.cargox.com) Experiencia de m\u00e1s de 30 a\u00f1os en Freight Forwarding y Log\u00edstica (www.multitrans-sjo.net). Experto en Inform\u00e1tica y Socio en ComGlobal IT (www.comglobalit.com)\",\"sameAs\":[\"http:\/\/www.cargox.com\"],\"url\":\"https:\/\/www.cargox.com\/noticias\/author\/gvkadmin\/\"}]}<\/script>\n<!-- \/ Yoast SEO plugin. -->","yoast_head_json":{"title":"M\u00faltiple colisi\u00f3n de Barcos bloque\u00f3 el Canal de Suez - Noticias y Art\u00edculos de Cargox","robots":{"index":"index","follow":"follow","max-snippet":"max-snippet:-1","max-image-preview":"max-image-preview:large","max-video-preview":"max-video-preview:-1"},"canonical":"https:\/\/www.cargox.com\/noticias\/2018\/07\/18\/multiple-colision-de-barcos-bloqueo-el-canal-de-suez\/","og_locale":"es_ES","og_type":"article","og_title":"M\u00faltiple colisi\u00f3n de Barcos bloque\u00f3 el Canal de Suez - Noticias y Art\u00edculos de Cargox","og_description":"(18.07.2018) Cinco barcos involucrados en la colisi\u00f3n de tres barcos durante tr\u00e1nsito por el Canal de Suez, forzaron a detener el tr\u00e1nsito en la importante v\u00eda Mar\u00edtima, que comunica el Mar Mediterr\u00e1neo con el Mar Rojo, Mar de Arabia y el Oc\u00e9ano \u00cdndico. El incidente ocurri\u00f3 el d\u00eda 15 de Julio, en un confuso episodio...","og_url":"https:\/\/www.cargox.com\/noticias\/2018\/07\/18\/multiple-colision-de-barcos-bloqueo-el-canal-de-suez\/","og_site_name":"Noticias y Art\u00edculos de Cargox","article_published_time":"2018-07-18T22:17:42+00:00","article_modified_time":"2018-07-19T19:44:08+00:00","og_image":[{"url":"https:\/\/www.cargox.com\/noticias\/wp-content\/uploads\/2018\/07\/Suez-canal-1280x640-1024x512.jpg","type":"","width":"","height":""}],"author":"gvkadmin","twitter_card":"summary_large_image","twitter_misc":{"Written by":"gvkadmin","Est. reading time":"2 minutos"},"schema":{"@context":"https:\/\/schema.org","@graph":[{"@type":"Article","@id":"https:\/\/www.cargox.com\/noticias\/2018\/07\/18\/multiple-colision-de-barcos-bloqueo-el-canal-de-suez\/#article","isPartOf":{"@id":"https:\/\/www.cargox.com\/noticias\/2018\/07\/18\/multiple-colision-de-barcos-bloqueo-el-canal-de-suez\/"},"author":{"name":"gvkadmin","@id":"https:\/\/www.cargox.com\/noticias\/#\/schema\/person\/c432f1d41544d9b7e0d0befcf9005056"},"headline":"M\u00faltiple colisi\u00f3n de Barcos bloque\u00f3 el Canal de Suez","datePublished":"2018-07-18T22:17:42+00:00","dateModified":"2018-07-19T19:44:08+00:00","mainEntityOfPage":{"@id":"https:\/\/www.cargox.com\/noticias\/2018\/07\/18\/multiple-colision-de-barcos-bloqueo-el-canal-de-suez\/"},"wordCount":346,"commentCount":0,"image":{"@id":"https:\/\/www.cargox.com\/noticias\/2018\/07\/18\/multiple-colision-de-barcos-bloqueo-el-canal-de-suez\/#primaryimage"},"thumbnailUrl":"https:\/\/www.cargox.com\/noticias\/wp-content\/uploads\/2018\/07\/Suez-canal-1280x640-1024x512.jpg","keywords":["barco","barcos","Canal de Suez","contenedores","seguro de carga","seguro de responsabilidad civil","seguro de transporte de carga","seguros de carga"],"articleSection":["Noticias"],"inLanguage":"es-CR","potentialAction":[{"@type":"CommentAction","name":"Comment","target":["https:\/\/www.cargox.com\/noticias\/2018\/07\/18\/multiple-colision-de-barcos-bloqueo-el-canal-de-suez\/#respond"]}]},{"@type":"WebPage","@id":"https:\/\/www.cargox.com\/noticias\/2018\/07\/18\/multiple-colision-de-barcos-bloqueo-el-canal-de-suez\/","url":"https:\/\/www.cargox.com\/noticias\/2018\/07\/18\/multiple-colision-de-barcos-bloqueo-el-canal-de-suez\/","name":"M\u00faltiple colisi\u00f3n de Barcos bloque\u00f3 el Canal de Suez - Noticias y Art\u00edculos de Cargox","isPartOf":{"@id":"https:\/\/www.cargox.com\/noticias\/#website"},"primaryImageOfPage":{"@id":"https:\/\/www.cargox.com\/noticias\/2018\/07\/18\/multiple-colision-de-barcos-bloqueo-el-canal-de-suez\/#primaryimage"},"image":{"@id":"https:\/\/www.cargox.com\/noticias\/2018\/07\/18\/multiple-colision-de-barcos-bloqueo-el-canal-de-suez\/#primaryimage"},"thumbnailUrl":"https:\/\/www.cargox.com\/noticias\/wp-content\/uploads\/2018\/07\/Suez-canal-1280x640-1024x512.jpg","datePublished":"2018-07-18T22:17:42+00:00","dateModified":"2018-07-19T19:44:08+00:00","author":{"@id":"https:\/\/www.cargox.com\/noticias\/#\/schema\/person\/c432f1d41544d9b7e0d0befcf9005056"},"breadcrumb":{"@id":"https:\/\/www.cargox.com\/noticias\/2018\/07\/18\/multiple-colision-de-barcos-bloqueo-el-canal-de-suez\/#breadcrumb"},"inLanguage":"es-CR","potentialAction":[{"@type":"ReadAction","target":["https:\/\/www.cargox.com\/noticias\/2018\/07\/18\/multiple-colision-de-barcos-bloqueo-el-canal-de-suez\/"]}]},{"@type":"ImageObject","inLanguage":"es-CR","@id":"https:\/\/www.cargox.com\/noticias\/2018\/07\/18\/multiple-colision-de-barcos-bloqueo-el-canal-de-suez\/#primaryimage","url":"https:\/\/www.cargox.com\/noticias\/wp-content\/uploads\/2018\/07\/Suez-canal-1280x640-1024x512.jpg","contentUrl":"https:\/\/www.cargox.com\/noticias\/wp-content\/uploads\/2018\/07\/Suez-canal-1280x640-1024x512.jpg"},{"@type":"BreadcrumbList","@id":"https:\/\/www.cargox.com\/noticias\/2018\/07\/18\/multiple-colision-de-barcos-bloqueo-el-canal-de-suez\/#breadcrumb","itemListElement":[{"@type":"ListItem","position":1,"name":"Home","item":"https:\/\/www.cargox.com\/noticias\/"},{"@type":"ListItem","position":2,"name":"M\u00faltiple colisi\u00f3n de Barcos bloque\u00f3 el Canal de Suez"}]},{"@type":"WebSite","@id":"https:\/\/www.cargox.com\/noticias\/#website","url":"https:\/\/www.cargox.com\/noticias\/","name":"Noticias y Art\u00edculos de Cargox","description":"Blog de Cargox, para profesionales en log\u00edstica y transporte internacional de carga.","potentialAction":[{"@type":"SearchAction","target":{"@type":"EntryPoint","urlTemplate":"https:\/\/www.cargox.com\/noticias\/?s={search_term_string}"},"query-input":{"@type":"PropertyValueSpecification","valueRequired":true,"valueName":"search_term_string"}}],"inLanguage":"es-CR"},{"@type":"Person","@id":"https:\/\/www.cargox.com\/noticias\/#\/schema\/person\/c432f1d41544d9b7e0d0befcf9005056","name":"gvkadmin","image":{"@type":"ImageObject","inLanguage":"es-CR","@id":"https:\/\/secure.gravatar.com\/avatar\/eb8b9c8fca0ed0dd4bd390a6ef3ed5a3f61d978f75a18e8b9416c09f85088c6d?s=96&d=mm&r=g","url":"https:\/\/secure.gravatar.com\/avatar\/eb8b9c8fca0ed0dd4bd390a6ef3ed5a3f61d978f75a18e8b9416c09f85088c6d?s=96&d=mm&r=g","contentUrl":"https:\/\/secure.gravatar.com\/avatar\/eb8b9c8fca0ed0dd4bd390a6ef3ed5a3f61d978f75a18e8b9416c09f85088c6d?s=96&d=mm&r=g","caption":"gvkadmin"},"description":"Experto en comercio Internacional, Log\u00edstica y Seguros de Transporte de Carga. CEO de Cargox PTY s.a. (www.cargox.com) Experiencia de m\u00e1s de 30 a\u00f1os en Freight Forwarding y Log\u00edstica (www.multitrans-sjo.net). Experto en Inform\u00e1tica y Socio en ComGlobal IT (www.comglobalit.com)","sameAs":["http:\/\/www.cargox.com"],"url":"https:\/\/www.cargox.com\/noticias\/author\/gvkadmin\/"}]}},"_links":{"self":[{"href":"https:\/\/www.cargox.com\/noticias\/wp-json\/wp\/v2\/posts\/702","targetHints":{"allow":["GET"]}}],"collection":[{"href":"https:\/\/www.cargox.com\/noticias\/wp-json\/wp\/v2\/posts"}],"about":[{"href":"https:\/\/www.cargox.com\/noticias\/wp-json\/wp\/v2\/types\/post"}],"author":[{"embeddable":true,"href":"https:\/\/www.cargox.com\/noticias\/wp-json\/wp\/v2\/users\/1"}],"replies":[{"embeddable":true,"href":"https:\/\/www.cargox.com\/noticias\/wp-json\/wp\/v2\/comments?post=702"}],"version-history":[{"count":4,"href":"https:\/\/www.cargox.com\/noticias\/wp-json\/wp\/v2\/posts\/702\/revisions"}],"predecessor-version":[{"id":712,"href":"https:\/\/www.cargox.com\/noticias\/wp-json\/wp\/v2\/posts\/702\/revisions\/712"}],"wp:attachment":[{"href":"https:\/\/www.cargox.com\/noticias\/wp-json\/wp\/v2\/media?parent=702"}],"wp:term":[{"taxonomy":"category","embeddable":true,"href":"https:\/\/www.cargox.com\/noticias\/wp-json\/wp\/v2\/categories?post=702"},{"taxonomy":"post_tag","embeddable":true,"href":"https:\/\/www.cargox.com\/noticias\/wp-json\/wp\/v2\/tags?post=702"}],"curies":[{"name":"wp","href":"https:\/\/api.w.org\/{rel}","templated":true}]}}