{"id":96,"date":"2018-03-27T11:50:40","date_gmt":"2018-03-27T16:50:40","guid":{"rendered":"https:\/\/www.cargox.com\/noticias\/?p=96"},"modified":"2018-04-04T13:24:54","modified_gmt":"2018-04-04T18:24:54","slug":"colision-de-portacontenedores-maersk-y-msc-en-puerto-callao-peru","status":"publish","type":"post","link":"https:\/\/www.cargox.com\/noticias\/2018\/03\/27\/colision-de-portacontenedores-maersk-y-msc-en-puerto-callao-peru\/","title":{"rendered":"Colisi\u00f3n de portacontenedores de Maersk y MSC en Puerto Callao Peru"},"content":{"rendered":"<p><iframe loading=\"lazy\" title=\"Colisi\u00f3n de naves en puerto CALLAO.\" width=\"500\" height=\"375\" src=\"https:\/\/www.youtube.com\/embed\/BOK4EwmJpJw?feature=oembed\" frameborder=\"0\" allow=\"accelerometer; autoplay; clipboard-write; encrypted-media; gyroscope; picture-in-picture; web-share\" referrerpolicy=\"strict-origin-when-cross-origin\" allowfullscreen><\/iframe><\/p>\n<h2>&#8220;Rasgu\u00f1os&#8221; entre barcos en Callao<\/h2>\n<p>Este 24 de Marzo, colisionaron levemente, las naves Laura Maersk y MSC Schuba B. Se di\u00f3 una engorrosa y dificil maniobra por parte de los remolcadores de Puerto Callao, a fin de evitar da\u00f1os en los barcos. Hubo oleaje, lo cual fu\u00e9 otro factor que complicaba la operaci\u00f3n.<\/p>\n<p>Finalmente, se dieron \u00fanicamente da\u00f1os leves, por la fricci\u00f3n entre los cascos, visibles en la proa del Laura Maersk y la popa del MSC Schuba B.<\/p>\n<p>(Fuente: PortalPortuario)<\/p>\n<p><a href=\"https:\/\/www.cargox.com\/contacto.php\"><img loading=\"lazy\" decoding=\"async\" class=\"size-full wp-image-136 aligncenter\" src=\"https:\/\/www.cargox.com\/noticias\/wp-content\/uploads\/2018\/04\/button.png\" alt=\"Contactenos\" width=\"209\" height=\"49\" srcset=\"https:\/\/www.cargox.com\/noticias\/wp-content\/uploads\/2018\/04\/button.png 209w, https:\/\/www.cargox.com\/noticias\/wp-content\/uploads\/2018\/04\/button-150x35.png 150w\" sizes=\"auto, (max-width: 209px) 100vw, 209px\" \/><\/a><\/p>\n<p style=\"text-align: center;\">Seguros de Transporte de Carga.<br \/>\nSeguros de Stock-Throughput.<br \/>\nSeguro de Responsabilidad Civil.<br \/>\nAsesor\u00eda en Gesti\u00f3n de Reclamos.<\/p>\n","protected":false},"excerpt":{"rendered":"<p>&#8220;Rasgu\u00f1os&#8221; entre barcos en Callao Este 24 de Marzo, colisionaron levemente, las naves Laura Maersk y MSC Schuba B. Se di\u00f3 una engorrosa y dificil maniobra por parte de los remolcadores de Puerto Callao, a fin de evitar da\u00f1os en los barcos. Hubo oleaje, lo cual fu\u00e9 otro factor que complicaba la operaci\u00f3n. Finalmente, se&#8230;<\/p>\n","protected":false},"author":1,"featured_media":0,"comment_status":"open","ping_status":"open","sticky":false,"template":"","format":"standard","meta":{"footnotes":""},"categories":[3],"tags":[22,23,21,24,47,46],"class_list":["post-96","post","type-post","status-publish","format-standard","hentry","category-noticias","tag-barcos","tag-callao","tag-colision","tag-contenedores","tag-seguro-de-responsabilidad-civil","tag-seguro-de-transporte-de-carga"],"yoast_head":"<!-- This site is optimized with the Yoast SEO plugin v27.2 - https:\/\/yoast.com\/product\/yoast-seo-wordpress\/ -->\n<title>Colisi\u00f3n de portacontenedores de Maersk y MSC en Puerto Callao Peru - Noticias y Art\u00edculos de Cargox<\/title>\n<meta name=\"robots\" content=\"index, follow, max-snippet:-1, max-image-preview:large, max-video-preview:-1\" \/>\n<link rel=\"canonical\" href=\"https:\/\/www.cargox.com\/noticias\/2018\/03\/27\/colision-de-portacontenedores-maersk-y-msc-en-puerto-callao-peru\/\" \/>\n<meta property=\"og:locale\" content=\"es_ES\" \/>\n<meta property=\"og:type\" content=\"article\" \/>\n<meta property=\"og:title\" content=\"Colisi\u00f3n de portacontenedores de Maersk y MSC en Puerto Callao Peru - Noticias y Art\u00edculos de Cargox\" \/>\n<meta property=\"og:description\" content=\"&#8220;Rasgu\u00f1os&#8221; entre barcos en Callao Este 24 de Marzo, colisionaron levemente, las naves Laura Maersk y MSC Schuba B. Se di\u00f3 una engorrosa y dificil maniobra por parte de los remolcadores de Puerto Callao, a fin de evitar da\u00f1os en los barcos. Hubo oleaje, lo cual fu\u00e9 otro factor que complicaba la operaci\u00f3n. Finalmente, se...\" \/>\n<meta property=\"og:url\" content=\"https:\/\/www.cargox.com\/noticias\/2018\/03\/27\/colision-de-portacontenedores-maersk-y-msc-en-puerto-callao-peru\/\" \/>\n<meta property=\"og:site_name\" content=\"Noticias y Art\u00edculos de Cargox\" \/>\n<meta property=\"article:published_time\" content=\"2018-03-27T16:50:40+00:00\" \/>\n<meta property=\"article:modified_time\" content=\"2018-04-04T18:24:54+00:00\" \/>\n<meta property=\"og:image\" content=\"https:\/\/www.cargox.com\/noticias\/wp-content\/uploads\/2018\/04\/button.png\" \/>\n<meta name=\"author\" content=\"gvkadmin\" \/>\n<meta name=\"twitter:card\" content=\"summary_large_image\" \/>\n<meta name=\"twitter:label1\" content=\"Written by\" \/>\n\t<meta name=\"twitter:data1\" content=\"gvkadmin\" \/>\n\t<meta name=\"twitter:label2\" content=\"Est. reading time\" \/>\n\t<meta name=\"twitter:data2\" content=\"1 minuto\" \/>\n<script type=\"application\/ld+json\" class=\"yoast-schema-graph\">{\"@context\":\"https:\/\/schema.org\",\"@graph\":[{\"@type\":\"Article\",\"@id\":\"https:\/\/www.cargox.com\/noticias\/2018\/03\/27\/colision-de-portacontenedores-maersk-y-msc-en-puerto-callao-peru\/#article\",\"isPartOf\":{\"@id\":\"https:\/\/www.cargox.com\/noticias\/2018\/03\/27\/colision-de-portacontenedores-maersk-y-msc-en-puerto-callao-peru\/\"},\"author\":{\"name\":\"gvkadmin\",\"@id\":\"https:\/\/www.cargox.com\/noticias\/#\/schema\/person\/c432f1d41544d9b7e0d0befcf9005056\"},\"headline\":\"Colisi\u00f3n de portacontenedores de Maersk y MSC en Puerto Callao Peru\",\"datePublished\":\"2018-03-27T16:50:40+00:00\",\"dateModified\":\"2018-04-04T18:24:54+00:00\",\"mainEntityOfPage\":{\"@id\":\"https:\/\/www.cargox.com\/noticias\/2018\/03\/27\/colision-de-portacontenedores-maersk-y-msc-en-puerto-callao-peru\/\"},\"wordCount\":121,\"commentCount\":0,\"image\":{\"@id\":\"https:\/\/www.cargox.com\/noticias\/2018\/03\/27\/colision-de-portacontenedores-maersk-y-msc-en-puerto-callao-peru\/#primaryimage\"},\"thumbnailUrl\":\"https:\/\/www.cargox.com\/noticias\/wp-content\/uploads\/2018\/04\/button.png\",\"keywords\":[\"barcos\",\"callao\",\"colisi\u00f3n\",\"contenedores\",\"seguro de responsabilidad civil\",\"seguro de transporte de carga\"],\"articleSection\":[\"Noticias\"],\"inLanguage\":\"es-CR\",\"potentialAction\":[{\"@type\":\"CommentAction\",\"name\":\"Comment\",\"target\":[\"https:\/\/www.cargox.com\/noticias\/2018\/03\/27\/colision-de-portacontenedores-maersk-y-msc-en-puerto-callao-peru\/#respond\"]}]},{\"@type\":\"WebPage\",\"@id\":\"https:\/\/www.cargox.com\/noticias\/2018\/03\/27\/colision-de-portacontenedores-maersk-y-msc-en-puerto-callao-peru\/\",\"url\":\"https:\/\/www.cargox.com\/noticias\/2018\/03\/27\/colision-de-portacontenedores-maersk-y-msc-en-puerto-callao-peru\/\",\"name\":\"Colisi\u00f3n de portacontenedores de Maersk y MSC en Puerto Callao Peru - Noticias y Art\u00edculos de Cargox\",\"isPartOf\":{\"@id\":\"https:\/\/www.cargox.com\/noticias\/#website\"},\"primaryImageOfPage\":{\"@id\":\"https:\/\/www.cargox.com\/noticias\/2018\/03\/27\/colision-de-portacontenedores-maersk-y-msc-en-puerto-callao-peru\/#primaryimage\"},\"image\":{\"@id\":\"https:\/\/www.cargox.com\/noticias\/2018\/03\/27\/colision-de-portacontenedores-maersk-y-msc-en-puerto-callao-peru\/#primaryimage\"},\"thumbnailUrl\":\"https:\/\/www.cargox.com\/noticias\/wp-content\/uploads\/2018\/04\/button.png\",\"datePublished\":\"2018-03-27T16:50:40+00:00\",\"dateModified\":\"2018-04-04T18:24:54+00:00\",\"author\":{\"@id\":\"https:\/\/www.cargox.com\/noticias\/#\/schema\/person\/c432f1d41544d9b7e0d0befcf9005056\"},\"breadcrumb\":{\"@id\":\"https:\/\/www.cargox.com\/noticias\/2018\/03\/27\/colision-de-portacontenedores-maersk-y-msc-en-puerto-callao-peru\/#breadcrumb\"},\"inLanguage\":\"es-CR\",\"potentialAction\":[{\"@type\":\"ReadAction\",\"target\":[\"https:\/\/www.cargox.com\/noticias\/2018\/03\/27\/colision-de-portacontenedores-maersk-y-msc-en-puerto-callao-peru\/\"]}]},{\"@type\":\"ImageObject\",\"inLanguage\":\"es-CR\",\"@id\":\"https:\/\/www.cargox.com\/noticias\/2018\/03\/27\/colision-de-portacontenedores-maersk-y-msc-en-puerto-callao-peru\/#primaryimage\",\"url\":\"https:\/\/www.cargox.com\/noticias\/wp-content\/uploads\/2018\/04\/button.png\",\"contentUrl\":\"https:\/\/www.cargox.com\/noticias\/wp-content\/uploads\/2018\/04\/button.png\"},{\"@type\":\"BreadcrumbList\",\"@id\":\"https:\/\/www.cargox.com\/noticias\/2018\/03\/27\/colision-de-portacontenedores-maersk-y-msc-en-puerto-callao-peru\/#breadcrumb\",\"itemListElement\":[{\"@type\":\"ListItem\",\"position\":1,\"name\":\"Home\",\"item\":\"https:\/\/www.cargox.com\/noticias\/\"},{\"@type\":\"ListItem\",\"position\":2,\"name\":\"Colisi\u00f3n de portacontenedores de Maersk y MSC en Puerto Callao Peru\"}]},{\"@type\":\"WebSite\",\"@id\":\"https:\/\/www.cargox.com\/noticias\/#website\",\"url\":\"https:\/\/www.cargox.com\/noticias\/\",\"name\":\"Noticias y Art\u00edculos de Cargox\",\"description\":\"Blog de Cargox, para profesionales en log\u00edstica y transporte internacional de carga.\",\"potentialAction\":[{\"@type\":\"SearchAction\",\"target\":{\"@type\":\"EntryPoint\",\"urlTemplate\":\"https:\/\/www.cargox.com\/noticias\/?s={search_term_string}\"},\"query-input\":{\"@type\":\"PropertyValueSpecification\",\"valueRequired\":true,\"valueName\":\"search_term_string\"}}],\"inLanguage\":\"es-CR\"},{\"@type\":\"Person\",\"@id\":\"https:\/\/www.cargox.com\/noticias\/#\/schema\/person\/c432f1d41544d9b7e0d0befcf9005056\",\"name\":\"gvkadmin\",\"image\":{\"@type\":\"ImageObject\",\"inLanguage\":\"es-CR\",\"@id\":\"https:\/\/secure.gravatar.com\/avatar\/eb8b9c8fca0ed0dd4bd390a6ef3ed5a3f61d978f75a18e8b9416c09f85088c6d?s=96&d=mm&r=g\",\"url\":\"https:\/\/secure.gravatar.com\/avatar\/eb8b9c8fca0ed0dd4bd390a6ef3ed5a3f61d978f75a18e8b9416c09f85088c6d?s=96&d=mm&r=g\",\"contentUrl\":\"https:\/\/secure.gravatar.com\/avatar\/eb8b9c8fca0ed0dd4bd390a6ef3ed5a3f61d978f75a18e8b9416c09f85088c6d?s=96&d=mm&r=g\",\"caption\":\"gvkadmin\"},\"description\":\"Experto en comercio Internacional, Log\u00edstica y Seguros de Transporte de Carga. CEO de Cargox PTY s.a. (www.cargox.com) Experiencia de m\u00e1s de 30 a\u00f1os en Freight Forwarding y Log\u00edstica (www.multitrans-sjo.net). Experto en Inform\u00e1tica y Socio en ComGlobal IT (www.comglobalit.com)\",\"sameAs\":[\"http:\/\/www.cargox.com\"],\"url\":\"https:\/\/www.cargox.com\/noticias\/author\/gvkadmin\/\"}]}<\/script>\n<!-- \/ Yoast SEO plugin. -->","yoast_head_json":{"title":"Colisi\u00f3n de portacontenedores de Maersk y MSC en Puerto Callao Peru - Noticias y Art\u00edculos de Cargox","robots":{"index":"index","follow":"follow","max-snippet":"max-snippet:-1","max-image-preview":"max-image-preview:large","max-video-preview":"max-video-preview:-1"},"canonical":"https:\/\/www.cargox.com\/noticias\/2018\/03\/27\/colision-de-portacontenedores-maersk-y-msc-en-puerto-callao-peru\/","og_locale":"es_ES","og_type":"article","og_title":"Colisi\u00f3n de portacontenedores de Maersk y MSC en Puerto Callao Peru - Noticias y Art\u00edculos de Cargox","og_description":"&#8220;Rasgu\u00f1os&#8221; entre barcos en Callao Este 24 de Marzo, colisionaron levemente, las naves Laura Maersk y MSC Schuba B. Se di\u00f3 una engorrosa y dificil maniobra por parte de los remolcadores de Puerto Callao, a fin de evitar da\u00f1os en los barcos. Hubo oleaje, lo cual fu\u00e9 otro factor que complicaba la operaci\u00f3n. Finalmente, se...","og_url":"https:\/\/www.cargox.com\/noticias\/2018\/03\/27\/colision-de-portacontenedores-maersk-y-msc-en-puerto-callao-peru\/","og_site_name":"Noticias y Art\u00edculos de Cargox","article_published_time":"2018-03-27T16:50:40+00:00","article_modified_time":"2018-04-04T18:24:54+00:00","og_image":[{"url":"https:\/\/www.cargox.com\/noticias\/wp-content\/uploads\/2018\/04\/button.png","type":"","width":"","height":""}],"author":"gvkadmin","twitter_card":"summary_large_image","twitter_misc":{"Written by":"gvkadmin","Est. reading time":"1 minuto"},"schema":{"@context":"https:\/\/schema.org","@graph":[{"@type":"Article","@id":"https:\/\/www.cargox.com\/noticias\/2018\/03\/27\/colision-de-portacontenedores-maersk-y-msc-en-puerto-callao-peru\/#article","isPartOf":{"@id":"https:\/\/www.cargox.com\/noticias\/2018\/03\/27\/colision-de-portacontenedores-maersk-y-msc-en-puerto-callao-peru\/"},"author":{"name":"gvkadmin","@id":"https:\/\/www.cargox.com\/noticias\/#\/schema\/person\/c432f1d41544d9b7e0d0befcf9005056"},"headline":"Colisi\u00f3n de portacontenedores de Maersk y MSC en Puerto Callao Peru","datePublished":"2018-03-27T16:50:40+00:00","dateModified":"2018-04-04T18:24:54+00:00","mainEntityOfPage":{"@id":"https:\/\/www.cargox.com\/noticias\/2018\/03\/27\/colision-de-portacontenedores-maersk-y-msc-en-puerto-callao-peru\/"},"wordCount":121,"commentCount":0,"image":{"@id":"https:\/\/www.cargox.com\/noticias\/2018\/03\/27\/colision-de-portacontenedores-maersk-y-msc-en-puerto-callao-peru\/#primaryimage"},"thumbnailUrl":"https:\/\/www.cargox.com\/noticias\/wp-content\/uploads\/2018\/04\/button.png","keywords":["barcos","callao","colisi\u00f3n","contenedores","seguro de responsabilidad civil","seguro de transporte de carga"],"articleSection":["Noticias"],"inLanguage":"es-CR","potentialAction":[{"@type":"CommentAction","name":"Comment","target":["https:\/\/www.cargox.com\/noticias\/2018\/03\/27\/colision-de-portacontenedores-maersk-y-msc-en-puerto-callao-peru\/#respond"]}]},{"@type":"WebPage","@id":"https:\/\/www.cargox.com\/noticias\/2018\/03\/27\/colision-de-portacontenedores-maersk-y-msc-en-puerto-callao-peru\/","url":"https:\/\/www.cargox.com\/noticias\/2018\/03\/27\/colision-de-portacontenedores-maersk-y-msc-en-puerto-callao-peru\/","name":"Colisi\u00f3n de portacontenedores de Maersk y MSC en Puerto Callao Peru - Noticias y Art\u00edculos de Cargox","isPartOf":{"@id":"https:\/\/www.cargox.com\/noticias\/#website"},"primaryImageOfPage":{"@id":"https:\/\/www.cargox.com\/noticias\/2018\/03\/27\/colision-de-portacontenedores-maersk-y-msc-en-puerto-callao-peru\/#primaryimage"},"image":{"@id":"https:\/\/www.cargox.com\/noticias\/2018\/03\/27\/colision-de-portacontenedores-maersk-y-msc-en-puerto-callao-peru\/#primaryimage"},"thumbnailUrl":"https:\/\/www.cargox.com\/noticias\/wp-content\/uploads\/2018\/04\/button.png","datePublished":"2018-03-27T16:50:40+00:00","dateModified":"2018-04-04T18:24:54+00:00","author":{"@id":"https:\/\/www.cargox.com\/noticias\/#\/schema\/person\/c432f1d41544d9b7e0d0befcf9005056"},"breadcrumb":{"@id":"https:\/\/www.cargox.com\/noticias\/2018\/03\/27\/colision-de-portacontenedores-maersk-y-msc-en-puerto-callao-peru\/#breadcrumb"},"inLanguage":"es-CR","potentialAction":[{"@type":"ReadAction","target":["https:\/\/www.cargox.com\/noticias\/2018\/03\/27\/colision-de-portacontenedores-maersk-y-msc-en-puerto-callao-peru\/"]}]},{"@type":"ImageObject","inLanguage":"es-CR","@id":"https:\/\/www.cargox.com\/noticias\/2018\/03\/27\/colision-de-portacontenedores-maersk-y-msc-en-puerto-callao-peru\/#primaryimage","url":"https:\/\/www.cargox.com\/noticias\/wp-content\/uploads\/2018\/04\/button.png","contentUrl":"https:\/\/www.cargox.com\/noticias\/wp-content\/uploads\/2018\/04\/button.png"},{"@type":"BreadcrumbList","@id":"https:\/\/www.cargox.com\/noticias\/2018\/03\/27\/colision-de-portacontenedores-maersk-y-msc-en-puerto-callao-peru\/#breadcrumb","itemListElement":[{"@type":"ListItem","position":1,"name":"Home","item":"https:\/\/www.cargox.com\/noticias\/"},{"@type":"ListItem","position":2,"name":"Colisi\u00f3n de portacontenedores de Maersk y MSC en Puerto Callao Peru"}]},{"@type":"WebSite","@id":"https:\/\/www.cargox.com\/noticias\/#website","url":"https:\/\/www.cargox.com\/noticias\/","name":"Noticias y Art\u00edculos de Cargox","description":"Blog de Cargox, para profesionales en log\u00edstica y transporte internacional de carga.","potentialAction":[{"@type":"SearchAction","target":{"@type":"EntryPoint","urlTemplate":"https:\/\/www.cargox.com\/noticias\/?s={search_term_string}"},"query-input":{"@type":"PropertyValueSpecification","valueRequired":true,"valueName":"search_term_string"}}],"inLanguage":"es-CR"},{"@type":"Person","@id":"https:\/\/www.cargox.com\/noticias\/#\/schema\/person\/c432f1d41544d9b7e0d0befcf9005056","name":"gvkadmin","image":{"@type":"ImageObject","inLanguage":"es-CR","@id":"https:\/\/secure.gravatar.com\/avatar\/eb8b9c8fca0ed0dd4bd390a6ef3ed5a3f61d978f75a18e8b9416c09f85088c6d?s=96&d=mm&r=g","url":"https:\/\/secure.gravatar.com\/avatar\/eb8b9c8fca0ed0dd4bd390a6ef3ed5a3f61d978f75a18e8b9416c09f85088c6d?s=96&d=mm&r=g","contentUrl":"https:\/\/secure.gravatar.com\/avatar\/eb8b9c8fca0ed0dd4bd390a6ef3ed5a3f61d978f75a18e8b9416c09f85088c6d?s=96&d=mm&r=g","caption":"gvkadmin"},"description":"Experto en comercio Internacional, Log\u00edstica y Seguros de Transporte de Carga. CEO de Cargox PTY s.a. (www.cargox.com) Experiencia de m\u00e1s de 30 a\u00f1os en Freight Forwarding y Log\u00edstica (www.multitrans-sjo.net). Experto en Inform\u00e1tica y Socio en ComGlobal IT (www.comglobalit.com)","sameAs":["http:\/\/www.cargox.com"],"url":"https:\/\/www.cargox.com\/noticias\/author\/gvkadmin\/"}]}},"_links":{"self":[{"href":"https:\/\/www.cargox.com\/noticias\/wp-json\/wp\/v2\/posts\/96","targetHints":{"allow":["GET"]}}],"collection":[{"href":"https:\/\/www.cargox.com\/noticias\/wp-json\/wp\/v2\/posts"}],"about":[{"href":"https:\/\/www.cargox.com\/noticias\/wp-json\/wp\/v2\/types\/post"}],"author":[{"embeddable":true,"href":"https:\/\/www.cargox.com\/noticias\/wp-json\/wp\/v2\/users\/1"}],"replies":[{"embeddable":true,"href":"https:\/\/www.cargox.com\/noticias\/wp-json\/wp\/v2\/comments?post=96"}],"version-history":[{"count":3,"href":"https:\/\/www.cargox.com\/noticias\/wp-json\/wp\/v2\/posts\/96\/revisions"}],"predecessor-version":[{"id":150,"href":"https:\/\/www.cargox.com\/noticias\/wp-json\/wp\/v2\/posts\/96\/revisions\/150"}],"wp:attachment":[{"href":"https:\/\/www.cargox.com\/noticias\/wp-json\/wp\/v2\/media?parent=96"}],"wp:term":[{"taxonomy":"category","embeddable":true,"href":"https:\/\/www.cargox.com\/noticias\/wp-json\/wp\/v2\/categories?post=96"},{"taxonomy":"post_tag","embeddable":true,"href":"https:\/\/www.cargox.com\/noticias\/wp-json\/wp\/v2\/tags?post=96"}],"curies":[{"name":"wp","href":"https:\/\/api.w.org\/{rel}","templated":true}]}}